{"id":55426,"date":"2026-04-30T18:47:15","date_gmt":"2026-04-30T16:47:15","guid":{"rendered":"https:\/\/www.upo.es\/formacionpermanente\/?p=55426"},"modified":"2026-04-30T18:57:15","modified_gmt":"2026-04-30T16:57:15","slug":"el-proximo-lunes-4-de-mayo-se-presenta-la-vigesimo-cuarta-edicion-de-los-cursos-de-verano-de-olavide-en-carmona","status":"publish","type":"post","link":"https:\/\/www.upo.es\/formacionpermanente\/el-proximo-lunes-4-de-mayo-se-presenta-la-vigesimo-cuarta-edicion-de-los-cursos-de-verano-de-olavide-en-carmona\/","title":{"rendered":"El pr\u00f3ximo lunes 4 de mayo se presenta la vig\u00e9simo cuarta edici\u00f3n de los cursos de verano de Olavide en Carmona"},"content":{"rendered":"<p>El pr\u00f3ximo lunes 4 de mayo, a las 10,30 horas, en el sal\u00f3n de actos de la sede de la Asociaci\u00f3n de la Prensa de Sevilla (Plaza de la Magdalena 9, 4\u00ba B), el rector de la Universidad Pablo de Olavide, <strong>Francisco Oliva Bl\u00e1zquez<\/strong>; el alcalde de Carmona, <strong>Juan \u00c1vila Guti\u00e9rrez<\/strong>; la vicepresidenta primera de la Diputaci\u00f3n de Sevilla, <strong>Cristina Los Arcos Llaneza<\/strong>; el presidente del Consejo Social de la UPO, <strong>Iv\u00e1n Pesta\u00f1a Ruiz<\/strong>; la vicerrectora de Relaciones Institucionales, Formaci\u00f3n Permanente y Fundaciones, <strong>Laura L\u00f3pez de la Cruz<\/strong> y la subdirectora de actividades de la Fundaci\u00f3n Cajasol, <strong>Gloria Ruiz Mart\u00edn<\/strong>, presentar\u00e1n a los medios de comunicaci\u00f3n, en rueda de prensa, la vig\u00e9simo cuarta edici\u00f3n de los Cursos de Verano de la Universidad Pablo de Olavide, que se celebrar\u00e1 en su sede de Carmona.<\/p>\n<p>Tras la presentaci\u00f3n, el periodista de RTVE <strong>Javier Guti\u00e9rrez Nogales<\/strong> pronunciar\u00e1 la conferencia titulada \u201cLa anomal\u00eda de la nueva normalidad\u201d.<\/p>\n<p><strong>Trayectoria profesional<\/strong><\/p>\n<p>Javier Guti\u00e9rrez es licenciado por la Universidad de Sevilla y ha desarrollado la totalidad de su carrera en RTVE. Tras sus inicios en el Centro Territorial de Andaluc\u00eda como redactor, editor y presentador, se traslad\u00f3 a los servicios centrales en Madrid, donde asumi\u00f3 responsabilidades como la jefatura del \u00c1rea de Nacional y la edici\u00f3n de los telediarios de fin de semana. Como enviado especial, cubre conflictos b\u00e9licos y situaciones de cat\u00e1strofes en pa\u00edses como Afganist\u00e1n, L\u00edbano, Hait\u00ed, Rep\u00fablica Dominicana, M\u00e9xico y El Salvador. En 2011 es nombrado corresponsal de TVE en M\u00e9xico y Centroam\u00e9rica y, en 2017, corresponsal en Jerusal\u00e9n.<\/p>\n<p>Su labor como enviado especial le ha permitido informar sobre situaciones como la invasi\u00f3n de Ucrania por Rusia, la guerra de Israel contra Hamas y el conflicto en el Mar Rojo. Actualmente, desempe\u00f1a el cargo de coeditor del Telediario 2 de TVE. Su rigor informativo y amplia experiencia en zonas de conflicto le han valido prestigiosos galardones, entre los que destacan el Premio \u00c1ngel Serradilla, el Premio de Comunicaci\u00f3n Manuel Alonso Vicedo y una Menci\u00f3n Especial de la Asociaci\u00f3n de la Prensa de Sevilla.<\/p>\n","protected":false},"excerpt":{"rendered":"<p>El pr\u00f3ximo lunes 4 de mayo, a las 10,30 horas, en el sal\u00f3n de actos de la sede de la Asociaci\u00f3n de la Prensa de Sevilla (Plaza de la Magdalena 9, 4\u00ba B), el rector de la Universidad Pablo de Olavide, Francisco Oliva Bl\u00e1zquez; el alcalde de Carmona, Juan \u00c1vila Guti\u00e9rrez; la vicepresidenta primera de [&hellip;]<\/p>\n","protected":false},"author":13,"featured_media":47597,"comment_status":"open","ping_status":"open","sticky":false,"template":"","format":"standard","meta":{"_acf_changed":false,"site-sidebar-layout":"default","site-content-layout":"","ast-site-content-layout":"default","site-content-style":"default","site-sidebar-style":"default","ast-global-header-display":"","ast-banner-title-visibility":"","ast-main-header-display":"","ast-hfb-above-header-display":"","ast-hfb-below-header-display":"","ast-hfb-mobile-header-display":"","site-post-title":"","ast-breadcrumbs-content":"","ast-featured-img":"","footer-sml-layout":"","ast-disable-related-posts":"","theme-transparent-header-meta":"default","adv-header-id-meta":"","stick-header-meta":"","header-above-stick-meta":"","header-main-stick-meta":"","header-below-stick-meta":"","astra-migrate-meta-layouts":"set","ast-page-background-enabled":"default","ast-page-background-meta":{"desktop":{"background-color":"var(--ast-global-color-4)","background-image":"","background-repeat":"repeat","background-position":"center center","background-size":"auto","background-attachment":"scroll","background-type":"","background-media":"","overlay-type":"","overlay-color":"","overlay-opacity":"","overlay-gradient":""},"tablet":{"background-color":"","background-image":"","background-repeat":"repeat","background-position":"center center","background-size":"auto","background-attachment":"scroll","background-type":"","background-media":"","overlay-type":"","overlay-color":"","overlay-opacity":"","overlay-gradient":""},"mobile":{"background-color":"","background-image":"","background-repeat":"repeat","background-position":"center center","background-size":"auto","background-attachment":"scroll","background-type":"","background-media":"","overlay-type":"","overlay-color":"","overlay-opacity":"","overlay-gradient":""}},"ast-content-background-meta":{"desktop":{"background-color":"var(--ast-global-color-5)","background-image":"","background-repeat":"repeat","background-position":"center center","background-size":"auto","background-attachment":"scroll","background-type":"","background-media":"","overlay-type":"","overlay-color":"","overlay-opacity":"","overlay-gradient":""},"tablet":{"background-color":"var(--ast-global-color-5)","background-image":"","background-repeat":"repeat","background-position":"center center","background-size":"auto","background-attachment":"scroll","background-type":"","background-media":"","overlay-type":"","overlay-color":"","overlay-opacity":"","overlay-gradient":""},"mobile":{"background-color":"var(--ast-global-color-5)","background-image":"","background-repeat":"repeat","background-position":"center center","background-size":"auto","background-attachment":"scroll","background-type":"","background-media":"","overlay-type":"","overlay-color":"","overlay-opacity":"","overlay-gradient":""}},"footnotes":""},"categories":[631,16,698],"tags":[],"class_list":["post-55426","post","type-post","status-publish","format-standard","has-post-thumbnail","hentry","category-2025-2026","category-cursos-de-verano","category-olavide-en-carmona"],"acf":[],"yoast_head":"<!-- This site is optimized with the Yoast SEO plugin v27.5 - https:\/\/yoast.com\/product\/yoast-seo-wordpress\/ -->\n<title>El pr\u00f3ximo lunes 4 de mayo se presenta la vig\u00e9simo cuarta edici\u00f3n de los cursos de verano de Olavide en Carmona - Formaci\u00f3n Permanente UPO<\/title>\n<meta name=\"robots\" content=\"index, follow, max-snippet:-1, max-image-preview:large, max-video-preview:-1\" \/>\n<link rel=\"canonical\" href=\"https:\/\/www.upo.es\/formacionpermanente\/el-proximo-lunes-4-de-mayo-se-presenta-la-vigesimo-cuarta-edicion-de-los-cursos-de-verano-de-olavide-en-carmona\/\" \/>\n<meta property=\"og:locale\" content=\"es_ES\" \/>\n<meta property=\"og:type\" content=\"article\" \/>\n<meta property=\"og:title\" content=\"El pr\u00f3ximo lunes 4 de mayo se presenta la vig\u00e9simo cuarta edici\u00f3n de los cursos de verano de Olavide en Carmona - Formaci\u00f3n Permanente UPO\" \/>\n<meta property=\"og:description\" content=\"El pr\u00f3ximo lunes 4 de mayo, a las 10,30 horas, en el sal\u00f3n de actos de la sede de la Asociaci\u00f3n de la Prensa de Sevilla (Plaza de la Magdalena 9, 4\u00ba B), el rector de la Universidad Pablo de Olavide, Francisco Oliva Bl\u00e1zquez; el alcalde de Carmona, Juan \u00c1vila Guti\u00e9rrez; la vicepresidenta primera de [&hellip;]\" \/>\n<meta property=\"og:url\" content=\"https:\/\/www.upo.es\/formacionpermanente\/el-proximo-lunes-4-de-mayo-se-presenta-la-vigesimo-cuarta-edicion-de-los-cursos-de-verano-de-olavide-en-carmona\/\" \/>\n<meta property=\"og:site_name\" content=\"Formaci\u00f3n Permanente UPO\" \/>\n<meta property=\"article:published_time\" content=\"2026-04-30T16:47:15+00:00\" \/>\n<meta property=\"article:modified_time\" content=\"2026-04-30T16:57:15+00:00\" \/>\n<meta property=\"og:image\" content=\"https:\/\/www.upo.es\/formacionpermanente\/wp-content\/imagenes\/uploads\/2025\/07\/Alumnos-1-scaled.jpg\" \/>\n\t<meta property=\"og:image:width\" content=\"2560\" \/>\n\t<meta property=\"og:image:height\" content=\"1707\" \/>\n\t<meta property=\"og:image:type\" content=\"image\/jpeg\" \/>\n<meta name=\"author\" content=\"Rosario Heredia Tirado\" \/>\n<meta name=\"twitter:card\" content=\"summary_large_image\" \/>\n<meta name=\"twitter:label1\" content=\"Escrito por\" \/>\n\t<meta name=\"twitter:data1\" content=\"Rosario Heredia Tirado\" \/>\n\t<meta name=\"twitter:label2\" content=\"Tiempo de lectura\" \/>\n\t<meta name=\"twitter:data2\" content=\"2 minutos\" \/>\n<script type=\"application\/ld+json\" class=\"yoast-schema-graph\">{\"@context\":\"https:\\\/\\\/schema.org\",\"@graph\":[{\"@type\":\"Article\",\"@id\":\"https:\\\/\\\/www.upo.es\\\/formacionpermanente\\\/el-proximo-lunes-4-de-mayo-se-presenta-la-vigesimo-cuarta-edicion-de-los-cursos-de-verano-de-olavide-en-carmona\\\/#article\",\"isPartOf\":{\"@id\":\"https:\\\/\\\/www.upo.es\\\/formacionpermanente\\\/el-proximo-lunes-4-de-mayo-se-presenta-la-vigesimo-cuarta-edicion-de-los-cursos-de-verano-de-olavide-en-carmona\\\/\"},\"author\":{\"name\":\"Rosario Heredia Tirado\",\"@id\":\"https:\\\/\\\/www.upo.es\\\/formacionpermanente\\\/#\\\/schema\\\/person\\\/b8a4172b1d7f0d6b60c9ad7e0cc39165\"},\"headline\":\"El pr\u00f3ximo lunes 4 de mayo se presenta la vig\u00e9simo cuarta edici\u00f3n de los cursos de verano de Olavide en Carmona\",\"datePublished\":\"2026-04-30T16:47:15+00:00\",\"dateModified\":\"2026-04-30T16:57:15+00:00\",\"mainEntityOfPage\":{\"@id\":\"https:\\\/\\\/www.upo.es\\\/formacionpermanente\\\/el-proximo-lunes-4-de-mayo-se-presenta-la-vigesimo-cuarta-edicion-de-los-cursos-de-verano-de-olavide-en-carmona\\\/\"},\"wordCount\":392,\"commentCount\":0,\"publisher\":{\"@id\":\"https:\\\/\\\/www.upo.es\\\/formacionpermanente\\\/#organization\"},\"image\":{\"@id\":\"https:\\\/\\\/www.upo.es\\\/formacionpermanente\\\/el-proximo-lunes-4-de-mayo-se-presenta-la-vigesimo-cuarta-edicion-de-los-cursos-de-verano-de-olavide-en-carmona\\\/#primaryimage\"},\"thumbnailUrl\":\"https:\\\/\\\/www.upo.es\\\/formacionpermanente\\\/wp-content\\\/imagenes\\\/uploads\\\/2025\\\/07\\\/Alumnos-1-scaled.jpg\",\"articleSection\":[\"2025-2026\",\"Cursos de Verano\",\"Olavide en Carmona\"],\"inLanguage\":\"es\",\"potentialAction\":[{\"@type\":\"CommentAction\",\"name\":\"Comment\",\"target\":[\"https:\\\/\\\/www.upo.es\\\/formacionpermanente\\\/el-proximo-lunes-4-de-mayo-se-presenta-la-vigesimo-cuarta-edicion-de-los-cursos-de-verano-de-olavide-en-carmona\\\/#respond\"]}]},{\"@type\":\"WebPage\",\"@id\":\"https:\\\/\\\/www.upo.es\\\/formacionpermanente\\\/el-proximo-lunes-4-de-mayo-se-presenta-la-vigesimo-cuarta-edicion-de-los-cursos-de-verano-de-olavide-en-carmona\\\/\",\"url\":\"https:\\\/\\\/www.upo.es\\\/formacionpermanente\\\/el-proximo-lunes-4-de-mayo-se-presenta-la-vigesimo-cuarta-edicion-de-los-cursos-de-verano-de-olavide-en-carmona\\\/\",\"name\":\"El pr\u00f3ximo lunes 4 de mayo se presenta la vig\u00e9simo cuarta edici\u00f3n de los cursos de verano de Olavide en Carmona - Formaci\u00f3n Permanente UPO\",\"isPartOf\":{\"@id\":\"https:\\\/\\\/www.upo.es\\\/formacionpermanente\\\/#website\"},\"primaryImageOfPage\":{\"@id\":\"https:\\\/\\\/www.upo.es\\\/formacionpermanente\\\/el-proximo-lunes-4-de-mayo-se-presenta-la-vigesimo-cuarta-edicion-de-los-cursos-de-verano-de-olavide-en-carmona\\\/#primaryimage\"},\"image\":{\"@id\":\"https:\\\/\\\/www.upo.es\\\/formacionpermanente\\\/el-proximo-lunes-4-de-mayo-se-presenta-la-vigesimo-cuarta-edicion-de-los-cursos-de-verano-de-olavide-en-carmona\\\/#primaryimage\"},\"thumbnailUrl\":\"https:\\\/\\\/www.upo.es\\\/formacionpermanente\\\/wp-content\\\/imagenes\\\/uploads\\\/2025\\\/07\\\/Alumnos-1-scaled.jpg\",\"datePublished\":\"2026-04-30T16:47:15+00:00\",\"dateModified\":\"2026-04-30T16:57:15+00:00\",\"breadcrumb\":{\"@id\":\"https:\\\/\\\/www.upo.es\\\/formacionpermanente\\\/el-proximo-lunes-4-de-mayo-se-presenta-la-vigesimo-cuarta-edicion-de-los-cursos-de-verano-de-olavide-en-carmona\\\/#breadcrumb\"},\"inLanguage\":\"es\",\"potentialAction\":[{\"@type\":\"ReadAction\",\"target\":[\"https:\\\/\\\/www.upo.es\\\/formacionpermanente\\\/el-proximo-lunes-4-de-mayo-se-presenta-la-vigesimo-cuarta-edicion-de-los-cursos-de-verano-de-olavide-en-carmona\\\/\"]}]},{\"@type\":\"ImageObject\",\"inLanguage\":\"es\",\"@id\":\"https:\\\/\\\/www.upo.es\\\/formacionpermanente\\\/el-proximo-lunes-4-de-mayo-se-presenta-la-vigesimo-cuarta-edicion-de-los-cursos-de-verano-de-olavide-en-carmona\\\/#primaryimage\",\"url\":\"https:\\\/\\\/www.upo.es\\\/formacionpermanente\\\/wp-content\\\/imagenes\\\/uploads\\\/2025\\\/07\\\/Alumnos-1-scaled.jpg\",\"contentUrl\":\"https:\\\/\\\/www.upo.es\\\/formacionpermanente\\\/wp-content\\\/imagenes\\\/uploads\\\/2025\\\/07\\\/Alumnos-1-scaled.jpg\",\"width\":2560,\"height\":1707},{\"@type\":\"BreadcrumbList\",\"@id\":\"https:\\\/\\\/www.upo.es\\\/formacionpermanente\\\/el-proximo-lunes-4-de-mayo-se-presenta-la-vigesimo-cuarta-edicion-de-los-cursos-de-verano-de-olavide-en-carmona\\\/#breadcrumb\",\"itemListElement\":[{\"@type\":\"ListItem\",\"position\":1,\"name\":\"Portada\",\"item\":\"https:\\\/\\\/www.upo.es\\\/formacionpermanente\\\/\"},{\"@type\":\"ListItem\",\"position\":2,\"name\":\"El pr\u00f3ximo lunes 4 de mayo se presenta la vig\u00e9simo cuarta edici\u00f3n de los cursos de verano de Olavide en Carmona\"}]},{\"@type\":\"WebSite\",\"@id\":\"https:\\\/\\\/www.upo.es\\\/formacionpermanente\\\/#website\",\"url\":\"https:\\\/\\\/www.upo.es\\\/formacionpermanente\\\/\",\"name\":\"Formaci\u00f3n Permanente UPO\",\"description\":\"T\u00edtulos Propios, Microcredenciales, Cursos de Verano\",\"publisher\":{\"@id\":\"https:\\\/\\\/www.upo.es\\\/formacionpermanente\\\/#organization\"},\"potentialAction\":[{\"@type\":\"SearchAction\",\"target\":{\"@type\":\"EntryPoint\",\"urlTemplate\":\"https:\\\/\\\/www.upo.es\\\/formacionpermanente\\\/?s={search_term_string}\"},\"query-input\":{\"@type\":\"PropertyValueSpecification\",\"valueRequired\":true,\"valueName\":\"search_term_string\"}}],\"inLanguage\":\"es\"},{\"@type\":\"Organization\",\"@id\":\"https:\\\/\\\/www.upo.es\\\/formacionpermanente\\\/#organization\",\"name\":\"Formaci\u00f3n Permanente Universidad Pablo de Olavide\",\"alternateName\":\"Formaci\u00f3n Permanente UPO\",\"url\":\"https:\\\/\\\/www.upo.es\\\/formacionpermanente\\\/\",\"logo\":{\"@type\":\"ImageObject\",\"inLanguage\":\"es\",\"@id\":\"https:\\\/\\\/www.upo.es\\\/formacionpermanente\\\/#\\\/schema\\\/logo\\\/image\\\/\",\"url\":\"https:\\\/\\\/www.upo.es\\\/formacionpermanente\\\/wp-content\\\/imagenes\\\/uploads\\\/2023\\\/02\\\/Logo-UPO-azul-amarillo-horizontal.png\",\"contentUrl\":\"https:\\\/\\\/www.upo.es\\\/formacionpermanente\\\/wp-content\\\/imagenes\\\/uploads\\\/2023\\\/02\\\/Logo-UPO-azul-amarillo-horizontal.png\",\"width\":1000,\"height\":407,\"caption\":\"Formaci\u00f3n Permanente Universidad Pablo de Olavide\"},\"image\":{\"@id\":\"https:\\\/\\\/www.upo.es\\\/formacionpermanente\\\/#\\\/schema\\\/logo\\\/image\\\/\"}},{\"@type\":\"Person\",\"@id\":\"https:\\\/\\\/www.upo.es\\\/formacionpermanente\\\/#\\\/schema\\\/person\\\/b8a4172b1d7f0d6b60c9ad7e0cc39165\",\"name\":\"Rosario Heredia Tirado\",\"image\":{\"@type\":\"ImageObject\",\"inLanguage\":\"es\",\"@id\":\"https:\\\/\\\/secure.gravatar.com\\\/avatar\\\/e71ee4642062ca191746d52b80a5c79974abf65afbc75fb64d39cebd9ddd8ab4?s=96&d=mm&r=g\",\"url\":\"https:\\\/\\\/secure.gravatar.com\\\/avatar\\\/e71ee4642062ca191746d52b80a5c79974abf65afbc75fb64d39cebd9ddd8ab4?s=96&d=mm&r=g\",\"contentUrl\":\"https:\\\/\\\/secure.gravatar.com\\\/avatar\\\/e71ee4642062ca191746d52b80a5c79974abf65afbc75fb64d39cebd9ddd8ab4?s=96&d=mm&r=g\",\"caption\":\"Rosario Heredia Tirado\"},\"url\":\"https:\\\/\\\/www.upo.es\\\/formacionpermanente\\\/author\\\/rhertir\\\/\"}]}<\/script>\n<!-- \/ Yoast SEO plugin. -->","yoast_head_json":{"title":"El pr\u00f3ximo lunes 4 de mayo se presenta la vig\u00e9simo cuarta edici\u00f3n de los cursos de verano de Olavide en Carmona - Formaci\u00f3n Permanente UPO","robots":{"index":"index","follow":"follow","max-snippet":"max-snippet:-1","max-image-preview":"max-image-preview:large","max-video-preview":"max-video-preview:-1"},"canonical":"https:\/\/www.upo.es\/formacionpermanente\/el-proximo-lunes-4-de-mayo-se-presenta-la-vigesimo-cuarta-edicion-de-los-cursos-de-verano-de-olavide-en-carmona\/","og_locale":"es_ES","og_type":"article","og_title":"El pr\u00f3ximo lunes 4 de mayo se presenta la vig\u00e9simo cuarta edici\u00f3n de los cursos de verano de Olavide en Carmona - Formaci\u00f3n Permanente UPO","og_description":"El pr\u00f3ximo lunes 4 de mayo, a las 10,30 horas, en el sal\u00f3n de actos de la sede de la Asociaci\u00f3n de la Prensa de Sevilla (Plaza de la Magdalena 9, 4\u00ba B), el rector de la Universidad Pablo de Olavide, Francisco Oliva Bl\u00e1zquez; el alcalde de Carmona, Juan \u00c1vila Guti\u00e9rrez; la vicepresidenta primera de [&hellip;]","og_url":"https:\/\/www.upo.es\/formacionpermanente\/el-proximo-lunes-4-de-mayo-se-presenta-la-vigesimo-cuarta-edicion-de-los-cursos-de-verano-de-olavide-en-carmona\/","og_site_name":"Formaci\u00f3n Permanente UPO","article_published_time":"2026-04-30T16:47:15+00:00","article_modified_time":"2026-04-30T16:57:15+00:00","og_image":[{"width":2560,"height":1707,"url":"https:\/\/www.upo.es\/formacionpermanente\/wp-content\/imagenes\/uploads\/2025\/07\/Alumnos-1-scaled.jpg","type":"image\/jpeg"}],"author":"Rosario Heredia Tirado","twitter_card":"summary_large_image","twitter_misc":{"Escrito por":"Rosario Heredia Tirado","Tiempo de lectura":"2 minutos"},"schema":{"@context":"https:\/\/schema.org","@graph":[{"@type":"Article","@id":"https:\/\/www.upo.es\/formacionpermanente\/el-proximo-lunes-4-de-mayo-se-presenta-la-vigesimo-cuarta-edicion-de-los-cursos-de-verano-de-olavide-en-carmona\/#article","isPartOf":{"@id":"https:\/\/www.upo.es\/formacionpermanente\/el-proximo-lunes-4-de-mayo-se-presenta-la-vigesimo-cuarta-edicion-de-los-cursos-de-verano-de-olavide-en-carmona\/"},"author":{"name":"Rosario Heredia Tirado","@id":"https:\/\/www.upo.es\/formacionpermanente\/#\/schema\/person\/b8a4172b1d7f0d6b60c9ad7e0cc39165"},"headline":"El pr\u00f3ximo lunes 4 de mayo se presenta la vig\u00e9simo cuarta edici\u00f3n de los cursos de verano de Olavide en Carmona","datePublished":"2026-04-30T16:47:15+00:00","dateModified":"2026-04-30T16:57:15+00:00","mainEntityOfPage":{"@id":"https:\/\/www.upo.es\/formacionpermanente\/el-proximo-lunes-4-de-mayo-se-presenta-la-vigesimo-cuarta-edicion-de-los-cursos-de-verano-de-olavide-en-carmona\/"},"wordCount":392,"commentCount":0,"publisher":{"@id":"https:\/\/www.upo.es\/formacionpermanente\/#organization"},"image":{"@id":"https:\/\/www.upo.es\/formacionpermanente\/el-proximo-lunes-4-de-mayo-se-presenta-la-vigesimo-cuarta-edicion-de-los-cursos-de-verano-de-olavide-en-carmona\/#primaryimage"},"thumbnailUrl":"https:\/\/www.upo.es\/formacionpermanente\/wp-content\/imagenes\/uploads\/2025\/07\/Alumnos-1-scaled.jpg","articleSection":["2025-2026","Cursos de Verano","Olavide en Carmona"],"inLanguage":"es","potentialAction":[{"@type":"CommentAction","name":"Comment","target":["https:\/\/www.upo.es\/formacionpermanente\/el-proximo-lunes-4-de-mayo-se-presenta-la-vigesimo-cuarta-edicion-de-los-cursos-de-verano-de-olavide-en-carmona\/#respond"]}]},{"@type":"WebPage","@id":"https:\/\/www.upo.es\/formacionpermanente\/el-proximo-lunes-4-de-mayo-se-presenta-la-vigesimo-cuarta-edicion-de-los-cursos-de-verano-de-olavide-en-carmona\/","url":"https:\/\/www.upo.es\/formacionpermanente\/el-proximo-lunes-4-de-mayo-se-presenta-la-vigesimo-cuarta-edicion-de-los-cursos-de-verano-de-olavide-en-carmona\/","name":"El pr\u00f3ximo lunes 4 de mayo se presenta la vig\u00e9simo cuarta edici\u00f3n de los cursos de verano de Olavide en Carmona - Formaci\u00f3n Permanente UPO","isPartOf":{"@id":"https:\/\/www.upo.es\/formacionpermanente\/#website"},"primaryImageOfPage":{"@id":"https:\/\/www.upo.es\/formacionpermanente\/el-proximo-lunes-4-de-mayo-se-presenta-la-vigesimo-cuarta-edicion-de-los-cursos-de-verano-de-olavide-en-carmona\/#primaryimage"},"image":{"@id":"https:\/\/www.upo.es\/formacionpermanente\/el-proximo-lunes-4-de-mayo-se-presenta-la-vigesimo-cuarta-edicion-de-los-cursos-de-verano-de-olavide-en-carmona\/#primaryimage"},"thumbnailUrl":"https:\/\/www.upo.es\/formacionpermanente\/wp-content\/imagenes\/uploads\/2025\/07\/Alumnos-1-scaled.jpg","datePublished":"2026-04-30T16:47:15+00:00","dateModified":"2026-04-30T16:57:15+00:00","breadcrumb":{"@id":"https:\/\/www.upo.es\/formacionpermanente\/el-proximo-lunes-4-de-mayo-se-presenta-la-vigesimo-cuarta-edicion-de-los-cursos-de-verano-de-olavide-en-carmona\/#breadcrumb"},"inLanguage":"es","potentialAction":[{"@type":"ReadAction","target":["https:\/\/www.upo.es\/formacionpermanente\/el-proximo-lunes-4-de-mayo-se-presenta-la-vigesimo-cuarta-edicion-de-los-cursos-de-verano-de-olavide-en-carmona\/"]}]},{"@type":"ImageObject","inLanguage":"es","@id":"https:\/\/www.upo.es\/formacionpermanente\/el-proximo-lunes-4-de-mayo-se-presenta-la-vigesimo-cuarta-edicion-de-los-cursos-de-verano-de-olavide-en-carmona\/#primaryimage","url":"https:\/\/www.upo.es\/formacionpermanente\/wp-content\/imagenes\/uploads\/2025\/07\/Alumnos-1-scaled.jpg","contentUrl":"https:\/\/www.upo.es\/formacionpermanente\/wp-content\/imagenes\/uploads\/2025\/07\/Alumnos-1-scaled.jpg","width":2560,"height":1707},{"@type":"BreadcrumbList","@id":"https:\/\/www.upo.es\/formacionpermanente\/el-proximo-lunes-4-de-mayo-se-presenta-la-vigesimo-cuarta-edicion-de-los-cursos-de-verano-de-olavide-en-carmona\/#breadcrumb","itemListElement":[{"@type":"ListItem","position":1,"name":"Portada","item":"https:\/\/www.upo.es\/formacionpermanente\/"},{"@type":"ListItem","position":2,"name":"El pr\u00f3ximo lunes 4 de mayo se presenta la vig\u00e9simo cuarta edici\u00f3n de los cursos de verano de Olavide en Carmona"}]},{"@type":"WebSite","@id":"https:\/\/www.upo.es\/formacionpermanente\/#website","url":"https:\/\/www.upo.es\/formacionpermanente\/","name":"Formaci\u00f3n Permanente UPO","description":"T\u00edtulos Propios, Microcredenciales, Cursos de Verano","publisher":{"@id":"https:\/\/www.upo.es\/formacionpermanente\/#organization"},"potentialAction":[{"@type":"SearchAction","target":{"@type":"EntryPoint","urlTemplate":"https:\/\/www.upo.es\/formacionpermanente\/?s={search_term_string}"},"query-input":{"@type":"PropertyValueSpecification","valueRequired":true,"valueName":"search_term_string"}}],"inLanguage":"es"},{"@type":"Organization","@id":"https:\/\/www.upo.es\/formacionpermanente\/#organization","name":"Formaci\u00f3n Permanente Universidad Pablo de Olavide","alternateName":"Formaci\u00f3n Permanente UPO","url":"https:\/\/www.upo.es\/formacionpermanente\/","logo":{"@type":"ImageObject","inLanguage":"es","@id":"https:\/\/www.upo.es\/formacionpermanente\/#\/schema\/logo\/image\/","url":"https:\/\/www.upo.es\/formacionpermanente\/wp-content\/imagenes\/uploads\/2023\/02\/Logo-UPO-azul-amarillo-horizontal.png","contentUrl":"https:\/\/www.upo.es\/formacionpermanente\/wp-content\/imagenes\/uploads\/2023\/02\/Logo-UPO-azul-amarillo-horizontal.png","width":1000,"height":407,"caption":"Formaci\u00f3n Permanente Universidad Pablo de Olavide"},"image":{"@id":"https:\/\/www.upo.es\/formacionpermanente\/#\/schema\/logo\/image\/"}},{"@type":"Person","@id":"https:\/\/www.upo.es\/formacionpermanente\/#\/schema\/person\/b8a4172b1d7f0d6b60c9ad7e0cc39165","name":"Rosario Heredia Tirado","image":{"@type":"ImageObject","inLanguage":"es","@id":"https:\/\/secure.gravatar.com\/avatar\/e71ee4642062ca191746d52b80a5c79974abf65afbc75fb64d39cebd9ddd8ab4?s=96&d=mm&r=g","url":"https:\/\/secure.gravatar.com\/avatar\/e71ee4642062ca191746d52b80a5c79974abf65afbc75fb64d39cebd9ddd8ab4?s=96&d=mm&r=g","contentUrl":"https:\/\/secure.gravatar.com\/avatar\/e71ee4642062ca191746d52b80a5c79974abf65afbc75fb64d39cebd9ddd8ab4?s=96&d=mm&r=g","caption":"Rosario Heredia Tirado"},"url":"https:\/\/www.upo.es\/formacionpermanente\/author\/rhertir\/"}]}},"_links":{"self":[{"href":"https:\/\/www.upo.es\/formacionpermanente\/wp-json\/wp\/v2\/posts\/55426","targetHints":{"allow":["GET"]}}],"collection":[{"href":"https:\/\/www.upo.es\/formacionpermanente\/wp-json\/wp\/v2\/posts"}],"about":[{"href":"https:\/\/www.upo.es\/formacionpermanente\/wp-json\/wp\/v2\/types\/post"}],"author":[{"embeddable":true,"href":"https:\/\/www.upo.es\/formacionpermanente\/wp-json\/wp\/v2\/users\/13"}],"replies":[{"embeddable":true,"href":"https:\/\/www.upo.es\/formacionpermanente\/wp-json\/wp\/v2\/comments?post=55426"}],"version-history":[{"count":1,"href":"https:\/\/www.upo.es\/formacionpermanente\/wp-json\/wp\/v2\/posts\/55426\/revisions"}],"predecessor-version":[{"id":55427,"href":"https:\/\/www.upo.es\/formacionpermanente\/wp-json\/wp\/v2\/posts\/55426\/revisions\/55427"}],"wp:featuredmedia":[{"embeddable":true,"href":"https:\/\/www.upo.es\/formacionpermanente\/wp-json\/wp\/v2\/media\/47597"}],"wp:attachment":[{"href":"https:\/\/www.upo.es\/formacionpermanente\/wp-json\/wp\/v2\/media?parent=55426"}],"wp:term":[{"taxonomy":"category","embeddable":true,"href":"https:\/\/www.upo.es\/formacionpermanente\/wp-json\/wp\/v2\/categories?post=55426"},{"taxonomy":"post_tag","embeddable":true,"href":"https:\/\/www.upo.es\/formacionpermanente\/wp-json\/wp\/v2\/tags?post=55426"}],"curies":[{"name":"wp","href":"https:\/\/api.w.org\/{rel}","templated":true}]}}