{"id":18952,"date":"2017-10-05T16:52:45","date_gmt":"2017-10-05T14:52:45","guid":{"rendered":"https:\/\/www.upo.es\/fundaciones\/?p=18952"},"modified":"2021-12-17T12:38:10","modified_gmt":"2021-12-17T12:38:10","slug":"la-universidad-pablo-de-olavide-celebra-la-feria-gastronomica-y-de-artesania-nuevas-poblaciones-2","status":"publish","type":"post","link":"https:\/\/www.upo.es\/fundacionmunicipios\/la-universidad-pablo-de-olavide-celebra-la-feria-gastronomica-y-de-artesania-nuevas-poblaciones-2\/","title":{"rendered":"La Universidad Pablo de Olavide celebra la Feria Gastron\u00f3mica y de Artesan\u00eda Nuevas Poblaciones"},"content":{"rendered":"<div class=\"fusion-fullwidth fullwidth-box fusion-builder-row-1 fusion-flex-container nonhundred-percent-fullwidth non-hundred-percent-height-scrolling\" style=\"--awb-border-radius-top-left:0px;--awb-border-radius-top-right:0px;--awb-border-radius-bottom-right:0px;--awb-border-radius-bottom-left:0px;--awb-flex-wrap:wrap;\" ><div class=\"fusion-builder-row fusion-row fusion-flex-align-items-flex-start fusion-flex-content-wrap\" style=\"max-width:1248px;margin-left: calc(-4% \/ 2 );margin-right: calc(-4% \/ 2 );\"><div class=\"fusion-layout-column fusion_builder_column fusion-builder-column-0 fusion_builder_column_1_1 1_1 fusion-flex-column\" style=\"--awb-bg-size:cover;--awb-width-large:100%;--awb-margin-top-large:0px;--awb-spacing-right-large:1.92%;--awb-margin-bottom-large:0px;--awb-spacing-left-large:1.92%;--awb-width-medium:100%;--awb-spacing-right-medium:1.92%;--awb-spacing-left-medium:1.92%;--awb-width-small:100%;--awb-spacing-right-small:1.92%;--awb-spacing-left-small:1.92%;\"><div class=\"fusion-column-wrapper fusion-flex-justify-content-flex-start fusion-content-layout-column\"><div class=\"fusion-text fusion-text-1\" style=\"--awb-text-transform:none;\"><p><strong>El rector de la UPO ha inaugurado este mediod\u00eda este evento, que se celebra hoy y ma\u00f1ana en la Plaza de Am\u00e9rica de la UPO y contar\u00e1 con una zona gastron\u00f3mica para degustar tapas t\u00edpicas de estos pueblos.<\/strong><\/p>\n<p><strong>Esta tarde tendr\u00e1 lugar el concierto de apertura del curso acad\u00e9mico de la UPO, que este a\u00f1o se enmarca en el vig\u00e9simo aniversario de la Universidad y en la celebraci\u00f3n de los 250 a\u00f1os de la fundaci\u00f3n de las Nuevas Poblaciones.<\/strong><\/p>\n<\/div><div class=\"fusion-text fusion-text-2\"><p>El rector de la Universidad Pablo de Olavide, Vicente Guzm\u00e1n Fluja, ha inaugurado este mediod\u00eda la Feria Gastron\u00f3mica y de Artesan\u00eda Nuevas Poblaciones, un evento que se celebrar\u00e1 durante este jueves y ma\u00f1ana viernes y que se enmarca en el 250 aniversario del fuero fundacional de los municipios vinculados a la figura del ilustrado peruano Pablo de Olavide. El objetivo principal del mismo es acercar a la universidad la historia, la gastronom\u00eda y las tradiciones de estos pueblos, fundados por Pablo de Olavide.<\/p>\n<p>En el acto, el rector ha estado acompa\u00f1ado por la presidenta del Consejo Social de la UPO, Amparo Rubiales Torrej\u00f3n y el alcalde de La Carlota, Antonio Granados Miranda, en representaci\u00f3n de todos las localidades participantes. Asimismo, tambi\u00e9n han estado presentes el vicepresidente ejecutivo de la Fundaci\u00f3n de Municipios Pablo de Olavide, David Naranjo Gil; miembros del equipo de gobierno de la UPO y autoridades municipales de las localidades que integran la Fundaci\u00f3n: Aldeaquemada, Arquillos, Ca\u00f1ada Rosal, Carboneros, Fuente Palmera, Guarrom\u00e1n, La Carlota, La Carolina, La Luisiana, Montiz\u00f3n, Prado del Rey, San Sebasti\u00e1n de los Ballesteros, Santa Elena, Baeza y Dos Hermanas.<\/p>\n<p>Este encuentro se enmarca en el 250 aniversario del fuero fundacional que en 1767 dio lugar a las Nuevas Poblaciones, un proyecto ilustrado encomendado a Pablo de Olavide bajo el reinado de Carlos III y que consist\u00eda en poblar grandes extensiones despobladas en el Camino Real de Andaluc\u00eda. Adem\u00e1s, esta feria es uno de los primeros actos programados para la celebraci\u00f3n del vig\u00e9simo aniversario de la UPO.<\/p>\n<p>La feria, en la que est\u00e1n presentes 15 municipios de las provincias de Ja\u00e9n, C\u00f3rdoba, Sevilla y C\u00e1diz, contar\u00e1 con stands de estos pueblos en los que expondr\u00e1n su cultura y artesan\u00eda y habr\u00e1 una zona gastron\u00f3mica com\u00fan en la que se podr\u00e1n degustar platos t\u00edpicos de estas regiones. Al adquirir la bebida por un euro, se entregar\u00e1 el ticket para una tapa gratis. El horario de esta zona gastron\u00f3mica ser\u00e1 de 12 a 17 horas, los dos d\u00edas y el jueves tambi\u00e9n por la tarde, de 19 a 22 horas.<\/p>\n<p>Dentro del programa de actividades, se incluye el concierto de inauguraci\u00f3n del curso acad\u00e9mico que tendr\u00e1 lugar hoy jueves a las 20 horas en el Paraninfo de la Universidad. Un concierto que estar\u00e1 a cargo de la orquesta sinf\u00f3nica de la Compa\u00f1\u00eda Sevillana de Zarzuela y de la soprano Luc\u00eda Tavira y que contar\u00e1 con la direcci\u00f3n musical de Elena Mart\u00ednez y la presentaci\u00f3n de Javier S\u00e1nchez-Rivas. El programa del concierto estar\u00e1 compuesto en su mayor\u00eda por obras ambientadas entre el siglo XVIII y el XIX y se realizar\u00e1 una semblanza de la fundaci\u00f3n de los municipios y de la figura de Pablo de Olavide a trav\u00e9s de la m\u00fasica.<\/p>\n<p>Por su parte, ma\u00f1ana 6 de octubre, a las 12,00 horas, se entregar\u00e1 el XII Premio de Ensayo Pablo de Olavide, que otorga la Fundaci\u00f3n de Municipios Pablo de Olavide y que en esta edici\u00f3n recae en la obra Mar\u00eda del Rosario Fern\u00e1ndez \u201cLa Tirana\u201d 1755-1803. Una actriz en la \u00e9poca de Olavide, de Jos\u00e9 Mar\u00eda Mart\u00edn Valverde.<\/p>\n<p>Para concluir la programaci\u00f3n, el viernes a mediod\u00eda la \u2018Orden de los Caballeros de la Cuchara de Palo\u2019, conocida por su af\u00e1n de conservaci\u00f3n del patrimonio gastron\u00f3mico, culinario y cultural de los pueblos de Andaluc\u00eda, har\u00e1 una menci\u00f3n a la mejor tapa de la feria.<\/p>\n<p>Las Nuevas Poblaciones presentes en esta Feria son: Aldeaquemada, Arquillos, Ca\u00f1ada Rosal, Carboneros, Fuente Palmera, Guarrom\u00e1n, La Carlota, La Carolina, La Luisiana, Montiz\u00f3n, Prado del Rey, San Sebasti\u00e1n de los Ballesteros y Santa Elena. Adem\u00e1s, tambi\u00e9n participan Baeza, localidad en la que est\u00e1 enterrado Pablo de Olavide, y Dos Hermanas, ambas ciudades integrantes tambi\u00e9n del Patronato de la Fundaci\u00f3n de Municipios Pablo de Olavide.<\/p>\n<p>Este encuentro cuenta con la colaboraci\u00f3n de la Compa\u00f1\u00eda Sevilla de Zarzuela, la Fundaci\u00f3n Cruzcampo, Arjona Porcel y el Fuero250, entidad nacional cuyo fin es promocionar, fomentar y divulgar el patrimonio cultural e hist\u00f3rico, as\u00ed como el legado, memoria hist\u00f3rica e identidad cultural de las Nuevas Poblaciones de Sierra Morena y Andaluc\u00eda.<\/p>\n<p>La Fundaci\u00f3n de Municipios Pablo de Olavide es una instituci\u00f3n universitaria de \u00edndole cultural y social que est\u00e1 compuesta por los pueblos que fueron fundados por el ilustrado peruano don Pablo de Olavide y J\u00e1uregui. Desde su constituci\u00f3n en el a\u00f1o 2001, esta fundaci\u00f3n tiene como principal finalidad la promoci\u00f3n y desarrollo de la relaci\u00f3n entre la vida universitaria y la local.<\/p>\n<\/div><\/div><\/div><\/div><\/div>\n","protected":false},"excerpt":{"rendered":"","protected":false},"author":1,"featured_media":29920,"comment_status":"open","ping_status":"open","sticky":false,"template":"","format":"standard","meta":{"_acf_changed":false,"footnotes":""},"categories":[201],"tags":[249,256,259,255,241,257,231],"class_list":["post-18952","post","type-post","status-publish","format-standard","has-post-thumbnail","hentry","category-fundacion-de-municipios","tag-249","tag-artesania","tag-feria","tag-feria-nuevas-poblaciones","tag-fundacion-de-municipios-pablo-de-olavide","tag-gastronomia","tag-upo"],"acf":[],"_links":{"self":[{"href":"https:\/\/www.upo.es\/fundacionmunicipios\/wp-json\/wp\/v2\/posts\/18952","targetHints":{"allow":["GET"]}}],"collection":[{"href":"https:\/\/www.upo.es\/fundacionmunicipios\/wp-json\/wp\/v2\/posts"}],"about":[{"href":"https:\/\/www.upo.es\/fundacionmunicipios\/wp-json\/wp\/v2\/types\/post"}],"author":[{"embeddable":true,"href":"https:\/\/www.upo.es\/fundacionmunicipios\/wp-json\/wp\/v2\/users\/1"}],"replies":[{"embeddable":true,"href":"https:\/\/www.upo.es\/fundacionmunicipios\/wp-json\/wp\/v2\/comments?post=18952"}],"version-history":[{"count":0,"href":"https:\/\/www.upo.es\/fundacionmunicipios\/wp-json\/wp\/v2\/posts\/18952\/revisions"}],"wp:featuredmedia":[{"embeddable":true,"href":"https:\/\/www.upo.es\/fundacionmunicipios\/wp-json\/wp\/v2\/media\/29920"}],"wp:attachment":[{"href":"https:\/\/www.upo.es\/fundacionmunicipios\/wp-json\/wp\/v2\/media?parent=18952"}],"wp:term":[{"taxonomy":"category","embeddable":true,"href":"https:\/\/www.upo.es\/fundacionmunicipios\/wp-json\/wp\/v2\/categories?post=18952"},{"taxonomy":"post_tag","embeddable":true,"href":"https:\/\/www.upo.es\/fundacionmunicipios\/wp-json\/wp\/v2\/tags?post=18952"}],"curies":[{"name":"wp","href":"https:\/\/api.w.org\/{rel}","templated":true}]}}