{"id":31355,"date":"2024-02-29T14:30:55","date_gmt":"2024-02-29T13:30:55","guid":{"rendered":"https:\/\/www.upo.es\/fundacionmunicipios\/?p=31355"},"modified":"2024-02-29T14:30:55","modified_gmt":"2024-02-29T13:30:55","slug":"presentado-el-libro-fuente-palmera-de-colonia-a-municipio-territorio-poblacion-y-poblamiento","status":"publish","type":"post","link":"https:\/\/www.upo.es\/fundacionmunicipios\/presentado-el-libro-fuente-palmera-de-colonia-a-municipio-territorio-poblacion-y-poblamiento\/","title":{"rendered":"Presentado el libro &#8216;Fuente Palmera, de colonia a municipio. Territorio, poblaci\u00f3n y poblamiento&#8217;"},"content":{"rendered":"<p>La Casa de la Memoria de Fuente Palmera ha acogido la presentaci\u00f3n del libro \u00abFuente Palmera, de colonia a municipio. Territorio, poblaci\u00f3n y poblamiento\u00bb (colecci\u00f3n \u00abEstudios de Historia Moderna\u00bb 42). El acto estuvo presidido por el alcalde de la localidad, Francisco Javier Ruiz Moro, y cont\u00f3 con la presencia del rector del la UCO, Manuel Torralbo Rodr\u00edguez; la autora del libro, Mar\u00eda Isabel Garc\u00eda Cano y el catedr\u00e1tico de Geograf\u00eda de la UCO, Bartolom\u00e9 Valle Buenestado.<\/p>\n<p>Este libro, editado por UCOPress, es el n\u00ba 42 de la colecci\u00f3n de Estudios de Historia Moderna, y completa el estudio de la Nueva Poblaci\u00f3n de Fuente Palmera que se inici\u00f3 con el n\u00ba 40: &#8216;Ideas, leyes y econom\u00eda en las Nuevas Poblaciones Carolinas, Fuente Palmera 1767-1882&#8217;. Consta de dos partes bien diferenciadas. En la primera se trata de manera pormenorizada de la evoluci\u00f3n de las suertes que se entregaron a los colonos llegados de Centroeuropa en 1768, y las incidencias a que dieron lugar entre 1769 y 1835: creaci\u00f3n de nuevas dotaciones reales, equivocaciones en la ocupaci\u00f3n, litigios, etc., y se constata la permanencia de las distintas familias colonas en el territorio.<\/p>\n<p>Se analizan asimismo los datos cualitativos sobre los colonos y su comportamiento. La segunda parte est\u00e1 dedicada a la poblaci\u00f3n y al poblamiento de Fuente Palmera en dos periodos bien diferenciados: 1.- El periodo foral de 1769 a 1835 para los que se han utilizado las relaciones de colonos entre 1769 y 1784, y los padrones parroquiales de 1822 a 1835. 2.- De 1835 a 1900 se trata asimismo la evoluci\u00f3n demogr\u00e1fica de los diez n\u00facleos, haciendo un an\u00e1lisis cuantitativo y cualitativo en base a los padrones parroquiales y municipales. Es interesante el estudio de los censos que a partir de 1860 permiten conocer las profesiones de los cabezas de familia, con atenci\u00f3n a la actividad de las mujeres. En base a los datos del registro civil municipal se hace un estudio del crecimiento vegetativo entre 1843-1867 y 1889-1894. En los dos periodos se atiende al origen de los colonos, a la composici\u00f3n de la poblaci\u00f3n por sexo, miembros del n\u00facleo familiar, n\u00famero de hijos y otros miembros en las familias: exp\u00f3sitos, agregados, etc.<\/p>\n<p>El poblamiento trata la estructura de las viviendas de los colonos y su evoluci\u00f3n en los dos periodos temporales anteriores, analizando detenidamente los padrones y nomencl\u00e1tores. Deteni\u00e9ndose en los edificios p\u00fablicos, civiles y religiosos. Y tambi\u00e9n se atiende al urbanismo: normas, adjudicaci\u00f3n de terreno para las viviendas urbanas, formaci\u00f3n de calles, infraestructuras y el aspecto social del mismo, que se completa con los planos urban\u00edsticos de los n\u00facleos de poblaci\u00f3n de la colonia. El libro contiene amplios anexos que ayudan a comprender el texto: relaciones, cuadros, gr\u00e1ficas, fotos y la evoluci\u00f3n de las familias de Fuente Palmera y sus nueve aldeas entre 1829 y 1835.<\/p>\n","protected":false},"excerpt":{"rendered":"<p>La Casa de la Memoria de Fuente Palmera ha acogido la presentaci\u00f3n del libro \u00abFuente Palmera, de colonia a municipio. Territorio, poblaci\u00f3n y poblamiento\u00bb (colecci\u00f3n \u00abEstudios de Historia Moderna\u00bb 42). El acto estuvo presidido por el alcalde de la localidad,<\/p>\n","protected":false},"author":5,"featured_media":31356,"comment_status":"open","ping_status":"closed","sticky":false,"template":"","format":"standard","meta":{"_acf_changed":false,"footnotes":""},"categories":[318],"tags":[],"class_list":["post-31355","post","type-post","status-publish","format-standard","has-post-thumbnail","hentry","category-actualidad-patronos"],"acf":[],"_links":{"self":[{"href":"https:\/\/www.upo.es\/fundacionmunicipios\/wp-json\/wp\/v2\/posts\/31355","targetHints":{"allow":["GET"]}}],"collection":[{"href":"https:\/\/www.upo.es\/fundacionmunicipios\/wp-json\/wp\/v2\/posts"}],"about":[{"href":"https:\/\/www.upo.es\/fundacionmunicipios\/wp-json\/wp\/v2\/types\/post"}],"author":[{"embeddable":true,"href":"https:\/\/www.upo.es\/fundacionmunicipios\/wp-json\/wp\/v2\/users\/5"}],"replies":[{"embeddable":true,"href":"https:\/\/www.upo.es\/fundacionmunicipios\/wp-json\/wp\/v2\/comments?post=31355"}],"version-history":[{"count":0,"href":"https:\/\/www.upo.es\/fundacionmunicipios\/wp-json\/wp\/v2\/posts\/31355\/revisions"}],"wp:featuredmedia":[{"embeddable":true,"href":"https:\/\/www.upo.es\/fundacionmunicipios\/wp-json\/wp\/v2\/media\/31356"}],"wp:attachment":[{"href":"https:\/\/www.upo.es\/fundacionmunicipios\/wp-json\/wp\/v2\/media?parent=31355"}],"wp:term":[{"taxonomy":"category","embeddable":true,"href":"https:\/\/www.upo.es\/fundacionmunicipios\/wp-json\/wp\/v2\/categories?post=31355"},{"taxonomy":"post_tag","embeddable":true,"href":"https:\/\/www.upo.es\/fundacionmunicipios\/wp-json\/wp\/v2\/tags?post=31355"}],"curies":[{"name":"wp","href":"https:\/\/api.w.org\/{rel}","templated":true}]}}