{"id":31461,"date":"2025-02-10T14:13:06","date_gmt":"2025-02-10T13:13:06","guid":{"rendered":"https:\/\/www.upo.es\/fundacionmunicipios\/?p=31461"},"modified":"2025-02-27T14:54:14","modified_gmt":"2025-02-27T13:54:14","slug":"la-fundacion-de-municipios-pablo-de-olavide-conmemora-el-300-aniversario-del-nacimiento-de-olavide","status":"publish","type":"post","link":"https:\/\/www.upo.es\/fundacionmunicipios\/la-fundacion-de-municipios-pablo-de-olavide-conmemora-el-300-aniversario-del-nacimiento-de-olavide\/","title":{"rendered":"La Fundaci\u00f3n de Municipios Pablo de Olavide conmemora el 300 aniversario del nacimiento de Olavide"},"content":{"rendered":"<p>La Fundaci\u00f3n de Municipios Pablo de Olavide celebrar\u00e1 a lo largo del a\u00f1o una serie de actos con motivo de la conmemoraci\u00f3n del 300 aniversario del nacimiento de Pablo de Olavide y J\u00e1uregui, destacada figura de la Ilustraci\u00f3n espa\u00f1ola y fundador de las Nuevas Poblaciones. Bajo el lema \u2018El legado de un ilustrado: 300 a\u00f1os de Pablo de Olavide\u2019, la Fundaci\u00f3n ha dise\u00f1ado un programa de actividades que se desarrollar\u00e1 a lo largo de este periodo.<\/p>\n<p>Entre los actos planificados cabe destacar la presentaci\u00f3n, prevista para el mes de abril, del libro \u2018Recetas de ayer y de hoy de las Nuevas Poblaciones Carolinas y Municipios de la Fundaci\u00f3n Pablo de Olavide\u2019, evento que se celebrar\u00e1 en la Escuela Superior de Hosteler\u00eda de Sevilla, que ha colaborado activamente en dicho proyecto. A dicha presentaci\u00f3n asistir\u00e1n patronos, instituciones y entidades afines, as\u00ed como miembros la comunidad universitaria y p\u00fablico en general.<\/p>\n<p>Por otro lado, durante el mes de mayo tambi\u00e9n tendr\u00e1 lugar la presentaci\u00f3n de la reedici\u00f3n del libro \u2018Pablo de Olavide (1725-1803). El ilustrado\u2019, de Luis Perdices, autor de una de las obras m\u00e1s importantes y reconocidas sobre la figura de Olavide. Este libro es una biograf\u00eda exhaustiva sobre Pablo de Olavide y aborda su vida y obra desde una perspectiva hist\u00f3rica, destacando su papel como fundador de las Nuevas Poblaciones, su labor como intendente de Sevilla y su posterior procesamiento por la Inquisici\u00f3n.<\/p>\n<p>Posteriormente, se pondr\u00e1n en marcha las Jornadas \u2018Pablo de Olavide en el tiempo. 300 a\u00f1os de su nacimiento (1725-2025)\u2019. Asimismo, durante el mes de octubre, tambi\u00e9n est\u00e1 programada la celebraci\u00f3n del D\u00eda de las Nuevas Poblaciones de la Fundaci\u00f3n de Municipios Pablo de Olavide, que se desarrollar\u00e1 en las instalaciones del campus universitario de la UPO. Las actividades que se llevar\u00e1n a cabo en dicho evento incluyen una feria de muestras, una representaci\u00f3n teatral o la presentaci\u00f3n del c\u00f3mic conmemorativo \u2018Pablo de Olavide. Un personaje ilustrado\u2019, para dar a conocer la figura del intendente entre el p\u00fablico infantil y juvenil.<\/p>\n<p>Estos actos arrancan tras la celebraci\u00f3n del D\u00eda de la Universidad, que se celebra anualmente coincidiendo con el nacimiento de Pablo de Olavide y J\u00e1uregui un 25 de enero de hace 300 a\u00f1os en Lima, y que da nombre a la instituci\u00f3n. Durante su discurso, el rector Francisco Oliva Bl\u00e1zquez asegur\u00f3 que el intendente \u201cfue un personaje apasionante, defensor a ultranza de la libertad y de la raz\u00f3n, un adelantado a su \u00e9poca, un precursor de una Espa\u00f1a moderna y avanzada que a\u00fan no estaba preparada para sus valientes y ambiciosas reformas\u201d. As\u00ed, record\u00f3 la reforma universitaria abordada por Olavide, que reflejaba principios visionarios como la necesidad de una educaci\u00f3n p\u00fablica estatal, la autonom\u00eda universitaria y la integraci\u00f3n de pr\u00e1cticas en los estudios. \u201cOlavide estaba convencido de la fuerza intr\u00ednseca de la Universidad p\u00fablica para cambiar la sociedad\u201d, afirm\u00f3 el rector.<\/p>\n<p>La Fundaci\u00f3n de Municipios Pablo de Olavide es una entidad sin \u00e1nimo de lucro cuyo objetivo es promover el desarrollo econ\u00f3mico, social y cultural de los municipios vinculados a la figura de Pablo de Olavide. La Fundaci\u00f3n trabaja en la conservaci\u00f3n y difusi\u00f3n del patrimonio hist\u00f3rico y cultural legado por Olavide, as\u00ed como en el impulso de proyectos que contribuyan al progreso de los municipios. Constituida en el a\u00f1o 2001, est\u00e1 compuesta por 17 poblaciones andaluzas: Aldeaquemada, Arquillos, Baeza, Ca\u00f1ada Rosal, Carboneros, Dos Hermanas, Fuente Carreteros, Fuente Palmera, Guarrom\u00e1n, La Carlota, La Carolina, La Luisiana, Montiz\u00f3n, Prado del Rey, San Sebasti\u00e1n de los Ballesteros, Santa Elena y Sevilla.<\/p>\n<p>Para consultar la agenda de los actos: <a href=\"https:\/\/www.upo.es\/fundacionmunicipios\/agenda-2025\/\">AGENDA<\/a><\/p>\n","protected":false},"excerpt":{"rendered":"<p>La Fundaci\u00f3n de Municipios Pablo de Olavide celebrar\u00e1 a lo largo del a\u00f1o una serie de actos con motivo de la conmemoraci\u00f3n del 300 aniversario del nacimiento de Pablo de Olavide y J\u00e1uregui, destacada figura de la Ilustraci\u00f3n espa\u00f1ola y<\/p>\n","protected":false},"author":5,"featured_media":31465,"comment_status":"open","ping_status":"closed","sticky":false,"template":"","format":"standard","meta":{"_acf_changed":false,"footnotes":""},"categories":[201],"tags":[334,226,335,336,329,337],"class_list":["post-31461","post","type-post","status-publish","format-standard","has-post-thumbnail","hentry","category-fundacion-de-municipios","tag-334","tag-actividades","tag-aniversario","tag-nacimiento","tag-olavide","tag-programa"],"acf":[],"_links":{"self":[{"href":"https:\/\/www.upo.es\/fundacionmunicipios\/wp-json\/wp\/v2\/posts\/31461","targetHints":{"allow":["GET"]}}],"collection":[{"href":"https:\/\/www.upo.es\/fundacionmunicipios\/wp-json\/wp\/v2\/posts"}],"about":[{"href":"https:\/\/www.upo.es\/fundacionmunicipios\/wp-json\/wp\/v2\/types\/post"}],"author":[{"embeddable":true,"href":"https:\/\/www.upo.es\/fundacionmunicipios\/wp-json\/wp\/v2\/users\/5"}],"replies":[{"embeddable":true,"href":"https:\/\/www.upo.es\/fundacionmunicipios\/wp-json\/wp\/v2\/comments?post=31461"}],"version-history":[{"count":2,"href":"https:\/\/www.upo.es\/fundacionmunicipios\/wp-json\/wp\/v2\/posts\/31461\/revisions"}],"predecessor-version":[{"id":31492,"href":"https:\/\/www.upo.es\/fundacionmunicipios\/wp-json\/wp\/v2\/posts\/31461\/revisions\/31492"}],"wp:featuredmedia":[{"embeddable":true,"href":"https:\/\/www.upo.es\/fundacionmunicipios\/wp-json\/wp\/v2\/media\/31465"}],"wp:attachment":[{"href":"https:\/\/www.upo.es\/fundacionmunicipios\/wp-json\/wp\/v2\/media?parent=31461"}],"wp:term":[{"taxonomy":"category","embeddable":true,"href":"https:\/\/www.upo.es\/fundacionmunicipios\/wp-json\/wp\/v2\/categories?post=31461"},{"taxonomy":"post_tag","embeddable":true,"href":"https:\/\/www.upo.es\/fundacionmunicipios\/wp-json\/wp\/v2\/tags?post=31461"}],"curies":[{"name":"wp","href":"https:\/\/api.w.org\/{rel}","templated":true}]}}