{"id":31627,"date":"2025-12-11T19:50:40","date_gmt":"2025-12-11T18:50:40","guid":{"rendered":"https:\/\/www.upo.es\/fundacionmunicipios\/?p=31627"},"modified":"2025-12-11T19:50:40","modified_gmt":"2025-12-11T18:50:40","slug":"la-fundacion-de-municipios-pablo-de-olavide-entrega-manana-los-premios-extraordinarios-de-bachillerato","status":"publish","type":"post","link":"https:\/\/www.upo.es\/fundacionmunicipios\/la-fundacion-de-municipios-pablo-de-olavide-entrega-manana-los-premios-extraordinarios-de-bachillerato\/","title":{"rendered":"La Fundaci\u00f3n de Municipios Pablo de Olavide entrega ma\u00f1ana los Premios Extraordinarios de Bachillerato"},"content":{"rendered":"<p>La Fundaci\u00f3n de Municipios Pablo de Olavide har\u00e1 entrega <u>ma\u00f1ana viernes 12 de diciembre, a las 13,30 horas, en el sal\u00f3n de actos de la Ciudad del Conocimiento de Dos Hermanas,<\/u> de los \u2018Premios Extraordinarios de Bachillerato Pablo de Olavide\u2019, en su edici\u00f3n 2024\/2025, a los estudiantes con los mejores expedientes de los municipios que lo integran. Estos premios, con una dotaci\u00f3n econ\u00f3mica de 900 euros, se convocan anualmente para reconocer el esfuerzo y el trabajo de los alumnos y alumnas que cursan sus estudios de Bachillerato con excelente rendimiento acad\u00e9mico.<\/p>\n<p>El acto de entrega de premios estar\u00e1 presidido por el vicerrector primero de la UPO, Jos\u00e9 Antonio S\u00e1nchez Medina; la teniente de alcalde y concejala delegada de Promoci\u00f3n Econ\u00f3mica e Innovaci\u00f3n del Ayuntamiento de Dos Hermanas, Carmen Gil Ortega; la vicerrectora de Relaciones Institucionales, Formaci\u00f3n Permanente y Fundaciones de la UPO y vicepresidenta ejecutiva de la Fundaci\u00f3n de Municipios, Laura L\u00f3pez de la Cruz y la secretaria general de la Universidad, Silvia Mendoza Calder\u00f3n.<\/p>\n<p>A dicho evento asistir\u00e1n adem\u00e1s los alcaldes, alcaldesas o representantes municipales de los municipios que integran la Fundaci\u00f3n, as\u00ed como los 18 premiados y premiadas de esta edici\u00f3n, junto con sus familiares y profesorado.<\/p>\n<p>En el transcurso del acto se presentar\u00e1 tambi\u00e9n el c\u00f3mic \u201cPablo de Olavide, un personaje ilustrado\u201d, perteneciente a la colecci\u00f3n Olavide-Ilustraci\u00f3n, cuyos textos son autor\u00eda de Rafael Jim\u00e9nez, mientras que las ilustraciones son obra de Juanfer Briones.<\/p>\n","protected":false},"excerpt":{"rendered":"<p>La Fundaci\u00f3n de Municipios Pablo de Olavide har\u00e1 entrega ma\u00f1ana viernes 12 de diciembre, a las 13,30 horas, en el sal\u00f3n de actos de la Ciudad del Conocimiento de Dos Hermanas, de los \u2018Premios Extraordinarios de Bachillerato Pablo de Olavide\u2019,<\/p>\n","protected":false},"author":5,"featured_media":31628,"comment_status":"open","ping_status":"closed","sticky":false,"template":"","format":"standard","meta":{"_acf_changed":false,"footnotes":""},"categories":[201],"tags":[],"class_list":["post-31627","post","type-post","status-publish","format-standard","has-post-thumbnail","hentry","category-fundacion-de-municipios"],"acf":[],"_links":{"self":[{"href":"https:\/\/www.upo.es\/fundacionmunicipios\/wp-json\/wp\/v2\/posts\/31627","targetHints":{"allow":["GET"]}}],"collection":[{"href":"https:\/\/www.upo.es\/fundacionmunicipios\/wp-json\/wp\/v2\/posts"}],"about":[{"href":"https:\/\/www.upo.es\/fundacionmunicipios\/wp-json\/wp\/v2\/types\/post"}],"author":[{"embeddable":true,"href":"https:\/\/www.upo.es\/fundacionmunicipios\/wp-json\/wp\/v2\/users\/5"}],"replies":[{"embeddable":true,"href":"https:\/\/www.upo.es\/fundacionmunicipios\/wp-json\/wp\/v2\/comments?post=31627"}],"version-history":[{"count":1,"href":"https:\/\/www.upo.es\/fundacionmunicipios\/wp-json\/wp\/v2\/posts\/31627\/revisions"}],"predecessor-version":[{"id":31629,"href":"https:\/\/www.upo.es\/fundacionmunicipios\/wp-json\/wp\/v2\/posts\/31627\/revisions\/31629"}],"wp:featuredmedia":[{"embeddable":true,"href":"https:\/\/www.upo.es\/fundacionmunicipios\/wp-json\/wp\/v2\/media\/31628"}],"wp:attachment":[{"href":"https:\/\/www.upo.es\/fundacionmunicipios\/wp-json\/wp\/v2\/media?parent=31627"}],"wp:term":[{"taxonomy":"category","embeddable":true,"href":"https:\/\/www.upo.es\/fundacionmunicipios\/wp-json\/wp\/v2\/categories?post=31627"},{"taxonomy":"post_tag","embeddable":true,"href":"https:\/\/www.upo.es\/fundacionmunicipios\/wp-json\/wp\/v2\/tags?post=31627"}],"curies":[{"name":"wp","href":"https:\/\/api.w.org\/{rel}","templated":true}]}}