{"id":857,"date":"2018-05-17T10:58:24","date_gmt":"2018-05-17T10:58:24","guid":{"rendered":"https:\/\/www.upo.es\/giest\/?p=857"},"modified":"2018-10-19T08:06:16","modified_gmt":"2018-10-19T08:06:16","slug":"agua-paisaje-y-ciudadania","status":"publish","type":"post","link":"https:\/\/www.upo.es\/giest\/agua-paisaje-y-ciudadania\/","title":{"rendered":"Agua, paisaje y ciudadan\u00eda"},"content":{"rendered":"<p><a href=\"http:\/\/aguapaisajeyciudadania.com\" target=\"_blank\"><img decoding=\"async\" loading=\"lazy\" class=\"wp-image-854 aligncenter\" src=\"https:\/\/www.upo.es\/giest\/wp-content\/uploads\/2018\/10\/logo_apc.png\" alt=\"\" width=\"300\" height=\"287\" srcset=\"https:\/\/www.upo.es\/giest\/wp-content\/uploads\/2018\/10\/logo_apc.png 261w, https:\/\/www.upo.es\/giest\/wp-content\/uploads\/2018\/10\/logo_apc-100x96.png 100w\" sizes=\"(max-width: 300px) 100vw, 300px\" \/><\/a><\/p>\n<p style=\"text-align: center;\">Taller Europeo del Paisaje y Congreso Internacional Agua, paisaje y ciudadan\u00eda ante el Cambio Global. Sevilla, marzo 2019.<\/p>\n<p style=\"text-align: center;\">M\u00e1s informaci\u00f3n en\u00a0<a href=\"http:\/\/aguapaisajeyciudadania.com\" target=\"_blank\">Agua, paisaje y ciudadan\u00eda<\/a><\/p>\n","protected":false},"excerpt":{"rendered":"<p>Taller Europeo del Paisaje y Congreso Internacional Agua, paisaje y ciudadan\u00eda ante el Cambio Global. Sevilla, marzo 2019. M\u00e1s informaci\u00f3n en\u00a0Agua, paisaje y ciudadan\u00eda<\/p>\n","protected":false},"author":1,"featured_media":854,"comment_status":"closed","ping_status":"open","sticky":false,"template":"","format":"standard","meta":[],"categories":[3],"tags":[],"_links":{"self":[{"href":"https:\/\/www.upo.es\/giest\/wp-json\/wp\/v2\/posts\/857"}],"collection":[{"href":"https:\/\/www.upo.es\/giest\/wp-json\/wp\/v2\/posts"}],"about":[{"href":"https:\/\/www.upo.es\/giest\/wp-json\/wp\/v2\/types\/post"}],"author":[{"embeddable":true,"href":"https:\/\/www.upo.es\/giest\/wp-json\/wp\/v2\/users\/1"}],"replies":[{"embeddable":true,"href":"https:\/\/www.upo.es\/giest\/wp-json\/wp\/v2\/comments?post=857"}],"version-history":[{"count":6,"href":"https:\/\/www.upo.es\/giest\/wp-json\/wp\/v2\/posts\/857\/revisions"}],"predecessor-version":[{"id":871,"href":"https:\/\/www.upo.es\/giest\/wp-json\/wp\/v2\/posts\/857\/revisions\/871"}],"wp:featuredmedia":[{"embeddable":true,"href":"https:\/\/www.upo.es\/giest\/wp-json\/wp\/v2\/media\/854"}],"wp:attachment":[{"href":"https:\/\/www.upo.es\/giest\/wp-json\/wp\/v2\/media?parent=857"}],"wp:term":[{"taxonomy":"category","embeddable":true,"href":"https:\/\/www.upo.es\/giest\/wp-json\/wp\/v2\/categories?post=857"},{"taxonomy":"post_tag","embeddable":true,"href":"https:\/\/www.upo.es\/giest\/wp-json\/wp\/v2\/tags?post=857"}],"curies":[{"name":"wp","href":"https:\/\/api.w.org\/{rel}","templated":true}]}}