{"id":954,"date":"2020-04-25T08:55:31","date_gmt":"2020-04-25T08:55:31","guid":{"rendered":"https:\/\/www.upo.es\/giest\/?p=954"},"modified":"2022-07-25T08:38:21","modified_gmt":"2022-07-25T08:38:21","slug":"compilacion-de-iniciativas-comunitarias-de-resiliencia-urbana-en-sevilla-y-barcelona-la-sociedad-civil-frente-a-los-efectos-del-cambio-climatico","status":"publish","type":"post","link":"https:\/\/www.upo.es\/giest\/compilacion-de-iniciativas-comunitarias-de-resiliencia-urbana-en-sevilla-y-barcelona-la-sociedad-civil-frente-a-los-efectos-del-cambio-climatico\/","title":{"rendered":"Compilaci\u00f3n de iniciativas comunitarias de resiliencia urbana en Sevilla y Barcelona: la sociedad civil frente a los efectos del cambio clim\u00e1tico"},"content":{"rendered":"<div class=\"wp-block-image\">\n<figure class=\"aligncenter size-large\"><img decoding=\"async\" loading=\"lazy\" width=\"250\" height=\"176\" src=\"https:\/\/www.upo.es\/giest\/wp-content\/uploads\/2020\/04\/logotipo-rescities.png\" alt=\"\" class=\"wp-image-955\" srcset=\"https:\/\/www.upo.es\/giest\/wp-content\/uploads\/2020\/04\/logotipo-rescities.png 250w, https:\/\/www.upo.es\/giest\/wp-content\/uploads\/2020\/04\/logotipo-rescities-100x70.png 100w\" sizes=\"(max-width: 250px) 100vw, 250px\" \/><\/figure><\/div>\n\n\n<p>Esta publicaci\u00f3n recoge acciones y proyectos que colectivos como asociaciones, movimientos sociales o entidades de econom\u00eda social de las ciudades de Sevilla y Barcelona est\u00e1n llevando a cabo para hacer frente a tres riesgos hidro-clim\u00e1ticos que pueden verse amplificados por el cambio clim\u00e1tico: olas de calor, inundaciones y sequ\u00edas. Encontrar\u00e1s un total de 53 iniciativas, 26 en Sevilla y 27 en Barcelona. Estas iniciativas incluyen una gran diversidad de acciones: movilizaciones y propuestas de car\u00e1cter pol\u00edtico ante los efectos del cambio clim\u00e1tico; iniciativas de verde urbano, agroecolog\u00eda y defensa del territorio; intervenciones art\u00edsticas, publicaciones, proyectos de recuperaci\u00f3n de la memoria hist\u00f3rica del agua, e iniciativas para garantizar el acceso al agua, la energ\u00eda, y el confort t\u00e9rmico, entre otros.<\/p>\n\n\n\n<p>Dando a conocer en qu\u00e9 consisten estas iniciativas comunitarias y qu\u00e9 entidades las promueven, as\u00ed como sus motivaciones, l\u00edneas de acci\u00f3n y metas, pretendemos dar una mayor visibilidad al papel activo que ya est\u00e1 teniendo la sociedad civil en la adaptaci\u00f3n de nuestras ciudades a los efectos del cambio clim\u00e1tico. Asimismo, pretendemos mostrar las potencialidades de procesos inclusivos que gu\u00eden la concepci\u00f3n y desarrollo de estrategias urbanas resilientes al cambio clim\u00e1tico.<\/p>\n\n\n\n<p>Esta compilaci\u00f3n se enmarca en el proyecto RESCITIES \u201cLa ecolog\u00eda pol\u00edtica de la resiliencia urbana a los fen\u00f3menos hidro-clim\u00e1ticos en Espa\u00f1a\u201d iniciado en 2019, financiado por la Agencia Estatal de Investigaci\u00f3n. Adem\u00e1s de nuestro grupo de investigaci\u00f3n, TURBA, que coordina el proyecto, colabora personal investigador de la Universidad de Sevilla (US), la Universidad Pablo Olavide (UPO), la Universitat Aut\u00f2noma de Barcelona (UAB) y la Universitat Internacional de Catalunya (UIC).<\/p>\n\n\n\n<p style=\"font-size:25px\">Difusi\u00f3n de resultados:<\/p>\n\n\n\n<ul style=\"font-size:25px\"><li><a href=\"https:\/\/www.upo.es\/giest\/wp-content\/uploads\/2022\/07\/PB-RESCITIES-Sevilla-Digital.pdf\">Acciones para mejorar la resiliencia a las olas de calor en Sevilla: aprendizajes desde el proyecto RESCITIES<\/a><\/li><\/ul>\n\n\n\n<p>Pod\u00e9is consultar dos versiones de la compilaci\u00f3n:<\/p>\n\n\n\n<ul><li><a href=\"https:\/\/www.upo.es\/giest\/wp-content\/uploads\/2020\/04\/rescities-folleto-castellano.pdf\">Rescities Folleto Castellano<\/a><\/li><li><a href=\"https:\/\/www.upo.es\/giest\/wp-content\/uploads\/2020\/04\/rescities-folleto-biling.pdf\">Rescities Folleto Biling\u00fce<\/a><\/li><\/ul>\n","protected":false},"excerpt":{"rendered":"<p>Esta publicaci\u00f3n recoge acciones y proyectos que colectivos como asociaciones, movimientos sociales o entidades de econom\u00eda social de las ciudades de Sevilla y Barcelona est\u00e1n llevando a cabo para hacer frente a tres riesgos hidro-clim\u00e1ticos que pueden verse amplificados por el cambio clim\u00e1tico: olas de calor, inundaciones y sequ\u00edas. Encontrar\u00e1s un total de 53 iniciativas, 26 en Sevilla y 27 &#8230; <\/p>\n<div><a href=\"https:\/\/www.upo.es\/giest\/compilacion-de-iniciativas-comunitarias-de-resiliencia-urbana-en-sevilla-y-barcelona-la-sociedad-civil-frente-a-los-efectos-del-cambio-climatico\/\" class=\"more-link\">Read More<\/a><\/div>\n","protected":false},"author":1,"featured_media":963,"comment_status":"closed","ping_status":"open","sticky":false,"template":"","format":"standard","meta":[],"categories":[3],"tags":[],"_links":{"self":[{"href":"https:\/\/www.upo.es\/giest\/wp-json\/wp\/v2\/posts\/954"}],"collection":[{"href":"https:\/\/www.upo.es\/giest\/wp-json\/wp\/v2\/posts"}],"about":[{"href":"https:\/\/www.upo.es\/giest\/wp-json\/wp\/v2\/types\/post"}],"author":[{"embeddable":true,"href":"https:\/\/www.upo.es\/giest\/wp-json\/wp\/v2\/users\/1"}],"replies":[{"embeddable":true,"href":"https:\/\/www.upo.es\/giest\/wp-json\/wp\/v2\/comments?post=954"}],"version-history":[{"count":8,"href":"https:\/\/www.upo.es\/giest\/wp-json\/wp\/v2\/posts\/954\/revisions"}],"predecessor-version":[{"id":1043,"href":"https:\/\/www.upo.es\/giest\/wp-json\/wp\/v2\/posts\/954\/revisions\/1043"}],"wp:featuredmedia":[{"embeddable":true,"href":"https:\/\/www.upo.es\/giest\/wp-json\/wp\/v2\/media\/963"}],"wp:attachment":[{"href":"https:\/\/www.upo.es\/giest\/wp-json\/wp\/v2\/media?parent=954"}],"wp:term":[{"taxonomy":"category","embeddable":true,"href":"https:\/\/www.upo.es\/giest\/wp-json\/wp\/v2\/categories?post=954"},{"taxonomy":"post_tag","embeddable":true,"href":"https:\/\/www.upo.es\/giest\/wp-json\/wp\/v2\/tags?post=954"}],"curies":[{"name":"wp","href":"https:\/\/api.w.org\/{rel}","templated":true}]}}