{"id":20331,"date":"2024-05-13T12:20:58","date_gmt":"2024-05-13T12:20:58","guid":{"rendered":"https:\/\/www.upo.es\/intl\/?p=20331"},"modified":"2024-06-13T12:44:49","modified_gmt":"2024-06-13T12:44:49","slug":"newsletter-abril-2024","status":"publish","type":"post","link":"https:\/\/www.upo.es\/intl\/newsletter-abril-2024\/","title":{"rendered":"Newsletter Abril 2024"},"content":{"rendered":"<div class=\"wpb-content-wrapper\"><p>[vc_row][vc_column][vc_single_image image=&#8221;20289&#8243; img_size=&#8221;full&#8221; alignment=&#8221;center&#8221;][\/vc_column][\/vc_row][vc_row u_row_style=&#8221;0&#8243; u_row_paralax=&#8221;0&#8243; u_row_scheme=&#8221;0&#8243;][vc_column][vc_column_text css=&#8221;.vc_custom_1718277707429{padding-top: 15px !important;padding-right: 15px !important;padding-bottom: 15px !important;padding-left: 15px !important;background-color: #dd9933 !important;border-radius: 5px !important;}&#8221;]<\/p>\n<h2><span style=\"color: #ffffff;\"><strong style=\"font-size: 16px;\"><img loading=\"lazy\" class=\"alignnone wp-image-20309\" src=\"https:\/\/www.upo.es\/intl\/wp-content\/uploads\/2024\/06\/noticia.png\" alt=\"\" width=\"40\" height=\"40\" srcset=\"https:\/\/www.upo.es\/intl\/wp-content\/uploads\/2024\/06\/noticia.png 200w, https:\/\/www.upo.es\/intl\/wp-content\/uploads\/2024\/06\/noticia-150x150.png 150w, https:\/\/www.upo.es\/intl\/wp-content\/uploads\/2024\/06\/noticia-50x50.png 50w, https:\/\/www.upo.es\/intl\/wp-content\/uploads\/2024\/06\/noticia-80x80.png 80w, https:\/\/www.upo.es\/intl\/wp-content\/uploads\/2024\/06\/noticia-100x100.png 100w\" sizes=\"(max-width: 40px) 100vw, 40px\" \/> <\/strong><strong>\u00bfQu\u00e9 hay de nuevo?<\/strong><\/span><\/h2>\n<p>[\/vc_column_text][\/vc_column][\/vc_row][vc_row content_placement=&#8221;middle&#8221; u_row_style=&#8221;0&#8243; u_row_paralax=&#8221;0&#8243; u_row_scheme=&#8221;0&#8243;][vc_column width=&#8221;2\/3&#8243;][vc_column_text]<\/p>\n<p>Este <a href=\"https:\/\/www.upo.es\/intl\/estudios-multidisciplinares\/\"><strong>semestre de Primavera<\/strong><\/a> nos ha dejado una sensaci\u00f3n especial. Hemos tenido un grupo de estudiantes muy activos; muchos de ellos se han quedado adem\u00e1s el a\u00f1o acad\u00e9mico completo, lo cual nos ha permitido establecer con ellos una relaci\u00f3n muy estrecha. Esto se reflej\u00f3 en la Recepci\u00f3n de Despedida, en la que profesores y estudiantes, as\u00ed como el personal de oficina al completo (aunque falt\u00f3 Luis, uno de nuestros becarios, que ten\u00eda su graduaci\u00f3n), disfrutaron recordando los momentos m\u00e1s emocionantes del semestre. Gracias por habernos elegido. Esperamos que volv\u00e1is a visitarnos y os deseamos todo lo mejor en vuestros futuros proyectos.<\/p>\n<p>[\/vc_column_text][\/vc_column][vc_column width=&#8221;1\/3&#8243;][vc_single_image image=&#8221;20291&#8243; img_size=&#8221;full&#8221;][\/vc_column][\/vc_row][vc_row u_row_style=&#8221;0&#8243; u_row_paralax=&#8221;0&#8243; u_row_scheme=&#8221;0&#8243;][vc_column][vc_column_text css=&#8221;.vc_custom_1718277086621{padding-top: 15px !important;padding-right: 15px !important;padding-bottom: 15px !important;padding-left: 15px !important;background-color: #003671 !important;border-radius: 5px !important;}&#8221;]<\/p>\n<h2><span style=\"color: #ffffff;\"><strong style=\"font-size: 16px;\"><img loading=\"lazy\" class=\"alignnone wp-image-20307\" src=\"https:\/\/www.upo.es\/intl\/wp-content\/uploads\/2024\/06\/espanol.png\" alt=\"\" width=\"35\" height=\"35\" srcset=\"https:\/\/www.upo.es\/intl\/wp-content\/uploads\/2024\/06\/espanol.png 150w, https:\/\/www.upo.es\/intl\/wp-content\/uploads\/2024\/06\/espanol-50x50.png 50w, https:\/\/www.upo.es\/intl\/wp-content\/uploads\/2024\/06\/espanol-80x80.png 80w, https:\/\/www.upo.es\/intl\/wp-content\/uploads\/2024\/06\/espanol-100x100.png 100w\" sizes=\"(max-width: 35px) 100vw, 35px\" \/><\/strong><strong>\u00a0El Rinc\u00f3n del Espa\u00f1ol<\/strong><\/span><\/h2>\n<p>[\/vc_column_text][\/vc_column][\/vc_row][vc_row content_placement=&#8221;middle&#8221; u_row_style=&#8221;0&#8243; u_row_paralax=&#8221;0&#8243; u_row_scheme=&#8221;0&#8243;][vc_column][vc_single_image image=&#8221;20293&#8243; img_size=&#8221;full&#8221; alignment=&#8221;center&#8221;][vc_column_text]<\/p>\n<h4><strong>\u201cPASARSE TRES PUEBLOS\u201d<\/strong><\/h4>\n<p>Los espa\u00f1oles tenemos fama de ser exagerados, por lo que esta expresi\u00f3n es utilizada muy a menudo. Por ejemplo, una persona dice: \u00ab\u00bfcu\u00e1nto cuesta cenar en ese restaurante?\u00bb Y otro contesta: \u00abUnos 200 euros por persona m\u00e1s o menos\u00bb. Entonces, el primero le contesta: \u00abAla, te has pasado tres pueblos\u00bb. En realidad no es tan caro y para demostrar la gran exageraci\u00f3n, se utiliza esa expresi\u00f3n.<br \/>\nTambi\u00e9n se usa cuando decimos cosas que pueden molestar a los dem\u00e1s e incluso herir sus sentimientos. Cuando alguien no mide sus palabras, o traspasa el l\u00edmite de lo pol\u00edticamente correcto, decimos que se ha pasado tres pueblos.<\/p>\n<p>[\/vc_column_text][\/vc_column][\/vc_row][vc_row u_row_style=&#8221;0&#8243; u_row_paralax=&#8221;0&#8243; u_row_scheme=&#8221;0&#8243;][vc_column][vc_column_text css=&#8221;.vc_custom_1718277257029{padding-top: 15px !important;padding-right: 15px !important;padding-bottom: 15px !important;padding-left: 15px !important;background-color: #1e73be !important;border-radius: 5px !important;}&#8221;]<\/p>\n<h2><span style=\"color: #ffffff;\"><strong style=\"font-size: 16px;\"><img loading=\"lazy\" class=\"alignnone wp-image-20305\" src=\"https:\/\/www.upo.es\/intl\/wp-content\/uploads\/2024\/06\/alumni.png\" alt=\"\" width=\"35\" height=\"35\" srcset=\"https:\/\/www.upo.es\/intl\/wp-content\/uploads\/2024\/06\/alumni.png 150w, https:\/\/www.upo.es\/intl\/wp-content\/uploads\/2024\/06\/alumni-50x50.png 50w, https:\/\/www.upo.es\/intl\/wp-content\/uploads\/2024\/06\/alumni-80x80.png 80w, https:\/\/www.upo.es\/intl\/wp-content\/uploads\/2024\/06\/alumni-100x100.png 100w\" sizes=\"(max-width: 35px) 100vw, 35px\" \/><\/strong><strong> El Rinc\u00f3n del Alumni<\/strong><\/span><\/h2>\n<p>[\/vc_column_text][\/vc_column][\/vc_row][vc_row content_placement=&#8221;middle&#8221; u_row_style=&#8221;0&#8243; u_row_paralax=&#8221;0&#8243; u_row_scheme=&#8221;0&#8243;][vc_column width=&#8221;1\/3&#8243;][vc_single_image image=&#8221;20297&#8243; img_size=&#8221;full&#8221;][\/vc_column][vc_column width=&#8221;2\/3&#8243;][vc_column_text]<\/p>\n<p>&#8220;\u00a1Hola! Mi nombre es Sadie Wolfe, reci\u00e9n graduada por la Universidad Winthrop, en Rock Hill, Carolina del Sur, EE. UU. Recib\u00ed mi licenciatura en Lenguas Modernas, con una especializaci\u00f3n en espa\u00f1ol. Me encantar\u00eda contaros sobre lo m\u00e1s destacado de estos 4 a\u00f1os en la Universidad: \u00a1mi tiempo en Espa\u00f1a en la Universidad Pablo Olavide en Sevilla, Espa\u00f1a, de septiembre a diciembre de 2023!<br \/>\nEstudiar en el extranjero fue un cambio total para m\u00ed. No se trat\u00f3 s\u00f3lo de un cambio en lo acad\u00e9mico; fue un torbellino de experiencias, desde salir a tomar tapas por la noche hasta conversaciones profundas con mis amigos y compa\u00f1eros m\u00e1s cercanos. Espa\u00f1a no s\u00f3lo mejor\u00f3 mi habla y comprensi\u00f3n del espa\u00f1ol, sino que tambi\u00e9n ampli\u00f3 mi visi\u00f3n del mundo, de una manera que nunca imagin\u00e9.<br \/>\nAhora, me preparo para empezar mi carrera en Visa Inc., con una especializaci\u00f3n en Ventas. Espero pr\u00f3ximamente poder trabajar con clientes internacionales, y espec\u00edficamente con hispanohablantes. Hasta entonces, llevar\u00e9 estos recuerdos espa\u00f1oles conmigo a todas partes. Mi paso por Espa\u00f1a no fue s\u00f3lo un cap\u00edtulo; realmente se ha convertido en parte de lo que soy.<br \/>\n\u00a1Estoy lista para aportar ese entusiasmo por la vida y la comprensi\u00f3n intercultural que he adquirido a mi nuevo rol! Gracias UPO por todos los recuerdos y las incre\u00edbles lecciones que aprend\u00ed, dentro y fuera del aula.<br \/>\nTambi\u00e9n quiero agradecer al MEJOR Centro Internacional, el <a href=\"https:\/\/www.upo.es\/intl\/\"><strong>CUI en la UPO<\/strong><\/a>, que cuenta con el personal m\u00e1s c\u00e1lido y acogedor. Por no hablar de los becarios: Reyes, Meri y Luis hicieron que mi experiencia fuera incre\u00edble.&#8221;<\/p>\n<p>[\/vc_column_text][\/vc_column][\/vc_row][vc_row u_row_style=&#8221;0&#8243; u_row_paralax=&#8221;0&#8243; u_row_scheme=&#8221;0&#8243;][vc_column][vc_column_text css=&#8221;.vc_custom_1718277348276{padding-top: 15px !important;padding-right: 15px !important;padding-bottom: 15px !important;padding-left: 15px !important;background-color: #8224e3 !important;border-radius: 5px !important;}&#8221;]<\/p>\n<h2><span style=\"color: #ffffff;\"><strong style=\"font-size: 16px;\"><img loading=\"lazy\" class=\"alignnone wp-image-20311\" src=\"https:\/\/www.upo.es\/intl\/wp-content\/uploads\/2024\/06\/tradiciones.png\" alt=\"\" width=\"35\" height=\"35\" srcset=\"https:\/\/www.upo.es\/intl\/wp-content\/uploads\/2024\/06\/tradiciones.png 150w, https:\/\/www.upo.es\/intl\/wp-content\/uploads\/2024\/06\/tradiciones-50x50.png 50w, https:\/\/www.upo.es\/intl\/wp-content\/uploads\/2024\/06\/tradiciones-80x80.png 80w, https:\/\/www.upo.es\/intl\/wp-content\/uploads\/2024\/06\/tradiciones-100x100.png 100w\" sizes=\"(max-width: 35px) 100vw, 35px\" \/><\/strong><strong> Tradiciones y Leyendas<\/strong><\/span><\/h2>\n<p>[\/vc_column_text][\/vc_column][\/vc_row][vc_row content_placement=&#8221;middle&#8221; u_row_style=&#8221;0&#8243; u_row_paralax=&#8221;0&#8243; u_row_scheme=&#8221;0&#8243;][vc_column][vc_column_text]<\/p>\n<h4><strong>LA SEVILLA DE DON JUAN TENORIO<\/strong><\/h4>\n<p>Desde que Tirso de Molina escribiese El burlador de Sevilla en 1630, el personaje de Don Juan no ha dejado de fascinarnos. Hasta cuarenta versiones distintas llegaron a circular por Europa antes de 1900, muchas salidas de la pluma de genios como Moli\u00e8re, M\u00e9rim\u00e9e o Alejandro Dumas. En Espa\u00f1a, la lista incluye a Calder\u00f3n de la Barca, Jos\u00e9 de Espronceda o Campoamor, si bien la mayor\u00eda de espa\u00f1oles conoce el mito a trav\u00e9s de Jos\u00e9 Zorrilla. Al final, la obra que en Espa\u00f1a m\u00e1s repercusi\u00f3n ha tenido es el Don Juan Tenorio que escribi\u00f3 el escritor rom\u00e1ntico Jos\u00e9 Zorrilla en 1844.<br \/>\nEn esta versi\u00f3n, la acci\u00f3n transcurre en Sevilla en 1545, en los \u00faltimos a\u00f1os del rey Carlos I de Espa\u00f1a. La historia narra la vida de don Juan Tenorio, un hombre que presume de ser un conquistador, de tener a todas las mujeres que desea en sus brazos. Por eso, lleva a cabo una apuesta con don Luis Mej\u00eda, quien estaba comprometido ya con do\u00f1a Ana de Pantoja: quieren ver qui\u00e9n es capaz de conquistar a m\u00e1s mujeres en un a\u00f1o. Sin embargo, cuando parece que el Tenorio tiene casi la victoria, conocer\u00e1 a do\u00f1a In\u00e9s, una novicia, y todo cambiar\u00e1. Don Juan hace prop\u00f3sito de cambiar y lo intenta, pero su destino es infalible: la tragedia amorosa propia del romanticismo se impone: todos los personajes finalmente fallecen, incluyendo los dos enamorados protagonistas, Do\u00f1a In\u00e9s y Don Juan.<br \/>\nEn Sevilla hay muchos lugares que aparecen en la obra y que podemos encontrar paseando por la ciudad. Una de ella es la Hoster\u00eda del Laurel. La tradici\u00f3n nos cuenta que en esta antigua \u00abcasa de gulas\u00bb se aloj\u00f3 Jos\u00e9 Zorrilla en 1840 durante uno de sus viajes, sirvi\u00e9ndole de inspiraci\u00f3n para situar las primeras escenas de Don Juan Tenorio.<br \/>\nNo lejos de la Hoster\u00eda del Laurel se encuentra la plaza de la Alianza, donde se encontraba la casa de Do\u00f1a Ana de Pantoja, futura esposa de Don Luis Mej\u00eda. Por otro lado, el Comendador de la Orden, Don Gonzalo de Ulloa, padre de Do\u00f1a In\u00e9s, tendr\u00eda su domicilio en la plaza de Do\u00f1a Elvira. Para terminar, no pod\u00eda faltar una estatua homenaje al personaje de Don Juan, la cual podemos admirar en la Plaza de Refinadores.<\/p>\n<p>[\/vc_column_text][vc_single_image image=&#8221;20303&#8243; img_size=&#8221;full&#8221; alignment=&#8221;center&#8221;][\/vc_column][\/vc_row]<\/p>\n<\/div>","protected":false},"excerpt":{"rendered":"<p>[vc_row][vc_column][vc_single_image image=&#8221;20289&#8243; img_size=&#8221;full&#8221; alignment=&#8221;center&#8221;][\/vc_column][\/vc_row][vc_row u_row_style=&#8221;0&#8243; u_row_paralax=&#8221;0&#8243; u_row_scheme=&#8221;0&#8243;][vc_column][vc_column_text css=&#8221;.vc_custom_1718277707429{padding-top: 15px !important;padding-right: 15px !important;padding-bottom: 15px !important;padding-left: 15px !important;background-color: #dd9933 !important;border-radius: 5px !important;}&#8221;] \u00bfQu\u00e9 hay de nuevo? [\/vc_column_text][\/vc_column][\/vc_row][vc_row content_placement=&#8221;middle&#8221; u_row_style=&#8221;0&#8243; u_row_paralax=&#8221;0&#8243; u_row_scheme=&#8221;0&#8243;][vc_column width=&#8221;2\/3&#8243;][vc_column_text] Este semestre de Primavera nos ha dejado una sensaci\u00f3n especial. Hemos tenido un grupo de estudiantes muy activos; muchos de ellos se han quedado adem\u00e1s [&hellip;]<\/p>\n","protected":false},"author":1,"featured_media":0,"comment_status":"closed","ping_status":"closed","sticky":false,"template":"","format":"standard","meta":[],"categories":[49],"tags":[],"table_tags":[],"yoast_head":"<!-- This site is optimized with the Yoast SEO plugin v18.3 - https:\/\/yoast.com\/wordpress\/plugins\/seo\/ -->\n<title>Newsletter Abril 2024<\/title>\n<meta name=\"robots\" content=\"index, follow, max-snippet:-1, max-image-preview:large, max-video-preview:-1\" \/>\n<link rel=\"canonical\" href=\"https:\/\/www.upo.es\/intl\/newsletter-abril-2024\/\" \/>\n<meta property=\"og:locale\" content=\"es_ES\" \/>\n<meta property=\"og:type\" content=\"article\" \/>\n<meta property=\"og:title\" content=\"Newsletter Abril 2024\" \/>\n<meta property=\"og:description\" content=\"[vc_row][vc_column][vc_single_image image=&#8221;20289&#8243; img_size=&#8221;full&#8221; alignment=&#8221;center&#8221;][\/vc_column][\/vc_row][vc_row u_row_style=&#8221;0&#8243; u_row_paralax=&#8221;0&#8243; u_row_scheme=&#8221;0&#8243;][vc_column][vc_column_text css=&#8221;.vc_custom_1718277707429{padding-top: 15px !important;padding-right: 15px !important;padding-bottom: 15px !important;padding-left: 15px !important;background-color: #dd9933 !important;border-radius: 5px !important;}&#8221;] \u00bfQu\u00e9 hay de nuevo? [\/vc_column_text][\/vc_column][\/vc_row][vc_row content_placement=&#8221;middle&#8221; u_row_style=&#8221;0&#8243; u_row_paralax=&#8221;0&#8243; u_row_scheme=&#8221;0&#8243;][vc_column width=&#8221;2\/3&#8243;][vc_column_text] Este semestre de Primavera nos ha dejado una sensaci\u00f3n especial. Hemos tenido un grupo de estudiantes muy activos; muchos de ellos se han quedado adem\u00e1s [&hellip;]\" \/>\n<meta property=\"og:url\" content=\"https:\/\/www.upo.es\/intl\/newsletter-abril-2024\/\" \/>\n<meta property=\"og:site_name\" content=\"Centro Universitario Internacional UPO\" \/>\n<meta property=\"article:publisher\" content=\"https:\/\/www.facebook.com\/centrointernacionalUPO\/?ref=ts\" \/>\n<meta property=\"article:published_time\" content=\"2024-05-13T12:20:58+00:00\" \/>\n<meta property=\"article:modified_time\" content=\"2024-06-13T12:44:49+00:00\" \/>\n<meta property=\"og:image\" content=\"https:\/\/www.upo.es\/intl\/wp-content\/uploads\/2024\/06\/noticia.png\" \/>\n<meta name=\"twitter:card\" content=\"summary_large_image\" \/>\n<meta name=\"twitter:creator\" content=\"@CuiUpo\" \/>\n<meta name=\"twitter:site\" content=\"@CuiUpo\" \/>\n<meta name=\"twitter:label1\" content=\"Escrito por\" \/>\n\t<meta name=\"twitter:data1\" content=\"CUI\" \/>\n\t<meta name=\"twitter:label2\" content=\"Tiempo de lectura\" \/>\n\t<meta name=\"twitter:data2\" content=\"6 minutos\" \/>\n<script type=\"application\/ld+json\" class=\"yoast-schema-graph\">{\"@context\":\"https:\/\/schema.org\",\"@graph\":[{\"@type\":\"Organization\",\"@id\":\"https:\/\/www.upo.es\/intl\/#organization\",\"name\":\"Centro Universitario Internacional Universidad Pablo de Olavide\",\"url\":\"https:\/\/www.upo.es\/intl\/\",\"sameAs\":[\"https:\/\/www.facebook.com\/centrointernacionalUPO\/?ref=ts\",\"https:\/\/www.instagram.com\/cui_upo\/\",\"https:\/\/www.youtube.com\/channel\/UCXvTsTmrSF31BCW1Ukowlvg\",\"https:\/\/twitter.com\/CuiUpo\"],\"logo\":{\"@type\":\"ImageObject\",\"@id\":\"https:\/\/www.upo.es\/intl\/#logo\",\"inLanguage\":\"es\",\"url\":\"https:\/\/www.upo.es\/intl\/wp-content\/uploads\/2016\/07\/logo_fondo_UPO.png\",\"contentUrl\":\"https:\/\/www.upo.es\/intl\/wp-content\/uploads\/2016\/07\/logo_fondo_UPO.png\",\"width\":318,\"height\":120,\"caption\":\"Centro Universitario Internacional Universidad Pablo de Olavide\"},\"image\":{\"@id\":\"https:\/\/www.upo.es\/intl\/#logo\"}},{\"@type\":\"WebSite\",\"@id\":\"https:\/\/www.upo.es\/intl\/#website\",\"url\":\"https:\/\/www.upo.es\/intl\/\",\"name\":\"Centro Universitario Internacional UPO\",\"description\":\"Programas de corta y larga duraci\u00f3n de lengua y cultura espa\u00f1ola. Se imparten clases en espa\u00f1ol e ingl\u00e9s de diferentes materias\",\"publisher\":{\"@id\":\"https:\/\/www.upo.es\/intl\/#organization\"},\"potentialAction\":[{\"@type\":\"SearchAction\",\"target\":{\"@type\":\"EntryPoint\",\"urlTemplate\":\"https:\/\/www.upo.es\/intl\/?s={search_term_string}\"},\"query-input\":\"required name=search_term_string\"}],\"inLanguage\":\"es\"},{\"@type\":\"ImageObject\",\"@id\":\"https:\/\/www.upo.es\/intl\/newsletter-abril-2024\/#primaryimage\",\"inLanguage\":\"es\",\"url\":\"https:\/\/www.upo.es\/intl\/wp-content\/uploads\/2024\/06\/noticia.png\",\"contentUrl\":\"https:\/\/www.upo.es\/intl\/wp-content\/uploads\/2024\/06\/noticia.png\",\"width\":200,\"height\":200},{\"@type\":\"WebPage\",\"@id\":\"https:\/\/www.upo.es\/intl\/newsletter-abril-2024\/#webpage\",\"url\":\"https:\/\/www.upo.es\/intl\/newsletter-abril-2024\/\",\"name\":\"Newsletter Abril 2024\",\"isPartOf\":{\"@id\":\"https:\/\/www.upo.es\/intl\/#website\"},\"primaryImageOfPage\":{\"@id\":\"https:\/\/www.upo.es\/intl\/newsletter-abril-2024\/#primaryimage\"},\"datePublished\":\"2024-05-13T12:20:58+00:00\",\"dateModified\":\"2024-06-13T12:44:49+00:00\",\"breadcrumb\":{\"@id\":\"https:\/\/www.upo.es\/intl\/newsletter-abril-2024\/#breadcrumb\"},\"inLanguage\":\"es\",\"potentialAction\":[{\"@type\":\"ReadAction\",\"target\":[\"https:\/\/www.upo.es\/intl\/newsletter-abril-2024\/\"]}]},{\"@type\":\"BreadcrumbList\",\"@id\":\"https:\/\/www.upo.es\/intl\/newsletter-abril-2024\/#breadcrumb\",\"itemListElement\":[{\"@type\":\"ListItem\",\"position\":1,\"name\":\"Portada\",\"item\":\"https:\/\/www.upo.es\/intl\/\"},{\"@type\":\"ListItem\",\"position\":2,\"name\":\"Newsletter Abril 2024\"}]},{\"@type\":\"Article\",\"@id\":\"https:\/\/www.upo.es\/intl\/newsletter-abril-2024\/#article\",\"isPartOf\":{\"@id\":\"https:\/\/www.upo.es\/intl\/newsletter-abril-2024\/#webpage\"},\"author\":{\"@id\":\"https:\/\/www.upo.es\/intl\/#\/schema\/person\/68c0e17a63d05fe51424b6cc156397c4\"},\"headline\":\"Newsletter Abril 2024\",\"datePublished\":\"2024-05-13T12:20:58+00:00\",\"dateModified\":\"2024-06-13T12:44:49+00:00\",\"mainEntityOfPage\":{\"@id\":\"https:\/\/www.upo.es\/intl\/newsletter-abril-2024\/#webpage\"},\"wordCount\":1291,\"publisher\":{\"@id\":\"https:\/\/www.upo.es\/intl\/#organization\"},\"image\":{\"@id\":\"https:\/\/www.upo.es\/intl\/newsletter-abril-2024\/#primaryimage\"},\"thumbnailUrl\":\"https:\/\/www.upo.es\/intl\/wp-content\/uploads\/2024\/06\/noticia.png\",\"articleSection\":[\"Newsletter\"],\"inLanguage\":\"es\"},{\"@type\":\"Person\",\"@id\":\"https:\/\/www.upo.es\/intl\/#\/schema\/person\/68c0e17a63d05fe51424b6cc156397c4\",\"name\":\"CUI\"}]}<\/script>\n<!-- \/ Yoast SEO plugin. -->","yoast_head_json":{"title":"Newsletter Abril 2024","robots":{"index":"index","follow":"follow","max-snippet":"max-snippet:-1","max-image-preview":"max-image-preview:large","max-video-preview":"max-video-preview:-1"},"canonical":"https:\/\/www.upo.es\/intl\/newsletter-abril-2024\/","og_locale":"es_ES","og_type":"article","og_title":"Newsletter Abril 2024","og_description":"[vc_row][vc_column][vc_single_image image=&#8221;20289&#8243; img_size=&#8221;full&#8221; alignment=&#8221;center&#8221;][\/vc_column][\/vc_row][vc_row u_row_style=&#8221;0&#8243; u_row_paralax=&#8221;0&#8243; u_row_scheme=&#8221;0&#8243;][vc_column][vc_column_text css=&#8221;.vc_custom_1718277707429{padding-top: 15px !important;padding-right: 15px !important;padding-bottom: 15px !important;padding-left: 15px !important;background-color: #dd9933 !important;border-radius: 5px !important;}&#8221;] \u00bfQu\u00e9 hay de nuevo? [\/vc_column_text][\/vc_column][\/vc_row][vc_row content_placement=&#8221;middle&#8221; u_row_style=&#8221;0&#8243; u_row_paralax=&#8221;0&#8243; u_row_scheme=&#8221;0&#8243;][vc_column width=&#8221;2\/3&#8243;][vc_column_text] Este semestre de Primavera nos ha dejado una sensaci\u00f3n especial. Hemos tenido un grupo de estudiantes muy activos; muchos de ellos se han quedado adem\u00e1s [&hellip;]","og_url":"https:\/\/www.upo.es\/intl\/newsletter-abril-2024\/","og_site_name":"Centro Universitario Internacional UPO","article_publisher":"https:\/\/www.facebook.com\/centrointernacionalUPO\/?ref=ts","article_published_time":"2024-05-13T12:20:58+00:00","article_modified_time":"2024-06-13T12:44:49+00:00","og_image":[{"url":"https:\/\/www.upo.es\/intl\/wp-content\/uploads\/2024\/06\/noticia.png"}],"twitter_card":"summary_large_image","twitter_creator":"@CuiUpo","twitter_site":"@CuiUpo","twitter_misc":{"Escrito por":"CUI","Tiempo de lectura":"6 minutos"},"schema":{"@context":"https:\/\/schema.org","@graph":[{"@type":"Organization","@id":"https:\/\/www.upo.es\/intl\/#organization","name":"Centro Universitario Internacional Universidad Pablo de Olavide","url":"https:\/\/www.upo.es\/intl\/","sameAs":["https:\/\/www.facebook.com\/centrointernacionalUPO\/?ref=ts","https:\/\/www.instagram.com\/cui_upo\/","https:\/\/www.youtube.com\/channel\/UCXvTsTmrSF31BCW1Ukowlvg","https:\/\/twitter.com\/CuiUpo"],"logo":{"@type":"ImageObject","@id":"https:\/\/www.upo.es\/intl\/#logo","inLanguage":"es","url":"https:\/\/www.upo.es\/intl\/wp-content\/uploads\/2016\/07\/logo_fondo_UPO.png","contentUrl":"https:\/\/www.upo.es\/intl\/wp-content\/uploads\/2016\/07\/logo_fondo_UPO.png","width":318,"height":120,"caption":"Centro Universitario Internacional Universidad Pablo de Olavide"},"image":{"@id":"https:\/\/www.upo.es\/intl\/#logo"}},{"@type":"WebSite","@id":"https:\/\/www.upo.es\/intl\/#website","url":"https:\/\/www.upo.es\/intl\/","name":"Centro Universitario Internacional UPO","description":"Programas de corta y larga duraci\u00f3n de lengua y cultura espa\u00f1ola. Se imparten clases en espa\u00f1ol e ingl\u00e9s de diferentes materias","publisher":{"@id":"https:\/\/www.upo.es\/intl\/#organization"},"potentialAction":[{"@type":"SearchAction","target":{"@type":"EntryPoint","urlTemplate":"https:\/\/www.upo.es\/intl\/?s={search_term_string}"},"query-input":"required name=search_term_string"}],"inLanguage":"es"},{"@type":"ImageObject","@id":"https:\/\/www.upo.es\/intl\/newsletter-abril-2024\/#primaryimage","inLanguage":"es","url":"https:\/\/www.upo.es\/intl\/wp-content\/uploads\/2024\/06\/noticia.png","contentUrl":"https:\/\/www.upo.es\/intl\/wp-content\/uploads\/2024\/06\/noticia.png","width":200,"height":200},{"@type":"WebPage","@id":"https:\/\/www.upo.es\/intl\/newsletter-abril-2024\/#webpage","url":"https:\/\/www.upo.es\/intl\/newsletter-abril-2024\/","name":"Newsletter Abril 2024","isPartOf":{"@id":"https:\/\/www.upo.es\/intl\/#website"},"primaryImageOfPage":{"@id":"https:\/\/www.upo.es\/intl\/newsletter-abril-2024\/#primaryimage"},"datePublished":"2024-05-13T12:20:58+00:00","dateModified":"2024-06-13T12:44:49+00:00","breadcrumb":{"@id":"https:\/\/www.upo.es\/intl\/newsletter-abril-2024\/#breadcrumb"},"inLanguage":"es","potentialAction":[{"@type":"ReadAction","target":["https:\/\/www.upo.es\/intl\/newsletter-abril-2024\/"]}]},{"@type":"BreadcrumbList","@id":"https:\/\/www.upo.es\/intl\/newsletter-abril-2024\/#breadcrumb","itemListElement":[{"@type":"ListItem","position":1,"name":"Portada","item":"https:\/\/www.upo.es\/intl\/"},{"@type":"ListItem","position":2,"name":"Newsletter Abril 2024"}]},{"@type":"Article","@id":"https:\/\/www.upo.es\/intl\/newsletter-abril-2024\/#article","isPartOf":{"@id":"https:\/\/www.upo.es\/intl\/newsletter-abril-2024\/#webpage"},"author":{"@id":"https:\/\/www.upo.es\/intl\/#\/schema\/person\/68c0e17a63d05fe51424b6cc156397c4"},"headline":"Newsletter Abril 2024","datePublished":"2024-05-13T12:20:58+00:00","dateModified":"2024-06-13T12:44:49+00:00","mainEntityOfPage":{"@id":"https:\/\/www.upo.es\/intl\/newsletter-abril-2024\/#webpage"},"wordCount":1291,"publisher":{"@id":"https:\/\/www.upo.es\/intl\/#organization"},"image":{"@id":"https:\/\/www.upo.es\/intl\/newsletter-abril-2024\/#primaryimage"},"thumbnailUrl":"https:\/\/www.upo.es\/intl\/wp-content\/uploads\/2024\/06\/noticia.png","articleSection":["Newsletter"],"inLanguage":"es"},{"@type":"Person","@id":"https:\/\/www.upo.es\/intl\/#\/schema\/person\/68c0e17a63d05fe51424b6cc156397c4","name":"CUI"}]}},"_links":{"self":[{"href":"https:\/\/www.upo.es\/intl\/wp-json\/wp\/v2\/posts\/20331"}],"collection":[{"href":"https:\/\/www.upo.es\/intl\/wp-json\/wp\/v2\/posts"}],"about":[{"href":"https:\/\/www.upo.es\/intl\/wp-json\/wp\/v2\/types\/post"}],"author":[{"embeddable":true,"href":"https:\/\/www.upo.es\/intl\/wp-json\/wp\/v2\/users\/1"}],"replies":[{"embeddable":true,"href":"https:\/\/www.upo.es\/intl\/wp-json\/wp\/v2\/comments?post=20331"}],"version-history":[{"count":2,"href":"https:\/\/www.upo.es\/intl\/wp-json\/wp\/v2\/posts\/20331\/revisions"}],"predecessor-version":[{"id":20333,"href":"https:\/\/www.upo.es\/intl\/wp-json\/wp\/v2\/posts\/20331\/revisions\/20333"}],"wp:attachment":[{"href":"https:\/\/www.upo.es\/intl\/wp-json\/wp\/v2\/media?parent=20331"}],"wp:term":[{"taxonomy":"category","embeddable":true,"href":"https:\/\/www.upo.es\/intl\/wp-json\/wp\/v2\/categories?post=20331"},{"taxonomy":"post_tag","embeddable":true,"href":"https:\/\/www.upo.es\/intl\/wp-json\/wp\/v2\/tags?post=20331"},{"taxonomy":"table_tags","embeddable":true,"href":"https:\/\/www.upo.es\/intl\/wp-json\/wp\/v2\/table_tags?post=20331"}],"curies":[{"name":"wp","href":"https:\/\/api.w.org\/{rel}","templated":true}]}}