{"id":5541,"global_id":"www.upo.es\/investiga\/HUM-680?id=5541","global_id_lineage":["www.upo.es\/investiga\/HUM-680?id=5541"],"author":"1","status":"publish","date":"2026-04-04 15:32:03","date_utc":"2026-04-04 15:32:03","modified":"2026-04-04 15:32:03","modified_utc":"2026-04-04 15:32:03","url":"https:\/\/www.upo.es\/investiga\/HUM-680\/event\/ciclo-de-conferencias-el-mediterraneo-y-el-atlantico-bajo-la-monarquia-hispanica-espacios-de-circulacion-de-agentes-e-intermediarios-8-de-abril-de-2026\/","rest_url":"https:\/\/www.upo.es\/investiga\/HUM-680\/wp-json\/tribe\/events\/v1\/events\/5541","title":"Ciclo de conferencias: El Mediterr\u00e1neo y el Atl\u00e1ntico bajo la Monarqu\u00eda Hisp\u00e1nica: Espacios de circulaci\u00f3n de agentes e intermediarios, 8 de abril de 2026","description":"<p><strong>El grupo PAIDI HUM 680 les hace part\u00edcipes del ciclo de conferencias del Departamento de Historia Moderna y de Am\u00e9rica de la Universidad de Granada: El Mediterr\u00e1neo y el Atl\u00e1ntico bajo la Monarqu\u00eda Hisp\u00e1nica: Espacios de circulaci\u00f3n de agentes e intermediarios. En \u00e9l, participar\u00e1 nuestro IP Manuel Herrero S\u00e1nchez en la sesi\u00f3n del 8 de abril con su intervenci\u00f3n titulada \u00abLa reforma del comercio atl\u00e1ntico y su encaje en la estructura de rep\u00fablicas urbanas de la Monarqu\u00eda en la segunda mitad del siglo XVII\u00bb.<\/strong><\/p>\n<p><strong>M\u00e1s informaci\u00f3n:\u00a0<a href=\"https:\/\/hmoderame.ugr.es\/informacion\/noticias\/ciclo-2026\">https:\/\/hmoderame.ugr.es\/informacion\/noticias\/ciclo-2026<\/a><\/strong><\/p>\n<p><img fetchpriority=\"high\" decoding=\"async\" src=\"https:\/\/www.upo.es\/investiga\/HUM-680\/wp-content\/uploads\/2026\/04\/Cartel-Ciclo-2026-UGR.jpg\" alt=\"\" width=\"1006\" height=\"712\" class=\"wp-image-5536  aligncenter\" srcset=\"https:\/\/www.upo.es\/investiga\/HUM-680\/wp-content\/uploads\/2026\/04\/Cartel-Ciclo-2026-UGR.jpg 800w, https:\/\/www.upo.es\/investiga\/HUM-680\/wp-content\/uploads\/2026\/04\/Cartel-Ciclo-2026-UGR-300x212.jpg 300w, https:\/\/www.upo.es\/investiga\/HUM-680\/wp-content\/uploads\/2026\/04\/Cartel-Ciclo-2026-UGR-768x543.jpg 768w\" sizes=\"(max-width: 1006px) 100vw, 1006px\" \/><\/p>","excerpt":"","slug":"ciclo-de-conferencias-el-mediterraneo-y-el-atlantico-bajo-la-monarquia-hispanica-espacios-de-circulacion-de-agentes-e-intermediarios-8-de-abril-de-2026","image":{"url":"https:\/\/www.upo.es\/investiga\/HUM-680\/wp-content\/uploads\/2026\/04\/Cartel-Ciclo-2026-UGR-1-pdf.jpg","id":5542,"extension":"pdf"},"all_day":true,"start_date":"2026-04-08 00:00:00","start_date_details":{"year":"2026","month":"04","day":"08","hour":"00","minutes":"00","seconds":"00"},"end_date":"2026-04-08 23:59:59","end_date_details":{"year":"2026","month":"04","day":"08","hour":"23","minutes":"59","seconds":"59"},"utc_start_date":"2026-04-08 00:00:00","utc_start_date_details":{"year":"2026","month":"04","day":"08","hour":"00","minutes":"00","seconds":"00"},"utc_end_date":"2026-04-08 23:59:59","utc_end_date_details":{"year":"2026","month":"04","day":"08","hour":"23","minutes":"59","seconds":"59"},"timezone":"UTC+0","timezone_abbr":"UTC+0","cost":"","cost_details":{"currency_symbol":"$","currency_code":"USD","currency_position":"prefix","values":[]},"website":"","show_map":true,"show_map_link":true,"hide_from_listings":false,"sticky":false,"featured":false,"categories":[],"tags":[],"venue":[],"organizer":[],"json_ld":{"@context":"http:\/\/schema.org","@type":"Event","name":"Ciclo de conferencias: El Mediterr\u00e1neo y el Atl\u00e1ntico bajo la Monarqu\u00eda Hisp\u00e1nica: Espacios de circulaci\u00f3n de agentes e intermediarios, 8 de abril de 2026","description":"&lt;p&gt;El grupo PAIDI HUM 680 les hace part\u00edcipes del ciclo de conferencias del Departamento de Historia Moderna y de Am\u00e9rica de la Universidad de Granada: El Mediterr\u00e1neo y el Atl\u00e1ntico bajo la Monarqu\u00eda Hisp\u00e1nica: Espacios de circulaci\u00f3n de agentes e intermediarios. En \u00e9l, participar\u00e1 nuestro IP Manuel Herrero S\u00e1nchez en [&hellip;]&lt;\/p&gt;\\n","image":"https:\/\/www.upo.es\/investiga\/HUM-680\/wp-content\/uploads\/2026\/04\/Cartel-Ciclo-2026-UGR-1.pdf","url":"https:\/\/www.upo.es\/investiga\/HUM-680\/event\/ciclo-de-conferencias-el-mediterraneo-y-el-atlantico-bajo-la-monarquia-hispanica-espacios-de-circulacion-de-agentes-e-intermediarios-8-de-abril-de-2026\/","eventAttendanceMode":"https:\/\/schema.org\/OfflineEventAttendanceMode","eventStatus":"https:\/\/schema.org\/EventScheduled","startDate":"2026-04-08T00:00:00+00:00","endDate":"2026-04-08T23:59:59+00:00","performer":"Organization"}}