{"id":5204,"date":"2025-12-26T17:10:04","date_gmt":"2025-12-26T17:10:04","guid":{"rendered":"https:\/\/www.upo.es\/investiga\/HUM-680\/?p=5204"},"modified":"2026-04-09T10:34:18","modified_gmt":"2026-04-09T10:34:18","slug":"primera-sesion-del-ciclo-de-conferencias-europa-el-mundo-mediterraneo-y-su-difusion-atlantica-2026","status":"publish","type":"post","link":"https:\/\/www.upo.es\/investiga\/HUM-680\/primera-sesion-del-ciclo-de-conferencias-europa-el-mundo-mediterraneo-y-su-difusion-atlantica-2026\/","title":{"rendered":"Primera sesi\u00f3n del ciclo de conferencias Europa, el mundo mediterr\u00e1neo y su difusi\u00f3n atl\u00e1ntica (2026)"},"content":{"rendered":"\t\t<div data-elementor-type=\"wp-post\" data-elementor-id=\"5204\" class=\"elementor elementor-5204\">\n\t\t\t\t\t\t<section class=\"elementor-section elementor-top-section elementor-element elementor-element-24d4d142 elementor-section-boxed elementor-section-height-default elementor-section-height-default\" data-id=\"24d4d142\" data-element_type=\"section\">\n\t\t\t\t\t\t<div class=\"elementor-container elementor-column-gap-default\">\n\t\t\t\t\t<div class=\"elementor-column elementor-col-100 elementor-top-column elementor-element elementor-element-6fcc80a1\" data-id=\"6fcc80a1\" data-element_type=\"column\">\n\t\t\t<div class=\"elementor-widget-wrap elementor-element-populated\">\n\t\t\t\t\t\t<div class=\"elementor-element elementor-element-67ef6904 elementor-widget elementor-widget-text-editor\" data-id=\"67ef6904\" data-element_type=\"widget\" data-widget_type=\"text-editor.default\">\n\t\t\t\t<div class=\"elementor-widget-container\">\n\t\t\t\t\t\t\t\t\t\n<p style=\"text-align: justify;\">El grupo PAIDI HUM 680 les invita a la primera sesi\u00f3n del ciclo de conferencias Europa, el mundo mediterr\u00e1neo y su difusi\u00f3n atl\u00e1ntica (2026) que tendr\u00e1 lugar el viernes 23 de enero a las 16:00h en la sala Enriqueta Vila Vilar de la EEHA (Calle Alfonso XII, 16, Sevilla).<\/p>\n\n<p>Contar\u00e1 con las siguientes intervenciones:<\/p>\n\n<ul>\n<li style=\"text-align: justify;\"><strong>Atz\u00edn Baena<\/strong> (Centro de Estudios Mayas, Instituto de Investigaciones Filol\u00f3gicas, Universidad Nacional Aut\u00f3noma de M\u00e9xico): \u00abRecursos ambientales, lenguas ind\u00edgenas y comercio interoce\u00e1nico en el reino de Guatemala, siglos XVI y XVII\u00bb.<\/li>\n\n<li style=\"text-align: justify;\"><strong>Alberto Hern\u00e1ndez P\u00e9rez<\/strong> (Universidad Aut\u00f3noma de Madrid): \u00abLos S\u00e1nchez de Tagle: entramados mercantiles en torno al Consulado de Ciudad de M\u00e9xico (1685-1725)\u00bb.<\/li>\n<\/ul>\n\n<p>Programa completo\u00a0<a href=\"https:\/\/www.upo.es\/investiga\/HUM-680\/wp-content\/uploads\/2026\/04\/Cartel_Ciclo2026_04_.pdf\">aqu\u00ed<\/a>.<\/p>\n\n<figure class=\"wp-block-image size-large is-resized\"><img fetchpriority=\"high\" decoding=\"async\" width=\"726\" height=\"1024\" src=\"https:\/\/www.upo.es\/investiga\/HUM-680\/wp-content\/uploads\/2025\/12\/Cartel_Ciclo2026_01_sesiones_enero_01-1-726x1024.jpg\" alt=\"\" class=\"wp-image-5205\" style=\"width: 838px; height: auto;\" srcset=\"https:\/\/www.upo.es\/investiga\/HUM-680\/wp-content\/uploads\/2025\/12\/Cartel_Ciclo2026_01_sesiones_enero_01-1-726x1024.jpg 726w, https:\/\/www.upo.es\/investiga\/HUM-680\/wp-content\/uploads\/2025\/12\/Cartel_Ciclo2026_01_sesiones_enero_01-1-213x300.jpg 213w, https:\/\/www.upo.es\/investiga\/HUM-680\/wp-content\/uploads\/2025\/12\/Cartel_Ciclo2026_01_sesiones_enero_01-1-768x1084.jpg 768w, https:\/\/www.upo.es\/investiga\/HUM-680\/wp-content\/uploads\/2025\/12\/Cartel_Ciclo2026_01_sesiones_enero_01-1-1088x1536.jpg 1088w, https:\/\/www.upo.es\/investiga\/HUM-680\/wp-content\/uploads\/2025\/12\/Cartel_Ciclo2026_01_sesiones_enero_01-1-1451x2048.jpg 1451w, https:\/\/www.upo.es\/investiga\/HUM-680\/wp-content\/uploads\/2025\/12\/Cartel_Ciclo2026_01_sesiones_enero_01-1-scaled.jpg 1814w\" sizes=\"(max-width: 726px) 100vw, 726px\" \/><\/figure>\n\t\t\t\t\t\t\t\t<\/div>\n\t\t\t\t<\/div>\n\t\t\t\t\t<\/div>\n\t\t<\/div>\n\t\t\t\t\t<\/div>\n\t\t<\/section>\n\t\t\t\t<\/div>\n\t\t","protected":false},"excerpt":{"rendered":"<p>El grupo PAIDI HUM 680 les invita a la primera sesi\u00f3n del ciclo de conferencias Europa, el mundo mediterr\u00e1neo y su difusi\u00f3n atl\u00e1ntica (2026) que tendr\u00e1 lugar el viernes 23 de enero a las 16:00h en la sala Enriqueta Vila Vilar de la EEHA (Calle Alfonso XII, 16, Sevilla). Contar\u00e1 [&hellip;]<\/p>\n","protected":false},"author":1,"featured_media":5206,"comment_status":"open","ping_status":"open","sticky":false,"template":"","format":"standard","meta":{"footnotes":""},"categories":[3,7,14],"tags":[],"_links":{"self":[{"href":"https:\/\/www.upo.es\/investiga\/HUM-680\/wp-json\/wp\/v2\/posts\/5204"}],"collection":[{"href":"https:\/\/www.upo.es\/investiga\/HUM-680\/wp-json\/wp\/v2\/posts"}],"about":[{"href":"https:\/\/www.upo.es\/investiga\/HUM-680\/wp-json\/wp\/v2\/types\/post"}],"author":[{"embeddable":true,"href":"https:\/\/www.upo.es\/investiga\/HUM-680\/wp-json\/wp\/v2\/users\/1"}],"replies":[{"embeddable":true,"href":"https:\/\/www.upo.es\/investiga\/HUM-680\/wp-json\/wp\/v2\/comments?post=5204"}],"version-history":[{"count":13,"href":"https:\/\/www.upo.es\/investiga\/HUM-680\/wp-json\/wp\/v2\/posts\/5204\/revisions"}],"predecessor-version":[{"id":5560,"href":"https:\/\/www.upo.es\/investiga\/HUM-680\/wp-json\/wp\/v2\/posts\/5204\/revisions\/5560"}],"wp:featuredmedia":[{"embeddable":true,"href":"https:\/\/www.upo.es\/investiga\/HUM-680\/wp-json\/wp\/v2\/media\/5206"}],"wp:attachment":[{"href":"https:\/\/www.upo.es\/investiga\/HUM-680\/wp-json\/wp\/v2\/media?parent=5204"}],"wp:term":[{"taxonomy":"category","embeddable":true,"href":"https:\/\/www.upo.es\/investiga\/HUM-680\/wp-json\/wp\/v2\/categories?post=5204"},{"taxonomy":"post_tag","embeddable":true,"href":"https:\/\/www.upo.es\/investiga\/HUM-680\/wp-json\/wp\/v2\/tags?post=5204"}],"curies":[{"name":"wp","href":"https:\/\/api.w.org\/{rel}","templated":true}]}}