{"id":8509,"date":"2025-12-09T19:15:55","date_gmt":"2025-12-09T18:15:55","guid":{"rendered":"https:\/\/www.upo.es\/investiga\/atlanrex\/?p=8509"},"modified":"2025-12-09T19:17:54","modified_gmt":"2025-12-09T18:17:54","slug":"8a-sesion-ii-edicion-ciclo-de-charlas-historia-dialogada-clio-ante-el-espejo","status":"publish","type":"post","link":"https:\/\/www.upo.es\/investiga\/atlanrex\/2025\/12\/09\/8a-sesion-ii-edicion-ciclo-de-charlas-historia-dialogada-clio-ante-el-espejo\/","title":{"rendered":"8\u00aa SESI\u00d3N II EDICI\u00d3N Ciclo de Charlas \u00abHistoria Dialogada: Cl\u00edo ante el espejo\u00bb"},"content":{"rendered":"\t\t<div data-elementor-type=\"wp-post\" data-elementor-id=\"8509\" class=\"elementor elementor-8509\">\n\t\t\t\t\t\t<section class=\"elementor-section elementor-top-section elementor-element elementor-element-490c1d3 elementor-section-boxed elementor-section-height-default elementor-section-height-default\" data-id=\"490c1d3\" data-element_type=\"section\" data-e-type=\"section\">\n\t\t\t\t\t\t<div class=\"elementor-container elementor-column-gap-default\">\n\t\t\t\t\t<div class=\"elementor-column elementor-col-100 elementor-top-column elementor-element elementor-element-074ea37\" data-id=\"074ea37\" data-element_type=\"column\" data-e-type=\"column\">\n\t\t\t<div class=\"elementor-widget-wrap elementor-element-populated\">\n\t\t\t\t\t\t<div class=\"elementor-element elementor-element-293409a elementor-widget elementor-widget-image\" data-id=\"293409a\" data-element_type=\"widget\" data-e-type=\"widget\" data-widget_type=\"image.default\">\n\t\t\t\t<div class=\"elementor-widget-container\">\n\t\t\t\t\t\t\t\t\t\t\t\t\t\t\t<img fetchpriority=\"high\" decoding=\"async\" width=\"576\" height=\"1024\" src=\"https:\/\/www.upo.es\/investiga\/atlanrex\/wp-content\/uploads\/2025\/12\/Historia-dialogada-Javier-Jose-Ruiz-Ibanez-576x1024.jpg\" class=\"attachment-large size-large wp-image-8511\" alt=\"\" srcset=\"https:\/\/www.upo.es\/investiga\/atlanrex\/wp-content\/uploads\/2025\/12\/Historia-dialogada-Javier-Jose-Ruiz-Ibanez-576x1024.jpg 576w, https:\/\/www.upo.es\/investiga\/atlanrex\/wp-content\/uploads\/2025\/12\/Historia-dialogada-Javier-Jose-Ruiz-Ibanez-169x300.jpg 169w, https:\/\/www.upo.es\/investiga\/atlanrex\/wp-content\/uploads\/2025\/12\/Historia-dialogada-Javier-Jose-Ruiz-Ibanez-768x1366.jpg 768w, https:\/\/www.upo.es\/investiga\/atlanrex\/wp-content\/uploads\/2025\/12\/Historia-dialogada-Javier-Jose-Ruiz-Ibanez-600x1067.jpg 600w, https:\/\/www.upo.es\/investiga\/atlanrex\/wp-content\/uploads\/2025\/12\/Historia-dialogada-Javier-Jose-Ruiz-Ibanez-864x1536.jpg 864w, https:\/\/www.upo.es\/investiga\/atlanrex\/wp-content\/uploads\/2025\/12\/Historia-dialogada-Javier-Jose-Ruiz-Ibanez-1152x2048.jpg 1152w, https:\/\/www.upo.es\/investiga\/atlanrex\/wp-content\/uploads\/2025\/12\/Historia-dialogada-Javier-Jose-Ruiz-Ibanez-1320x2347.jpg 1320w, https:\/\/www.upo.es\/investiga\/atlanrex\/wp-content\/uploads\/2025\/12\/Historia-dialogada-Javier-Jose-Ruiz-Ibanez-scaled.jpg 1440w\" sizes=\"(max-width: 576px) 100vw, 576px\" \/>\t\t\t\t\t\t\t\t\t\t\t\t\t\t\t<\/div>\n\t\t\t\t<\/div>\n\t\t\t\t\t<\/div>\n\t\t<\/div>\n\t\t\t\t\t<\/div>\n\t\t<\/section>\n\t\t\t\t<section class=\"elementor-section elementor-top-section elementor-element elementor-element-e998bbc elementor-section-boxed elementor-section-height-default elementor-section-height-default\" data-id=\"e998bbc\" data-element_type=\"section\" data-e-type=\"section\">\n\t\t\t\t\t\t<div class=\"elementor-container elementor-column-gap-default\">\n\t\t\t\t\t<div class=\"elementor-column elementor-col-100 elementor-top-column elementor-element elementor-element-12e497f\" data-id=\"12e497f\" data-element_type=\"column\" data-e-type=\"column\">\n\t\t\t<div class=\"elementor-widget-wrap elementor-element-populated\">\n\t\t\t\t\t\t<div class=\"elementor-element elementor-element-083df20 elementor-widget elementor-widget-text-editor\" data-id=\"083df20\" data-element_type=\"widget\" data-e-type=\"widget\" data-widget_type=\"text-editor.default\">\n\t\t\t\t<div class=\"elementor-widget-container\">\n\t\t\t\t\t\t\t\t\t<p><span>Nos complace anunciar la celebraci\u00f3n de la 8\u00aa sesi\u00f3n de la II Edici\u00f3n del Ciclo de Charlas \u00abHistoria Dialogada: Cl\u00edo ante el espejo\u00bb que tendr\u00e1 lugar el viernes, 12 de diciembre, entre las 11 y 13 horas. Tendremos el honor de recibir al profesor Jos\u00e9 Javier Ruiz Ib\u00e1\u00f1ez (Universidad de Murcia). El evento tendr\u00e1 lugar en la Sala de Grados de la Facultad de Filosof\u00eda y Letras. Y se podr\u00e1 seguir por Zoom a trav\u00e9s del siguiente enlace:\u00a0<\/span><a data-linkindex=\"0\" title=\"https:\/\/urldefense.com\/v3\/__https:\/\/us06web.zoom.us\/j\/85424765264__;!!D9dNQwwGXtA!WSkACvUAXSugxnrXfuMPVbL_vK7ps_IA8DCt95HwKTk67pXPkwrnA4qYZA4h_yQAtO0vrKiMRl9nilCta_OlD91mBQ$\" id=\"OWAee9534a0-9318-ae18-22de-1b41a99c34fa\" data-auth=\"NotApplicable\" rel=\"noopener noreferrer\" target=\"_blank\" href=\"https:\/\/urldefense.com\/v3\/__https:\/\/us06web.zoom.us\/j\/85424765264__;!!D9dNQwwGXtA!WSkACvUAXSugxnrXfuMPVbL_vK7ps_IA8DCt95HwKTk67pXPkwrnA4qYZA4h_yQAtO0vrKiMRl9nilCta_OlD91mBQ$\">https:\/\/us06web.zoom.us\/j\/85424765264<\/a><span>.<\/span><\/p>\t\t\t\t\t\t\t\t<\/div>\n\t\t\t\t<\/div>\n\t\t\t\t\t<\/div>\n\t\t<\/div>\n\t\t\t\t\t<\/div>\n\t\t<\/section>\n\t\t\t\t<\/div>\n\t\t","protected":false},"excerpt":{"rendered":"<p>Nos complace anunciar la celebraci\u00f3n de la 8\u00aa sesi\u00f3n de la II Edici\u00f3n del Ciclo de Charlas \u00abHistoria Dialogada: Cl\u00edo ante el espejo\u00bb que tendr\u00e1 lugar el viernes, 12 de diciembre, entre las 11 y 13 horas. Tendremos el honor de recibir al profesor Jos\u00e9 Javier Ruiz Ib\u00e1\u00f1ez (Universidad de [&hellip;]<\/p>\n","protected":false},"author":1,"featured_media":8511,"comment_status":"open","ping_status":"open","sticky":false,"template":"","format":"standard","meta":{"_themeisle_gutenberg_block_has_review":false,"footnotes":""},"categories":[82],"tags":[],"class_list":["post-8509","post","type-post","status-publish","format-standard","has-post-thumbnail","hentry","category-ciclo-de-charlas"],"_links":{"self":[{"href":"https:\/\/www.upo.es\/investiga\/atlanrex\/wp-json\/wp\/v2\/posts\/8509","targetHints":{"allow":["GET"]}}],"collection":[{"href":"https:\/\/www.upo.es\/investiga\/atlanrex\/wp-json\/wp\/v2\/posts"}],"about":[{"href":"https:\/\/www.upo.es\/investiga\/atlanrex\/wp-json\/wp\/v2\/types\/post"}],"author":[{"embeddable":true,"href":"https:\/\/www.upo.es\/investiga\/atlanrex\/wp-json\/wp\/v2\/users\/1"}],"replies":[{"embeddable":true,"href":"https:\/\/www.upo.es\/investiga\/atlanrex\/wp-json\/wp\/v2\/comments?post=8509"}],"version-history":[{"count":4,"href":"https:\/\/www.upo.es\/investiga\/atlanrex\/wp-json\/wp\/v2\/posts\/8509\/revisions"}],"predecessor-version":[{"id":8516,"href":"https:\/\/www.upo.es\/investiga\/atlanrex\/wp-json\/wp\/v2\/posts\/8509\/revisions\/8516"}],"wp:featuredmedia":[{"embeddable":true,"href":"https:\/\/www.upo.es\/investiga\/atlanrex\/wp-json\/wp\/v2\/media\/8511"}],"wp:attachment":[{"href":"https:\/\/www.upo.es\/investiga\/atlanrex\/wp-json\/wp\/v2\/media?parent=8509"}],"wp:term":[{"taxonomy":"category","embeddable":true,"href":"https:\/\/www.upo.es\/investiga\/atlanrex\/wp-json\/wp\/v2\/categories?post=8509"},{"taxonomy":"post_tag","embeddable":true,"href":"https:\/\/www.upo.es\/investiga\/atlanrex\/wp-json\/wp\/v2\/tags?post=8509"}],"curies":[{"name":"wp","href":"https:\/\/api.w.org\/{rel}","templated":true}]}}