{"id":8520,"date":"2025-12-09T19:32:42","date_gmt":"2025-12-09T18:32:42","guid":{"rendered":"https:\/\/www.upo.es\/investiga\/atlanrex\/?p=8520"},"modified":"2025-12-09T19:35:25","modified_gmt":"2025-12-09T18:35:25","slug":"viii-seminari-permanent-del-geicp-las-potencias-protestantes-y-la-monarquia-hispanica-durante-el-siglo-xvii-del-enfrentamiento-a-la-alianza","status":"publish","type":"post","link":"https:\/\/www.upo.es\/investiga\/atlanrex\/2025\/12\/09\/viii-seminari-permanent-del-geicp-las-potencias-protestantes-y-la-monarquia-hispanica-durante-el-siglo-xvii-del-enfrentamiento-a-la-alianza\/","title":{"rendered":"VIII SEMINARI PERMANENT del GEICP Las potencias protestantes y la Monarqu\u00eda hisp\u00e1nica durante el siglo XVII: del enfrentamiento a la alianza"},"content":{"rendered":"\t\t<div data-elementor-type=\"wp-post\" data-elementor-id=\"8520\" class=\"elementor elementor-8520\">\n\t\t\t\t\t\t<section class=\"elementor-section elementor-top-section elementor-element elementor-element-3f95078 elementor-section-boxed elementor-section-height-default elementor-section-height-default\" data-id=\"3f95078\" data-element_type=\"section\" data-e-type=\"section\">\n\t\t\t\t\t\t<div class=\"elementor-container elementor-column-gap-default\">\n\t\t\t\t\t<div class=\"elementor-column elementor-col-100 elementor-top-column elementor-element elementor-element-8ccb144\" data-id=\"8ccb144\" data-element_type=\"column\" data-e-type=\"column\">\n\t\t\t<div class=\"elementor-widget-wrap elementor-element-populated\">\n\t\t\t\t\t\t<div class=\"elementor-element elementor-element-335b5be elementor-widget elementor-widget-image\" data-id=\"335b5be\" data-element_type=\"widget\" data-e-type=\"widget\" data-widget_type=\"image.default\">\n\t\t\t\t<div class=\"elementor-widget-container\">\n\t\t\t\t\t\t\t\t\t\t\t\t\t\t\t<img fetchpriority=\"high\" decoding=\"async\" width=\"724\" height=\"1024\" src=\"https:\/\/www.upo.es\/investiga\/atlanrex\/wp-content\/uploads\/2025\/12\/Cartell-Las-potencias-protestantes.v2_page-0001-724x1024.jpg\" class=\"attachment-large size-large wp-image-8521\" alt=\"\" srcset=\"https:\/\/www.upo.es\/investiga\/atlanrex\/wp-content\/uploads\/2025\/12\/Cartell-Las-potencias-protestantes.v2_page-0001-724x1024.jpg 724w, https:\/\/www.upo.es\/investiga\/atlanrex\/wp-content\/uploads\/2025\/12\/Cartell-Las-potencias-protestantes.v2_page-0001-212x300.jpg 212w, https:\/\/www.upo.es\/investiga\/atlanrex\/wp-content\/uploads\/2025\/12\/Cartell-Las-potencias-protestantes.v2_page-0001-768x1086.jpg 768w, https:\/\/www.upo.es\/investiga\/atlanrex\/wp-content\/uploads\/2025\/12\/Cartell-Las-potencias-protestantes.v2_page-0001-600x849.jpg 600w, https:\/\/www.upo.es\/investiga\/atlanrex\/wp-content\/uploads\/2025\/12\/Cartell-Las-potencias-protestantes.v2_page-0001-1086x1536.jpg 1086w, https:\/\/www.upo.es\/investiga\/atlanrex\/wp-content\/uploads\/2025\/12\/Cartell-Las-potencias-protestantes.v2_page-0001-1448x2048.jpg 1448w, https:\/\/www.upo.es\/investiga\/atlanrex\/wp-content\/uploads\/2025\/12\/Cartell-Las-potencias-protestantes.v2_page-0001-1320x1867.jpg 1320w, https:\/\/www.upo.es\/investiga\/atlanrex\/wp-content\/uploads\/2025\/12\/Cartell-Las-potencias-protestantes.v2_page-0001-scaled.jpg 1810w\" sizes=\"(max-width: 724px) 100vw, 724px\" \/>\t\t\t\t\t\t\t\t\t\t\t\t\t\t\t<\/div>\n\t\t\t\t<\/div>\n\t\t\t\t\t<\/div>\n\t\t<\/div>\n\t\t\t\t\t<\/div>\n\t\t<\/section>\n\t\t\t\t<section class=\"elementor-section elementor-top-section elementor-element elementor-element-2aa10b2 elementor-section-boxed elementor-section-height-default elementor-section-height-default\" data-id=\"2aa10b2\" data-element_type=\"section\" data-e-type=\"section\">\n\t\t\t\t\t\t<div class=\"elementor-container elementor-column-gap-default\">\n\t\t\t\t\t<div class=\"elementor-column elementor-col-100 elementor-top-column elementor-element elementor-element-59935c0\" data-id=\"59935c0\" data-element_type=\"column\" data-e-type=\"column\">\n\t\t\t<div class=\"elementor-widget-wrap elementor-element-populated\">\n\t\t\t\t\t\t<div class=\"elementor-element elementor-element-c004685 elementor-widget elementor-widget-text-editor\" data-id=\"c004685\" data-element_type=\"widget\" data-e-type=\"widget\" data-widget_type=\"text-editor.default\">\n\t\t\t\t<div class=\"elementor-widget-container\">\n\t\t\t\t\t\t\t\t\t<p>Nos complace anunciar la participaci\u00f3n del IP2, Manuel Herrero S\u00e1nchez, en el VIII Seminari permanent del GEICP donde impartir\u00e1 la conferencia titulada \u00abLas potencias protestantes y la Monarqu\u00eda hisp\u00e1nica durante el siglo XVII: del enfrentamiento a la alianza\u00bb. La sesi\u00f3n tendr\u00e1 lugar el mi\u00e9rcoles, 10 de diciembre, entre las 11:00 y 13:00 en el Auditori Merc\u00e8 Rodoreda del Campus de la Ciutadella &#8211; Jaume I (Universitat Pompeu Fabra).\u00a0<\/p>\t\t\t\t\t\t\t\t<\/div>\n\t\t\t\t<\/div>\n\t\t\t\t\t<\/div>\n\t\t<\/div>\n\t\t\t\t\t<\/div>\n\t\t<\/section>\n\t\t\t\t<\/div>\n\t\t","protected":false},"excerpt":{"rendered":"<p>Nos complace anunciar la participaci\u00f3n del IP2, Manuel Herrero S\u00e1nchez, en el VIII Seminari permanent del GEICP donde impartir\u00e1 la conferencia titulada \u00abLas potencias protestantes y la Monarqu\u00eda hisp\u00e1nica durante el siglo XVII: del enfrentamiento a la alianza\u00bb. La sesi\u00f3n tendr\u00e1 lugar el mi\u00e9rcoles, 10 de diciembre, entre las 11:00 [&hellip;]<\/p>\n","protected":false},"author":1,"featured_media":8521,"comment_status":"open","ping_status":"open","sticky":false,"template":"","format":"standard","meta":{"_themeisle_gutenberg_block_has_review":false,"footnotes":""},"categories":[54],"tags":[],"class_list":["post-8520","post","type-post","status-publish","format-standard","has-post-thumbnail","hentry","category-seminarios"],"_links":{"self":[{"href":"https:\/\/www.upo.es\/investiga\/atlanrex\/wp-json\/wp\/v2\/posts\/8520","targetHints":{"allow":["GET"]}}],"collection":[{"href":"https:\/\/www.upo.es\/investiga\/atlanrex\/wp-json\/wp\/v2\/posts"}],"about":[{"href":"https:\/\/www.upo.es\/investiga\/atlanrex\/wp-json\/wp\/v2\/types\/post"}],"author":[{"embeddable":true,"href":"https:\/\/www.upo.es\/investiga\/atlanrex\/wp-json\/wp\/v2\/users\/1"}],"replies":[{"embeddable":true,"href":"https:\/\/www.upo.es\/investiga\/atlanrex\/wp-json\/wp\/v2\/comments?post=8520"}],"version-history":[{"count":4,"href":"https:\/\/www.upo.es\/investiga\/atlanrex\/wp-json\/wp\/v2\/posts\/8520\/revisions"}],"predecessor-version":[{"id":8525,"href":"https:\/\/www.upo.es\/investiga\/atlanrex\/wp-json\/wp\/v2\/posts\/8520\/revisions\/8525"}],"wp:featuredmedia":[{"embeddable":true,"href":"https:\/\/www.upo.es\/investiga\/atlanrex\/wp-json\/wp\/v2\/media\/8521"}],"wp:attachment":[{"href":"https:\/\/www.upo.es\/investiga\/atlanrex\/wp-json\/wp\/v2\/media?parent=8520"}],"wp:term":[{"taxonomy":"category","embeddable":true,"href":"https:\/\/www.upo.es\/investiga\/atlanrex\/wp-json\/wp\/v2\/categories?post=8520"},{"taxonomy":"post_tag","embeddable":true,"href":"https:\/\/www.upo.es\/investiga\/atlanrex\/wp-json\/wp\/v2\/tags?post=8520"}],"curies":[{"name":"wp","href":"https:\/\/api.w.org\/{rel}","templated":true}]}}