{"id":8529,"date":"2025-12-09T19:44:57","date_gmt":"2025-12-09T18:44:57","guid":{"rendered":"https:\/\/www.upo.es\/investiga\/atlanrex\/?p=8529"},"modified":"2025-12-09T19:49:50","modified_gmt":"2025-12-09T18:49:50","slug":"sesion-ciclo-de-conferencias-2025-europa-el-mundo-mediterraneo-y-su-difusion-atlantica","status":"publish","type":"post","link":"https:\/\/www.upo.es\/investiga\/atlanrex\/2025\/12\/09\/sesion-ciclo-de-conferencias-2025-europa-el-mundo-mediterraneo-y-su-difusion-atlantica\/","title":{"rendered":"SESI\u00d3N CICLO DE CONFERENCIAS 2025 \u00abEuropa, el mundo mediterr\u00e1neo y su difusi\u00f3n atl\u00e1ntica\u00bb"},"content":{"rendered":"\t\t<div data-elementor-type=\"wp-post\" data-elementor-id=\"8529\" class=\"elementor elementor-8529\">\n\t\t\t\t\t\t<section class=\"elementor-section elementor-top-section elementor-element elementor-element-907e18d elementor-section-boxed elementor-section-height-default elementor-section-height-default\" data-id=\"907e18d\" data-element_type=\"section\" data-e-type=\"section\">\n\t\t\t\t\t\t<div class=\"elementor-container elementor-column-gap-default\">\n\t\t\t\t\t<div class=\"elementor-column elementor-col-100 elementor-top-column elementor-element elementor-element-0340a0e\" data-id=\"0340a0e\" data-element_type=\"column\" data-e-type=\"column\">\n\t\t\t<div class=\"elementor-widget-wrap elementor-element-populated\">\n\t\t\t\t\t\t<div class=\"elementor-element elementor-element-a2ff376 elementor-widget elementor-widget-image\" data-id=\"a2ff376\" data-element_type=\"widget\" data-e-type=\"widget\" data-widget_type=\"image.default\">\n\t\t\t\t<div class=\"elementor-widget-container\">\n\t\t\t\t\t\t\t\t\t\t\t\t\t\t\t<img fetchpriority=\"high\" decoding=\"async\" width=\"724\" height=\"1024\" src=\"https:\/\/www.upo.es\/investiga\/atlanrex\/wp-content\/uploads\/2025\/12\/Cartel_F_Ciclo2025_09c_Sesiones_diciembre_02_page-0001-724x1024.jpg\" class=\"attachment-large size-large wp-image-8530\" alt=\"\" srcset=\"https:\/\/www.upo.es\/investiga\/atlanrex\/wp-content\/uploads\/2025\/12\/Cartel_F_Ciclo2025_09c_Sesiones_diciembre_02_page-0001-724x1024.jpg 724w, https:\/\/www.upo.es\/investiga\/atlanrex\/wp-content\/uploads\/2025\/12\/Cartel_F_Ciclo2025_09c_Sesiones_diciembre_02_page-0001-212x300.jpg 212w, https:\/\/www.upo.es\/investiga\/atlanrex\/wp-content\/uploads\/2025\/12\/Cartel_F_Ciclo2025_09c_Sesiones_diciembre_02_page-0001-768x1086.jpg 768w, https:\/\/www.upo.es\/investiga\/atlanrex\/wp-content\/uploads\/2025\/12\/Cartel_F_Ciclo2025_09c_Sesiones_diciembre_02_page-0001-600x849.jpg 600w, https:\/\/www.upo.es\/investiga\/atlanrex\/wp-content\/uploads\/2025\/12\/Cartel_F_Ciclo2025_09c_Sesiones_diciembre_02_page-0001-1086x1536.jpg 1086w, https:\/\/www.upo.es\/investiga\/atlanrex\/wp-content\/uploads\/2025\/12\/Cartel_F_Ciclo2025_09c_Sesiones_diciembre_02_page-0001-1448x2048.jpg 1448w, https:\/\/www.upo.es\/investiga\/atlanrex\/wp-content\/uploads\/2025\/12\/Cartel_F_Ciclo2025_09c_Sesiones_diciembre_02_page-0001-1320x1867.jpg 1320w, https:\/\/www.upo.es\/investiga\/atlanrex\/wp-content\/uploads\/2025\/12\/Cartel_F_Ciclo2025_09c_Sesiones_diciembre_02_page-0001-scaled.jpg 1810w\" sizes=\"(max-width: 724px) 100vw, 724px\" \/>\t\t\t\t\t\t\t\t\t\t\t\t\t\t\t<\/div>\n\t\t\t\t<\/div>\n\t\t\t\t\t<\/div>\n\t\t<\/div>\n\t\t\t\t\t<\/div>\n\t\t<\/section>\n\t\t\t\t<section class=\"elementor-section elementor-top-section elementor-element elementor-element-36a534a elementor-section-boxed elementor-section-height-default elementor-section-height-default\" data-id=\"36a534a\" data-element_type=\"section\" data-e-type=\"section\">\n\t\t\t\t\t\t<div class=\"elementor-container elementor-column-gap-default\">\n\t\t\t\t\t<div class=\"elementor-column elementor-col-100 elementor-top-column elementor-element elementor-element-909e979\" data-id=\"909e979\" data-element_type=\"column\" data-e-type=\"column\">\n\t\t\t<div class=\"elementor-widget-wrap elementor-element-populated\">\n\t\t\t\t\t\t<div class=\"elementor-element elementor-element-4d7016b elementor-widget elementor-widget-text-editor\" data-id=\"4d7016b\" data-element_type=\"widget\" data-e-type=\"widget\" data-widget_type=\"text-editor.default\">\n\t\t\t\t<div class=\"elementor-widget-container\">\n\t\t\t\t\t\t\t\t\t<p>Nos complace anunciar la celebraci\u00f3n de la \u00faltima sesi\u00f3n de la edici\u00f3n 2025 del Ciclo de Conferencias \u00abEuropa, el mundo mediterr\u00e1neo y su difusi\u00f3n atl\u00e1ntica\u00bb. Durante la sesi\u00f3n se impartir\u00e1n 2 conferencias, una a cargo de Martin Biersack (Universidad de Granada) titulada \u00abM\u00e9todos de control y sospechas sobre la poblaci\u00f3n de Hispanoam\u00e9rica, 1766-1820\u00bb y otra de Antonio Jos\u00e9 Jim\u00e9nez Garc\u00eda-Baquero (Escuela de Estudios Hispano-Americanos\/Instituto de Historia, CSIC \/ Universidad de Sevilla) sobre \u00abCiencia y territorio en la ciudad de M\u00e9xico. Un laboratorio de ideas a cielo abierto (siglos XVI y XVII)\u00bb.\u00a0<\/p><p>La sesi\u00f3n se desarrollar\u00e1 el 12 de diciembre a partir de las 16:00 en la Escuela de Estudios Hispano-Americanos de Sevilla. Tambi\u00e9n se podr\u00e1 seguir a trav\u00e9s de Blackboard Collaborate: <a href=\"https:\/\/eu.bbcollab.com\/guest\/d3fa10a83f004b32beb41346757b488c\">https:\/\/eu.bbcollab.com\/guest\/d3fa10a83f004b32beb41346757b488c<\/a>.\u00a0<\/p>\t\t\t\t\t\t\t\t<\/div>\n\t\t\t\t<\/div>\n\t\t\t\t\t<\/div>\n\t\t<\/div>\n\t\t\t\t\t<\/div>\n\t\t<\/section>\n\t\t\t\t<\/div>\n\t\t","protected":false},"excerpt":{"rendered":"<p>Nos complace anunciar la celebraci\u00f3n de la \u00faltima sesi\u00f3n de la edici\u00f3n 2025 del Ciclo de Conferencias \u00abEuropa, el mundo mediterr\u00e1neo y su difusi\u00f3n atl\u00e1ntica\u00bb. Durante la sesi\u00f3n se impartir\u00e1n 2 conferencias, una a cargo de Martin Biersack (Universidad de Granada) titulada \u00abM\u00e9todos de control y sospechas sobre la poblaci\u00f3n [&hellip;]<\/p>\n","protected":false},"author":1,"featured_media":8530,"comment_status":"open","ping_status":"open","sticky":false,"template":"","format":"standard","meta":{"_themeisle_gutenberg_block_has_review":false,"footnotes":""},"categories":[64],"tags":[],"class_list":["post-8529","post","type-post","status-publish","format-standard","has-post-thumbnail","hentry","category-ciclo-de-conferencias"],"_links":{"self":[{"href":"https:\/\/www.upo.es\/investiga\/atlanrex\/wp-json\/wp\/v2\/posts\/8529","targetHints":{"allow":["GET"]}}],"collection":[{"href":"https:\/\/www.upo.es\/investiga\/atlanrex\/wp-json\/wp\/v2\/posts"}],"about":[{"href":"https:\/\/www.upo.es\/investiga\/atlanrex\/wp-json\/wp\/v2\/types\/post"}],"author":[{"embeddable":true,"href":"https:\/\/www.upo.es\/investiga\/atlanrex\/wp-json\/wp\/v2\/users\/1"}],"replies":[{"embeddable":true,"href":"https:\/\/www.upo.es\/investiga\/atlanrex\/wp-json\/wp\/v2\/comments?post=8529"}],"version-history":[{"count":4,"href":"https:\/\/www.upo.es\/investiga\/atlanrex\/wp-json\/wp\/v2\/posts\/8529\/revisions"}],"predecessor-version":[{"id":8534,"href":"https:\/\/www.upo.es\/investiga\/atlanrex\/wp-json\/wp\/v2\/posts\/8529\/revisions\/8534"}],"wp:featuredmedia":[{"embeddable":true,"href":"https:\/\/www.upo.es\/investiga\/atlanrex\/wp-json\/wp\/v2\/media\/8530"}],"wp:attachment":[{"href":"https:\/\/www.upo.es\/investiga\/atlanrex\/wp-json\/wp\/v2\/media?parent=8529"}],"wp:term":[{"taxonomy":"category","embeddable":true,"href":"https:\/\/www.upo.es\/investiga\/atlanrex\/wp-json\/wp\/v2\/categories?post=8529"},{"taxonomy":"post_tag","embeddable":true,"href":"https:\/\/www.upo.es\/investiga\/atlanrex\/wp-json\/wp\/v2\/tags?post=8529"}],"curies":[{"name":"wp","href":"https:\/\/api.w.org\/{rel}","templated":true}]}}