{"id":8674,"date":"2026-01-21T09:32:46","date_gmt":"2026-01-21T08:32:46","guid":{"rendered":"https:\/\/www.upo.es\/investiga\/atlanrex\/?p=8674"},"modified":"2026-01-21T09:37:24","modified_gmt":"2026-01-21T08:37:24","slug":"1a-sesion-ciclo-de-conferencias-2026-europa-el-mundo-mediterraneo-y-su-difusion-atlantica","status":"publish","type":"post","link":"https:\/\/www.upo.es\/investiga\/atlanrex\/2026\/01\/21\/1a-sesion-ciclo-de-conferencias-2026-europa-el-mundo-mediterraneo-y-su-difusion-atlantica\/","title":{"rendered":"1\u00aa SESI\u00d3N CICLO DE CONFERENCIAS 2026 Europa, el mundo mediterr\u00e1neo y su difusi\u00f3n atl\u00e1ntica"},"content":{"rendered":"\t\t<div data-elementor-type=\"wp-post\" data-elementor-id=\"8674\" class=\"elementor elementor-8674\">\n\t\t\t\t\t\t<section class=\"elementor-section elementor-top-section elementor-element elementor-element-a96d74f elementor-section-boxed elementor-section-height-default elementor-section-height-default\" data-id=\"a96d74f\" data-element_type=\"section\" data-e-type=\"section\">\n\t\t\t\t\t\t<div class=\"elementor-container elementor-column-gap-default\">\n\t\t\t\t\t<div class=\"elementor-column elementor-col-100 elementor-top-column elementor-element elementor-element-d78c5a6\" data-id=\"d78c5a6\" data-element_type=\"column\" data-e-type=\"column\">\n\t\t\t<div class=\"elementor-widget-wrap elementor-element-populated\">\n\t\t\t\t\t\t<div class=\"elementor-element elementor-element-12a3fce elementor-widget elementor-widget-image\" data-id=\"12a3fce\" data-element_type=\"widget\" data-e-type=\"widget\" data-widget_type=\"image.default\">\n\t\t\t\t<div class=\"elementor-widget-container\">\n\t\t\t\t\t\t\t\t\t\t\t\t\t\t\t<img fetchpriority=\"high\" decoding=\"async\" width=\"726\" height=\"1024\" src=\"https:\/\/www.upo.es\/investiga\/atlanrex\/wp-content\/uploads\/2026\/01\/Cartel_Ciclo2026_01_sesiones_enero_01-726x1024.jpg\" class=\"attachment-large size-large wp-image-8675\" alt=\"\" srcset=\"https:\/\/www.upo.es\/investiga\/atlanrex\/wp-content\/uploads\/2026\/01\/Cartel_Ciclo2026_01_sesiones_enero_01-726x1024.jpg 726w, https:\/\/www.upo.es\/investiga\/atlanrex\/wp-content\/uploads\/2026\/01\/Cartel_Ciclo2026_01_sesiones_enero_01-213x300.jpg 213w, https:\/\/www.upo.es\/investiga\/atlanrex\/wp-content\/uploads\/2026\/01\/Cartel_Ciclo2026_01_sesiones_enero_01-768x1084.jpg 768w, https:\/\/www.upo.es\/investiga\/atlanrex\/wp-content\/uploads\/2026\/01\/Cartel_Ciclo2026_01_sesiones_enero_01-600x847.jpg 600w, https:\/\/www.upo.es\/investiga\/atlanrex\/wp-content\/uploads\/2026\/01\/Cartel_Ciclo2026_01_sesiones_enero_01-1088x1536.jpg 1088w, https:\/\/www.upo.es\/investiga\/atlanrex\/wp-content\/uploads\/2026\/01\/Cartel_Ciclo2026_01_sesiones_enero_01-1451x2048.jpg 1451w, https:\/\/www.upo.es\/investiga\/atlanrex\/wp-content\/uploads\/2026\/01\/Cartel_Ciclo2026_01_sesiones_enero_01-1320x1863.jpg 1320w, https:\/\/www.upo.es\/investiga\/atlanrex\/wp-content\/uploads\/2026\/01\/Cartel_Ciclo2026_01_sesiones_enero_01-scaled.jpg 1814w\" sizes=\"(max-width: 726px) 100vw, 726px\" \/>\t\t\t\t\t\t\t\t\t\t\t\t\t\t\t<\/div>\n\t\t\t\t<\/div>\n\t\t\t\t\t<\/div>\n\t\t<\/div>\n\t\t\t\t\t<\/div>\n\t\t<\/section>\n\t\t\t\t<section class=\"elementor-section elementor-top-section elementor-element elementor-element-c263b08 elementor-section-boxed elementor-section-height-default elementor-section-height-default\" data-id=\"c263b08\" data-element_type=\"section\" data-e-type=\"section\">\n\t\t\t\t\t\t<div class=\"elementor-container elementor-column-gap-default\">\n\t\t\t\t\t<div class=\"elementor-column elementor-col-100 elementor-top-column elementor-element elementor-element-17bd975\" data-id=\"17bd975\" data-element_type=\"column\" data-e-type=\"column\">\n\t\t\t<div class=\"elementor-widget-wrap elementor-element-populated\">\n\t\t\t\t\t\t<div class=\"elementor-element elementor-element-462ea98 elementor-widget elementor-widget-text-editor\" data-id=\"462ea98\" data-element_type=\"widget\" data-e-type=\"widget\" data-widget_type=\"text-editor.default\">\n\t\t\t\t<div class=\"elementor-widget-container\">\n\t\t\t\t\t\t\t\t\t<p>Nos complace anunciar la celebraci\u00f3n de la 1\u00aa sesi\u00f3n del Ciclo de Conferencias 2026 \u00abEuropa, el mundo mediterr\u00e1neo y su difusi\u00f3n atl\u00e1ntica. Esta sesi\u00f3n contar\u00e1 con la participaci\u00f3n de Atz\u00edn Baena (Centro de Estudios Mayas, Instituto de Investigaciones Filol\u00f3gicas, Universidad Nacional Aut\u00f3noma de M\u00e9xico\u00bb sobre \u00abRecursos ambientales, lenguas ind\u00edgenas y comercio interoce\u00e1nico en el reino de Guatemala, siglos XVI y XVII\u00bb y Alberto Hern\u00e1ndez P\u00e9rez (Universidad Aut\u00f3noma de Madrid) sobre \u00abLos S\u00e1nchez de Tagle: entramados mercantiles en torno al Consulado de Ciudad de M\u00e9xico (1685-1725)\u00bb.<\/p><p>La sesi\u00f3n tendr\u00e1 lugar el viernes, 23 de febrero, a partir de las 4 en la Escuela de Estudios Hispano-Americanos (Sevilla) y se podr\u00e1 seguir a trav\u00e9s de Blackboard Collaborate: <a href=\"https:\/\/eu.bbcollab.com\/guest\/86d3a7c8a5a9452fa572b54373bebd26\">https:\/\/eu.bbcollab.com\/guest\/86d3a7c8a5a9452fa572b54373bebd26<\/a>.<\/p>\t\t\t\t\t\t\t\t<\/div>\n\t\t\t\t<\/div>\n\t\t\t\t\t<\/div>\n\t\t<\/div>\n\t\t\t\t\t<\/div>\n\t\t<\/section>\n\t\t\t\t<\/div>\n\t\t","protected":false},"excerpt":{"rendered":"<p>Nos complace anunciar la celebraci\u00f3n de la 1\u00aa sesi\u00f3n del Ciclo de Conferencias 2026 \u00abEuropa, el mundo mediterr\u00e1neo y su difusi\u00f3n atl\u00e1ntica. Esta sesi\u00f3n contar\u00e1 con la participaci\u00f3n de Atz\u00edn Baena (Centro de Estudios Mayas, Instituto de Investigaciones Filol\u00f3gicas, Universidad Nacional Aut\u00f3noma de M\u00e9xico\u00bb sobre \u00abRecursos ambientales, lenguas ind\u00edgenas y [&hellip;]<\/p>\n","protected":false},"author":1,"featured_media":8675,"comment_status":"open","ping_status":"open","sticky":false,"template":"","format":"standard","meta":{"_themeisle_gutenberg_block_has_review":false,"footnotes":""},"categories":[64],"tags":[],"class_list":["post-8674","post","type-post","status-publish","format-standard","has-post-thumbnail","hentry","category-ciclo-de-conferencias"],"_links":{"self":[{"href":"https:\/\/www.upo.es\/investiga\/atlanrex\/wp-json\/wp\/v2\/posts\/8674","targetHints":{"allow":["GET"]}}],"collection":[{"href":"https:\/\/www.upo.es\/investiga\/atlanrex\/wp-json\/wp\/v2\/posts"}],"about":[{"href":"https:\/\/www.upo.es\/investiga\/atlanrex\/wp-json\/wp\/v2\/types\/post"}],"author":[{"embeddable":true,"href":"https:\/\/www.upo.es\/investiga\/atlanrex\/wp-json\/wp\/v2\/users\/1"}],"replies":[{"embeddable":true,"href":"https:\/\/www.upo.es\/investiga\/atlanrex\/wp-json\/wp\/v2\/comments?post=8674"}],"version-history":[{"count":4,"href":"https:\/\/www.upo.es\/investiga\/atlanrex\/wp-json\/wp\/v2\/posts\/8674\/revisions"}],"predecessor-version":[{"id":8679,"href":"https:\/\/www.upo.es\/investiga\/atlanrex\/wp-json\/wp\/v2\/posts\/8674\/revisions\/8679"}],"wp:featuredmedia":[{"embeddable":true,"href":"https:\/\/www.upo.es\/investiga\/atlanrex\/wp-json\/wp\/v2\/media\/8675"}],"wp:attachment":[{"href":"https:\/\/www.upo.es\/investiga\/atlanrex\/wp-json\/wp\/v2\/media?parent=8674"}],"wp:term":[{"taxonomy":"category","embeddable":true,"href":"https:\/\/www.upo.es\/investiga\/atlanrex\/wp-json\/wp\/v2\/categories?post=8674"},{"taxonomy":"post_tag","embeddable":true,"href":"https:\/\/www.upo.es\/investiga\/atlanrex\/wp-json\/wp\/v2\/tags?post=8674"}],"curies":[{"name":"wp","href":"https:\/\/api.w.org\/{rel}","templated":true}]}}