{"id":8701,"date":"2026-01-26T10:29:37","date_gmt":"2026-01-26T09:29:37","guid":{"rendered":"https:\/\/www.upo.es\/investiga\/atlanrex\/?p=8701"},"modified":"2026-01-26T10:33:01","modified_gmt":"2026-01-26T09:33:01","slug":"10a-sesion-ii-ciclo-de-charlas-historia-dialogada-clio-ante-el-espejo","status":"publish","type":"post","link":"https:\/\/www.upo.es\/investiga\/atlanrex\/2026\/01\/26\/10a-sesion-ii-ciclo-de-charlas-historia-dialogada-clio-ante-el-espejo\/","title":{"rendered":"10\u00aa SESI\u00d3N II CICLO DE CHARLAS \u00abHistoria Dialogada: Cl\u00edo ante el espejo\u00bb"},"content":{"rendered":"\t\t<div data-elementor-type=\"wp-post\" data-elementor-id=\"8701\" class=\"elementor elementor-8701\">\n\t\t\t\t\t\t<section class=\"elementor-section elementor-top-section elementor-element elementor-element-1079d38 elementor-section-boxed elementor-section-height-default elementor-section-height-default\" data-id=\"1079d38\" data-element_type=\"section\" data-e-type=\"section\">\n\t\t\t\t\t\t<div class=\"elementor-container elementor-column-gap-default\">\n\t\t\t\t\t<div class=\"elementor-column elementor-col-100 elementor-top-column elementor-element elementor-element-2cb11ab\" data-id=\"2cb11ab\" data-element_type=\"column\" data-e-type=\"column\">\n\t\t\t<div class=\"elementor-widget-wrap elementor-element-populated\">\n\t\t\t\t\t\t<div class=\"elementor-element elementor-element-4fa5365 elementor-widget elementor-widget-image\" data-id=\"4fa5365\" data-element_type=\"widget\" data-e-type=\"widget\" data-widget_type=\"image.default\">\n\t\t\t\t<div class=\"elementor-widget-container\">\n\t\t\t\t\t\t\t\t\t\t\t\t\t\t\t<img fetchpriority=\"high\" decoding=\"async\" width=\"576\" height=\"1024\" src=\"https:\/\/www.upo.es\/investiga\/atlanrex\/wp-content\/uploads\/2026\/01\/Fernando-Negredo-del-Cerro-Historia-dialogada.jpg-576x1024.jpeg\" class=\"attachment-large size-large wp-image-8702\" alt=\"\" srcset=\"https:\/\/www.upo.es\/investiga\/atlanrex\/wp-content\/uploads\/2026\/01\/Fernando-Negredo-del-Cerro-Historia-dialogada.jpg-576x1024.jpeg 576w, https:\/\/www.upo.es\/investiga\/atlanrex\/wp-content\/uploads\/2026\/01\/Fernando-Negredo-del-Cerro-Historia-dialogada.jpg-169x300.jpeg 169w, https:\/\/www.upo.es\/investiga\/atlanrex\/wp-content\/uploads\/2026\/01\/Fernando-Negredo-del-Cerro-Historia-dialogada.jpg-768x1365.jpeg 768w, https:\/\/www.upo.es\/investiga\/atlanrex\/wp-content\/uploads\/2026\/01\/Fernando-Negredo-del-Cerro-Historia-dialogada.jpg-600x1067.jpeg 600w, https:\/\/www.upo.es\/investiga\/atlanrex\/wp-content\/uploads\/2026\/01\/Fernando-Negredo-del-Cerro-Historia-dialogada.jpg-864x1536.jpeg 864w, https:\/\/www.upo.es\/investiga\/atlanrex\/wp-content\/uploads\/2026\/01\/Fernando-Negredo-del-Cerro-Historia-dialogada.jpg.jpeg 1080w\" sizes=\"(max-width: 576px) 100vw, 576px\" \/>\t\t\t\t\t\t\t\t\t\t\t\t\t\t\t<\/div>\n\t\t\t\t<\/div>\n\t\t\t\t\t<\/div>\n\t\t<\/div>\n\t\t\t\t\t<\/div>\n\t\t<\/section>\n\t\t\t\t<section class=\"elementor-section elementor-top-section elementor-element elementor-element-9cb692d elementor-section-boxed elementor-section-height-default elementor-section-height-default\" data-id=\"9cb692d\" data-element_type=\"section\" data-e-type=\"section\">\n\t\t\t\t\t\t<div class=\"elementor-container elementor-column-gap-default\">\n\t\t\t\t\t<div class=\"elementor-column elementor-col-100 elementor-top-column elementor-element elementor-element-6fca11f\" data-id=\"6fca11f\" data-element_type=\"column\" data-e-type=\"column\">\n\t\t\t<div class=\"elementor-widget-wrap elementor-element-populated\">\n\t\t\t\t\t\t<div class=\"elementor-element elementor-element-638d4cc elementor-widget elementor-widget-text-editor\" data-id=\"638d4cc\" data-element_type=\"widget\" data-e-type=\"widget\" data-widget_type=\"text-editor.default\">\n\t\t\t\t<div class=\"elementor-widget-container\">\n\t\t\t\t\t\t\t\t\t<p>Nos complace anunciar la celebraci\u00f3n de la 10\u00aa sesi\u00f3n de la II Edici\u00f3n del Ciclo de Charlas \u00abHistoria Dialogada: Cl\u00edo ante el espejo\u00bb donde contaremos con la participaci\u00f3n de Fernando Negredo del Cerro (Instituto de Estudios Hist\u00f3ricos en la Modernidad). La sesi\u00f3n se desarrollar\u00e1 entre las 15:30-17:30 del mi\u00e9rcoles, 28 de enero, en la Sala de Grados de la Facultad de Filosof\u00eda y Letras de la Universidad Aut\u00f3noma de Madrid.\u00a0<\/p><p>Tambi\u00e9n se podr\u00e1 seguir\u00a0 a trav\u00e9s de Zoom: <a href=\"https:\/\/us06web.zoom.us\/j\/87552225647\">https:\/\/us06web.zoom.us\/j\/87552225647<\/a>.<\/p>\t\t\t\t\t\t\t\t<\/div>\n\t\t\t\t<\/div>\n\t\t\t\t\t<\/div>\n\t\t<\/div>\n\t\t\t\t\t<\/div>\n\t\t<\/section>\n\t\t\t\t<\/div>\n\t\t","protected":false},"excerpt":{"rendered":"<p>Nos complace anunciar la celebraci\u00f3n de la 10\u00aa sesi\u00f3n de la II Edici\u00f3n del Ciclo de Charlas \u00abHistoria Dialogada: Cl\u00edo ante el espejo\u00bb donde contaremos con la participaci\u00f3n de Fernando Negredo del Cerro (Instituto de Estudios Hist\u00f3ricos en la Modernidad). La sesi\u00f3n se desarrollar\u00e1 entre las 15:30-17:30 del mi\u00e9rcoles, 28 [&hellip;]<\/p>\n","protected":false},"author":1,"featured_media":8702,"comment_status":"open","ping_status":"open","sticky":false,"template":"","format":"standard","meta":{"_themeisle_gutenberg_block_has_review":false,"footnotes":""},"categories":[82],"tags":[],"class_list":["post-8701","post","type-post","status-publish","format-standard","has-post-thumbnail","hentry","category-ciclo-de-charlas"],"_links":{"self":[{"href":"https:\/\/www.upo.es\/investiga\/atlanrex\/wp-json\/wp\/v2\/posts\/8701","targetHints":{"allow":["GET"]}}],"collection":[{"href":"https:\/\/www.upo.es\/investiga\/atlanrex\/wp-json\/wp\/v2\/posts"}],"about":[{"href":"https:\/\/www.upo.es\/investiga\/atlanrex\/wp-json\/wp\/v2\/types\/post"}],"author":[{"embeddable":true,"href":"https:\/\/www.upo.es\/investiga\/atlanrex\/wp-json\/wp\/v2\/users\/1"}],"replies":[{"embeddable":true,"href":"https:\/\/www.upo.es\/investiga\/atlanrex\/wp-json\/wp\/v2\/comments?post=8701"}],"version-history":[{"count":4,"href":"https:\/\/www.upo.es\/investiga\/atlanrex\/wp-json\/wp\/v2\/posts\/8701\/revisions"}],"predecessor-version":[{"id":8706,"href":"https:\/\/www.upo.es\/investiga\/atlanrex\/wp-json\/wp\/v2\/posts\/8701\/revisions\/8706"}],"wp:featuredmedia":[{"embeddable":true,"href":"https:\/\/www.upo.es\/investiga\/atlanrex\/wp-json\/wp\/v2\/media\/8702"}],"wp:attachment":[{"href":"https:\/\/www.upo.es\/investiga\/atlanrex\/wp-json\/wp\/v2\/media?parent=8701"}],"wp:term":[{"taxonomy":"category","embeddable":true,"href":"https:\/\/www.upo.es\/investiga\/atlanrex\/wp-json\/wp\/v2\/categories?post=8701"},{"taxonomy":"post_tag","embeddable":true,"href":"https:\/\/www.upo.es\/investiga\/atlanrex\/wp-json\/wp\/v2\/tags?post=8701"}],"curies":[{"name":"wp","href":"https:\/\/api.w.org\/{rel}","templated":true}]}}