{"id":8738,"date":"2026-02-05T02:15:12","date_gmt":"2026-02-05T01:15:12","guid":{"rendered":"https:\/\/www.upo.es\/investiga\/atlanrex\/?p=8738"},"modified":"2026-02-05T02:17:18","modified_gmt":"2026-02-05T01:17:18","slug":"11a-sesion-ii-edicion-ciclo-de-charlas-historia-dialogada-clio-ante-el-espejo","status":"publish","type":"post","link":"https:\/\/www.upo.es\/investiga\/atlanrex\/2026\/02\/05\/11a-sesion-ii-edicion-ciclo-de-charlas-historia-dialogada-clio-ante-el-espejo\/","title":{"rendered":"11\u00aa SESI\u00d3N II EDICI\u00d3N CICLO DE CHARLAS \u00abHistoria Dialogada: Cl\u00edo ante el espejo\u00bb"},"content":{"rendered":"\t\t<div data-elementor-type=\"wp-post\" data-elementor-id=\"8738\" class=\"elementor elementor-8738\">\n\t\t\t\t\t\t<section class=\"elementor-section elementor-top-section elementor-element elementor-element-ef58928 elementor-section-boxed elementor-section-height-default elementor-section-height-default\" data-id=\"ef58928\" data-element_type=\"section\" data-e-type=\"section\">\n\t\t\t\t\t\t<div class=\"elementor-container elementor-column-gap-default\">\n\t\t\t\t\t<div class=\"elementor-column elementor-col-100 elementor-top-column elementor-element elementor-element-c5ba9f8\" data-id=\"c5ba9f8\" data-element_type=\"column\" data-e-type=\"column\">\n\t\t\t<div class=\"elementor-widget-wrap elementor-element-populated\">\n\t\t\t\t\t\t<div class=\"elementor-element elementor-element-aa25125 elementor-widget elementor-widget-image\" data-id=\"aa25125\" data-element_type=\"widget\" data-e-type=\"widget\" data-widget_type=\"image.default\">\n\t\t\t\t<div class=\"elementor-widget-container\">\n\t\t\t\t\t\t\t\t\t\t\t\t\t\t\t<img fetchpriority=\"high\" decoding=\"async\" width=\"576\" height=\"1024\" src=\"https:\/\/www.upo.es\/investiga\/atlanrex\/wp-content\/uploads\/2026\/02\/Historia-dialogada-Pilar-Ponce-Leiva_page-0001-576x1024.jpg\" class=\"attachment-large size-large wp-image-8739\" alt=\"\" srcset=\"https:\/\/www.upo.es\/investiga\/atlanrex\/wp-content\/uploads\/2026\/02\/Historia-dialogada-Pilar-Ponce-Leiva_page-0001-576x1024.jpg 576w, https:\/\/www.upo.es\/investiga\/atlanrex\/wp-content\/uploads\/2026\/02\/Historia-dialogada-Pilar-Ponce-Leiva_page-0001-169x300.jpg 169w, https:\/\/www.upo.es\/investiga\/atlanrex\/wp-content\/uploads\/2026\/02\/Historia-dialogada-Pilar-Ponce-Leiva_page-0001-768x1365.jpg 768w, https:\/\/www.upo.es\/investiga\/atlanrex\/wp-content\/uploads\/2026\/02\/Historia-dialogada-Pilar-Ponce-Leiva_page-0001-600x1067.jpg 600w, https:\/\/www.upo.es\/investiga\/atlanrex\/wp-content\/uploads\/2026\/02\/Historia-dialogada-Pilar-Ponce-Leiva_page-0001-864x1536.jpg 864w, https:\/\/www.upo.es\/investiga\/atlanrex\/wp-content\/uploads\/2026\/02\/Historia-dialogada-Pilar-Ponce-Leiva_page-0001-1152x2048.jpg 1152w, https:\/\/www.upo.es\/investiga\/atlanrex\/wp-content\/uploads\/2026\/02\/Historia-dialogada-Pilar-Ponce-Leiva_page-0001-1320x2347.jpg 1320w, https:\/\/www.upo.es\/investiga\/atlanrex\/wp-content\/uploads\/2026\/02\/Historia-dialogada-Pilar-Ponce-Leiva_page-0001-scaled.jpg 1440w\" sizes=\"(max-width: 576px) 100vw, 576px\" \/>\t\t\t\t\t\t\t\t\t\t\t\t\t\t\t<\/div>\n\t\t\t\t<\/div>\n\t\t\t\t\t<\/div>\n\t\t<\/div>\n\t\t\t\t\t<\/div>\n\t\t<\/section>\n\t\t\t\t<section class=\"elementor-section elementor-top-section elementor-element elementor-element-e750816 elementor-section-boxed elementor-section-height-default elementor-section-height-default\" data-id=\"e750816\" data-element_type=\"section\" data-e-type=\"section\">\n\t\t\t\t\t\t<div class=\"elementor-container elementor-column-gap-default\">\n\t\t\t\t\t<div class=\"elementor-column elementor-col-100 elementor-top-column elementor-element elementor-element-79e658b\" data-id=\"79e658b\" data-element_type=\"column\" data-e-type=\"column\">\n\t\t\t<div class=\"elementor-widget-wrap elementor-element-populated\">\n\t\t\t\t\t\t<div class=\"elementor-element elementor-element-07b7527 elementor-widget elementor-widget-text-editor\" data-id=\"07b7527\" data-element_type=\"widget\" data-e-type=\"widget\" data-widget_type=\"text-editor.default\">\n\t\t\t\t<div class=\"elementor-widget-container\">\n\t\t\t\t\t\t\t\t\t<p>Nos complace anunciar la celebraci\u00f3n de la 11\u00aa sesi\u00f3n de la II Edici\u00f3n del Ciclo de Charlas \u00abHistoria Dialogada: Cl\u00edo ante el espejo\u00bb que contar\u00e1 con la participaci\u00f3n de Pilar Ponce Leiva (Universidad Complutense de Madrid).\u00a0<\/p><p>La sesi\u00f3n se desarrollar\u00e1 el 6 de febrero entre las 11:30 y 13:30 horas en la Sala de Grados de la Facultad de Filosof\u00eda y Letras de la Universidad Aut\u00f3noma de Madrid.\u00a0<\/p><p>Se podr\u00e1 seguir a trav\u00e9s de Zoom: <a href=\"https:\/\/us06web.zoom.us\/j\/83828777268\" rel=\"noopener noreferrer\" target=\"_blank\" role=\"link\" data-no-underline=\"1\" class=\"css-1jxf684 r-1xnzce8 r-1loqt21\">us06web.zoom.us\/j\/83828777268<\/a><\/p>\t\t\t\t\t\t\t\t<\/div>\n\t\t\t\t<\/div>\n\t\t\t\t\t<\/div>\n\t\t<\/div>\n\t\t\t\t\t<\/div>\n\t\t<\/section>\n\t\t\t\t<\/div>\n\t\t","protected":false},"excerpt":{"rendered":"<p>Nos complace anunciar la celebraci\u00f3n de la 11\u00aa sesi\u00f3n de la II Edici\u00f3n del Ciclo de Charlas \u00abHistoria Dialogada: Cl\u00edo ante el espejo\u00bb que contar\u00e1 con la participaci\u00f3n de Pilar Ponce Leiva (Universidad Complutense de Madrid).\u00a0 La sesi\u00f3n se desarrollar\u00e1 el 6 de febrero entre las 11:30 y 13:30 horas [&hellip;]<\/p>\n","protected":false},"author":1,"featured_media":8739,"comment_status":"open","ping_status":"open","sticky":false,"template":"","format":"standard","meta":{"_themeisle_gutenberg_block_has_review":false,"footnotes":""},"categories":[1],"tags":[],"class_list":["post-8738","post","type-post","status-publish","format-standard","has-post-thumbnail","hentry","category-sin-categoria"],"_links":{"self":[{"href":"https:\/\/www.upo.es\/investiga\/atlanrex\/wp-json\/wp\/v2\/posts\/8738","targetHints":{"allow":["GET"]}}],"collection":[{"href":"https:\/\/www.upo.es\/investiga\/atlanrex\/wp-json\/wp\/v2\/posts"}],"about":[{"href":"https:\/\/www.upo.es\/investiga\/atlanrex\/wp-json\/wp\/v2\/types\/post"}],"author":[{"embeddable":true,"href":"https:\/\/www.upo.es\/investiga\/atlanrex\/wp-json\/wp\/v2\/users\/1"}],"replies":[{"embeddable":true,"href":"https:\/\/www.upo.es\/investiga\/atlanrex\/wp-json\/wp\/v2\/comments?post=8738"}],"version-history":[{"count":4,"href":"https:\/\/www.upo.es\/investiga\/atlanrex\/wp-json\/wp\/v2\/posts\/8738\/revisions"}],"predecessor-version":[{"id":8743,"href":"https:\/\/www.upo.es\/investiga\/atlanrex\/wp-json\/wp\/v2\/posts\/8738\/revisions\/8743"}],"wp:featuredmedia":[{"embeddable":true,"href":"https:\/\/www.upo.es\/investiga\/atlanrex\/wp-json\/wp\/v2\/media\/8739"}],"wp:attachment":[{"href":"https:\/\/www.upo.es\/investiga\/atlanrex\/wp-json\/wp\/v2\/media?parent=8738"}],"wp:term":[{"taxonomy":"category","embeddable":true,"href":"https:\/\/www.upo.es\/investiga\/atlanrex\/wp-json\/wp\/v2\/categories?post=8738"},{"taxonomy":"post_tag","embeddable":true,"href":"https:\/\/www.upo.es\/investiga\/atlanrex\/wp-json\/wp\/v2\/tags?post=8738"}],"curies":[{"name":"wp","href":"https:\/\/api.w.org\/{rel}","templated":true}]}}