{"id":8747,"date":"2026-02-05T02:31:59","date_gmt":"2026-02-05T01:31:59","guid":{"rendered":"https:\/\/www.upo.es\/investiga\/atlanrex\/?p=8747"},"modified":"2026-02-05T02:35:45","modified_gmt":"2026-02-05T01:35:45","slug":"2a-sesion-ciclo-de-conferencias-2026-europa-el-mundo-mediterraneo-y-su-difusion-atlantica","status":"publish","type":"post","link":"https:\/\/www.upo.es\/investiga\/atlanrex\/2026\/02\/05\/2a-sesion-ciclo-de-conferencias-2026-europa-el-mundo-mediterraneo-y-su-difusion-atlantica\/","title":{"rendered":"2\u00aa sesi\u00f3n CICLO DE CONFERENCIAS 2026 \u00abEuropa, el mundo mediterr\u00e1neo y su difusi\u00f3n atl\u00e1ntica\u00bb"},"content":{"rendered":"\t\t<div data-elementor-type=\"wp-post\" data-elementor-id=\"8747\" class=\"elementor elementor-8747\">\n\t\t\t\t\t\t<section class=\"elementor-section elementor-top-section elementor-element elementor-element-7b07266 elementor-section-boxed elementor-section-height-default elementor-section-height-default\" data-id=\"7b07266\" data-element_type=\"section\" data-e-type=\"section\">\n\t\t\t\t\t\t<div class=\"elementor-container elementor-column-gap-default\">\n\t\t\t\t\t<div class=\"elementor-column elementor-col-100 elementor-top-column elementor-element elementor-element-692e787\" data-id=\"692e787\" data-element_type=\"column\" data-e-type=\"column\">\n\t\t\t<div class=\"elementor-widget-wrap elementor-element-populated\">\n\t\t\t\t\t\t<div class=\"elementor-element elementor-element-3d0ea3a elementor-widget elementor-widget-image\" data-id=\"3d0ea3a\" data-element_type=\"widget\" data-e-type=\"widget\" data-widget_type=\"image.default\">\n\t\t\t\t<div class=\"elementor-widget-container\">\n\t\t\t\t\t\t\t\t\t\t\t\t\t\t\t<img fetchpriority=\"high\" decoding=\"async\" width=\"726\" height=\"1024\" src=\"https:\/\/www.upo.es\/investiga\/atlanrex\/wp-content\/uploads\/2026\/02\/Cartel_Ciclo2026_01_sesiones_febrero_01_page-0001-726x1024.jpg\" class=\"attachment-large size-large wp-image-8749\" alt=\"\" srcset=\"https:\/\/www.upo.es\/investiga\/atlanrex\/wp-content\/uploads\/2026\/02\/Cartel_Ciclo2026_01_sesiones_febrero_01_page-0001-726x1024.jpg 726w, https:\/\/www.upo.es\/investiga\/atlanrex\/wp-content\/uploads\/2026\/02\/Cartel_Ciclo2026_01_sesiones_febrero_01_page-0001-213x300.jpg 213w, https:\/\/www.upo.es\/investiga\/atlanrex\/wp-content\/uploads\/2026\/02\/Cartel_Ciclo2026_01_sesiones_febrero_01_page-0001-768x1084.jpg 768w, https:\/\/www.upo.es\/investiga\/atlanrex\/wp-content\/uploads\/2026\/02\/Cartel_Ciclo2026_01_sesiones_febrero_01_page-0001-600x847.jpg 600w, https:\/\/www.upo.es\/investiga\/atlanrex\/wp-content\/uploads\/2026\/02\/Cartel_Ciclo2026_01_sesiones_febrero_01_page-0001-1088x1536.jpg 1088w, https:\/\/www.upo.es\/investiga\/atlanrex\/wp-content\/uploads\/2026\/02\/Cartel_Ciclo2026_01_sesiones_febrero_01_page-0001-1451x2048.jpg 1451w, https:\/\/www.upo.es\/investiga\/atlanrex\/wp-content\/uploads\/2026\/02\/Cartel_Ciclo2026_01_sesiones_febrero_01_page-0001-1320x1863.jpg 1320w, https:\/\/www.upo.es\/investiga\/atlanrex\/wp-content\/uploads\/2026\/02\/Cartel_Ciclo2026_01_sesiones_febrero_01_page-0001-scaled.jpg 1814w\" sizes=\"(max-width: 726px) 100vw, 726px\" \/>\t\t\t\t\t\t\t\t\t\t\t\t\t\t\t<\/div>\n\t\t\t\t<\/div>\n\t\t\t\t\t<\/div>\n\t\t<\/div>\n\t\t\t\t\t<\/div>\n\t\t<\/section>\n\t\t\t\t<section class=\"elementor-section elementor-top-section elementor-element elementor-element-2cf55d7 elementor-section-boxed elementor-section-height-default elementor-section-height-default\" data-id=\"2cf55d7\" data-element_type=\"section\" data-e-type=\"section\">\n\t\t\t\t\t\t<div class=\"elementor-container elementor-column-gap-default\">\n\t\t\t\t\t<div class=\"elementor-column elementor-col-100 elementor-top-column elementor-element elementor-element-e71ea37\" data-id=\"e71ea37\" data-element_type=\"column\" data-e-type=\"column\">\n\t\t\t<div class=\"elementor-widget-wrap elementor-element-populated\">\n\t\t\t\t\t\t<div class=\"elementor-element elementor-element-36402ef elementor-widget elementor-widget-text-editor\" data-id=\"36402ef\" data-element_type=\"widget\" data-e-type=\"widget\" data-widget_type=\"text-editor.default\">\n\t\t\t\t<div class=\"elementor-widget-container\">\n\t\t\t\t\t\t\t\t\t<p>Nos complace anunciar la celebraci\u00f3n de la 2\u00aa sesi\u00f3n del Ciclo de Conferencias 2026 \u00abEuropa, el mundo mediterr\u00e1neo y su difusi\u00f3n atl\u00e1ntica\u00bb. En la sesi\u00f3n del 6 de febrero contaremos con las siguientes ponencias:<\/p><ul><li>Nahui Ollin V\u00e1zquez Mendoza (Centro de Investigaciones y Estudios Superiores en Antropolog\u00eda Social, CIESAS, Unidad Regional Pac\u00edfico Sur, M\u00e9xico): \u00abLos resquicios del Imperio. La Costa oaxaque\u00f1a y sus interacciones comerciales: mercado y contrabando, siglos XVI-XVIII\u00bb.<\/li><li>Amorina Villarreal Brasca (Universidad Complutense de Madrid): \u00abEl Per\u00fa en el reinado de Felipe III: validos, presidentes, consejeros y virreyes al servicio de una idea\u00bb.<\/li><\/ul><p>Las sesiones tendr\u00e1n lugar en la Escuela de Estudios Hispano-Americanos (Sevilla) a partir de las 16 horas. Se podr\u00e1n seguir a trav\u00e9s de Blackboard Collaborate: <a href=\"https:\/\/eu.bbcollab.com\/guest\/86d3a7c8a5a9452fa572b54373bebd26\">https:\/\/eu.bbcollab.com\/guest\/86d3a7c8a5a9452fa572b54373bebd26<\/a>.<\/p>\t\t\t\t\t\t\t\t<\/div>\n\t\t\t\t<\/div>\n\t\t\t\t\t<\/div>\n\t\t<\/div>\n\t\t\t\t\t<\/div>\n\t\t<\/section>\n\t\t\t\t<\/div>\n\t\t","protected":false},"excerpt":{"rendered":"<p>Nos complace anunciar la celebraci\u00f3n de la 2\u00aa sesi\u00f3n del Ciclo de Conferencias 2026 \u00abEuropa, el mundo mediterr\u00e1neo y su difusi\u00f3n atl\u00e1ntica\u00bb. En la sesi\u00f3n del 6 de febrero contaremos con las siguientes ponencias: Nahui Ollin V\u00e1zquez Mendoza (Centro de Investigaciones y Estudios Superiores en Antropolog\u00eda Social, CIESAS, Unidad Regional [&hellip;]<\/p>\n","protected":false},"author":1,"featured_media":8749,"comment_status":"open","ping_status":"open","sticky":false,"template":"","format":"standard","meta":{"_themeisle_gutenberg_block_has_review":false,"footnotes":""},"categories":[64],"tags":[],"class_list":["post-8747","post","type-post","status-publish","format-standard","has-post-thumbnail","hentry","category-ciclo-de-conferencias"],"_links":{"self":[{"href":"https:\/\/www.upo.es\/investiga\/atlanrex\/wp-json\/wp\/v2\/posts\/8747","targetHints":{"allow":["GET"]}}],"collection":[{"href":"https:\/\/www.upo.es\/investiga\/atlanrex\/wp-json\/wp\/v2\/posts"}],"about":[{"href":"https:\/\/www.upo.es\/investiga\/atlanrex\/wp-json\/wp\/v2\/types\/post"}],"author":[{"embeddable":true,"href":"https:\/\/www.upo.es\/investiga\/atlanrex\/wp-json\/wp\/v2\/users\/1"}],"replies":[{"embeddable":true,"href":"https:\/\/www.upo.es\/investiga\/atlanrex\/wp-json\/wp\/v2\/comments?post=8747"}],"version-history":[{"count":4,"href":"https:\/\/www.upo.es\/investiga\/atlanrex\/wp-json\/wp\/v2\/posts\/8747\/revisions"}],"predecessor-version":[{"id":8753,"href":"https:\/\/www.upo.es\/investiga\/atlanrex\/wp-json\/wp\/v2\/posts\/8747\/revisions\/8753"}],"wp:featuredmedia":[{"embeddable":true,"href":"https:\/\/www.upo.es\/investiga\/atlanrex\/wp-json\/wp\/v2\/media\/8749"}],"wp:attachment":[{"href":"https:\/\/www.upo.es\/investiga\/atlanrex\/wp-json\/wp\/v2\/media?parent=8747"}],"wp:term":[{"taxonomy":"category","embeddable":true,"href":"https:\/\/www.upo.es\/investiga\/atlanrex\/wp-json\/wp\/v2\/categories?post=8747"},{"taxonomy":"post_tag","embeddable":true,"href":"https:\/\/www.upo.es\/investiga\/atlanrex\/wp-json\/wp\/v2\/tags?post=8747"}],"curies":[{"name":"wp","href":"https:\/\/api.w.org\/{rel}","templated":true}]}}