{"id":8767,"date":"2026-02-08T19:22:41","date_gmt":"2026-02-08T18:22:41","guid":{"rendered":"https:\/\/www.upo.es\/investiga\/atlanrex\/?p=8767"},"modified":"2026-02-08T19:26:02","modified_gmt":"2026-02-08T18:26:02","slug":"12a-sesion-ii-edicion-ciclo-de-charlas-historia-dialogada-clio-ante-el-espejo","status":"publish","type":"post","link":"https:\/\/www.upo.es\/investiga\/atlanrex\/2026\/02\/08\/12a-sesion-ii-edicion-ciclo-de-charlas-historia-dialogada-clio-ante-el-espejo\/","title":{"rendered":"12\u00aa sesi\u00f3n II Edici\u00f3n CICLO DE CHARLAS \u00abHistoria Dialogada: Cl\u00edo ante el espejo\u00bb"},"content":{"rendered":"\t\t<div data-elementor-type=\"wp-post\" data-elementor-id=\"8767\" class=\"elementor elementor-8767\">\n\t\t\t\t\t\t<section class=\"elementor-section elementor-top-section elementor-element elementor-element-d81d295 elementor-section-boxed elementor-section-height-default elementor-section-height-default\" data-id=\"d81d295\" data-element_type=\"section\" data-e-type=\"section\">\n\t\t\t\t\t\t<div class=\"elementor-container elementor-column-gap-default\">\n\t\t\t\t\t<div class=\"elementor-column elementor-col-100 elementor-top-column elementor-element elementor-element-c3b0845\" data-id=\"c3b0845\" data-element_type=\"column\" data-e-type=\"column\">\n\t\t\t<div class=\"elementor-widget-wrap elementor-element-populated\">\n\t\t\t\t\t\t<div class=\"elementor-element elementor-element-8c69117 elementor-widget elementor-widget-image\" data-id=\"8c69117\" data-element_type=\"widget\" data-e-type=\"widget\" data-widget_type=\"image.default\">\n\t\t\t\t<div class=\"elementor-widget-container\">\n\t\t\t\t\t\t\t\t\t\t\t\t\t\t\t<img fetchpriority=\"high\" decoding=\"async\" width=\"576\" height=\"1024\" src=\"https:\/\/www.upo.es\/investiga\/atlanrex\/wp-content\/uploads\/2026\/02\/Historia-dialogada-Oscar-Mazin-576x1024.jpg\" class=\"attachment-large size-large wp-image-8768\" alt=\"\" srcset=\"https:\/\/www.upo.es\/investiga\/atlanrex\/wp-content\/uploads\/2026\/02\/Historia-dialogada-Oscar-Mazin-576x1024.jpg 576w, https:\/\/www.upo.es\/investiga\/atlanrex\/wp-content\/uploads\/2026\/02\/Historia-dialogada-Oscar-Mazin-169x300.jpg 169w, https:\/\/www.upo.es\/investiga\/atlanrex\/wp-content\/uploads\/2026\/02\/Historia-dialogada-Oscar-Mazin-768x1365.jpg 768w, https:\/\/www.upo.es\/investiga\/atlanrex\/wp-content\/uploads\/2026\/02\/Historia-dialogada-Oscar-Mazin-600x1067.jpg 600w, https:\/\/www.upo.es\/investiga\/atlanrex\/wp-content\/uploads\/2026\/02\/Historia-dialogada-Oscar-Mazin-864x1536.jpg 864w, https:\/\/www.upo.es\/investiga\/atlanrex\/wp-content\/uploads\/2026\/02\/Historia-dialogada-Oscar-Mazin-1152x2048.jpg 1152w, https:\/\/www.upo.es\/investiga\/atlanrex\/wp-content\/uploads\/2026\/02\/Historia-dialogada-Oscar-Mazin-1320x2347.jpg 1320w, https:\/\/www.upo.es\/investiga\/atlanrex\/wp-content\/uploads\/2026\/02\/Historia-dialogada-Oscar-Mazin-scaled.jpg 1440w\" sizes=\"(max-width: 576px) 100vw, 576px\" \/>\t\t\t\t\t\t\t\t\t\t\t\t\t\t\t<\/div>\n\t\t\t\t<\/div>\n\t\t\t\t\t<\/div>\n\t\t<\/div>\n\t\t\t\t\t<\/div>\n\t\t<\/section>\n\t\t\t\t<section class=\"elementor-section elementor-top-section elementor-element elementor-element-f78be1b elementor-section-boxed elementor-section-height-default elementor-section-height-default\" data-id=\"f78be1b\" data-element_type=\"section\" data-e-type=\"section\">\n\t\t\t\t\t\t<div class=\"elementor-container elementor-column-gap-default\">\n\t\t\t\t\t<div class=\"elementor-column elementor-col-100 elementor-top-column elementor-element elementor-element-98562a6\" data-id=\"98562a6\" data-element_type=\"column\" data-e-type=\"column\">\n\t\t\t<div class=\"elementor-widget-wrap elementor-element-populated\">\n\t\t\t\t\t\t<div class=\"elementor-element elementor-element-38e62fe elementor-widget elementor-widget-text-editor\" data-id=\"38e62fe\" data-element_type=\"widget\" data-e-type=\"widget\" data-widget_type=\"text-editor.default\">\n\t\t\t\t<div class=\"elementor-widget-container\">\n\t\t\t\t\t\t\t\t\t<p>Nos complace anunciar la celebraci\u00f3n de la 12\u00aa sesi\u00f3n de la II Edici\u00f3n del Ciclo de Charlas \u00abHistoria Dialogada: Cl\u00edo ante el espejo\u00bb que contar\u00e1 con la participaci\u00f3n del profesor \u00d3scar Maz\u00edn G\u00f3mez (El Colegio de M\u00e9xico\/Academia Mexicana de la Historia).\u00a0<\/p><p>La sesi\u00f3n se desarrollar\u00e1 el jueves, 12 de febrero, entre las 11:00-13:00 (hora M\u00e9xico central) y 18:00-20:00 (hora Madrid). Se podr\u00e1 seguir exclusivamente a trav\u00e9s de Zoom: <a href=\"https:\/\/us06web.zoom.us\/j\/89744682100\">https:\/\/us06web.zoom.us\/j\/89744682100<\/a><\/p>\t\t\t\t\t\t\t\t<\/div>\n\t\t\t\t<\/div>\n\t\t\t\t\t<\/div>\n\t\t<\/div>\n\t\t\t\t\t<\/div>\n\t\t<\/section>\n\t\t\t\t<\/div>\n\t\t","protected":false},"excerpt":{"rendered":"<p>Nos complace anunciar la celebraci\u00f3n de la 12\u00aa sesi\u00f3n de la II Edici\u00f3n del Ciclo de Charlas \u00abHistoria Dialogada: Cl\u00edo ante el espejo\u00bb que contar\u00e1 con la participaci\u00f3n del profesor \u00d3scar Maz\u00edn G\u00f3mez (El Colegio de M\u00e9xico\/Academia Mexicana de la Historia).\u00a0 La sesi\u00f3n se desarrollar\u00e1 el jueves, 12 de febrero, [&hellip;]<\/p>\n","protected":false},"author":1,"featured_media":8768,"comment_status":"open","ping_status":"open","sticky":false,"template":"","format":"standard","meta":{"_themeisle_gutenberg_block_has_review":false,"footnotes":""},"categories":[82],"tags":[],"class_list":["post-8767","post","type-post","status-publish","format-standard","has-post-thumbnail","hentry","category-ciclo-de-charlas"],"_links":{"self":[{"href":"https:\/\/www.upo.es\/investiga\/atlanrex\/wp-json\/wp\/v2\/posts\/8767","targetHints":{"allow":["GET"]}}],"collection":[{"href":"https:\/\/www.upo.es\/investiga\/atlanrex\/wp-json\/wp\/v2\/posts"}],"about":[{"href":"https:\/\/www.upo.es\/investiga\/atlanrex\/wp-json\/wp\/v2\/types\/post"}],"author":[{"embeddable":true,"href":"https:\/\/www.upo.es\/investiga\/atlanrex\/wp-json\/wp\/v2\/users\/1"}],"replies":[{"embeddable":true,"href":"https:\/\/www.upo.es\/investiga\/atlanrex\/wp-json\/wp\/v2\/comments?post=8767"}],"version-history":[{"count":4,"href":"https:\/\/www.upo.es\/investiga\/atlanrex\/wp-json\/wp\/v2\/posts\/8767\/revisions"}],"predecessor-version":[{"id":8772,"href":"https:\/\/www.upo.es\/investiga\/atlanrex\/wp-json\/wp\/v2\/posts\/8767\/revisions\/8772"}],"wp:featuredmedia":[{"embeddable":true,"href":"https:\/\/www.upo.es\/investiga\/atlanrex\/wp-json\/wp\/v2\/media\/8768"}],"wp:attachment":[{"href":"https:\/\/www.upo.es\/investiga\/atlanrex\/wp-json\/wp\/v2\/media?parent=8767"}],"wp:term":[{"taxonomy":"category","embeddable":true,"href":"https:\/\/www.upo.es\/investiga\/atlanrex\/wp-json\/wp\/v2\/categories?post=8767"},{"taxonomy":"post_tag","embeddable":true,"href":"https:\/\/www.upo.es\/investiga\/atlanrex\/wp-json\/wp\/v2\/tags?post=8767"}],"curies":[{"name":"wp","href":"https:\/\/api.w.org\/{rel}","templated":true}]}}