{"id":8784,"date":"2026-02-23T23:09:20","date_gmt":"2026-02-23T22:09:20","guid":{"rendered":"https:\/\/www.upo.es\/investiga\/atlanrex\/?p=8784"},"modified":"2026-02-23T23:13:13","modified_gmt":"2026-02-23T22:13:13","slug":"13a-sesion-ii-edicion-ciclo-de-charlas-gibran-bautista-y-lugo","status":"publish","type":"post","link":"https:\/\/www.upo.es\/investiga\/atlanrex\/2026\/02\/23\/13a-sesion-ii-edicion-ciclo-de-charlas-gibran-bautista-y-lugo\/","title":{"rendered":"13\u00aa sesi\u00f3n II Edici\u00f3n Ciclo de Charlas &#8211; Gibran Bautista y Lugo"},"content":{"rendered":"\t\t<div data-elementor-type=\"wp-post\" data-elementor-id=\"8784\" class=\"elementor elementor-8784\">\n\t\t\t\t\t\t<section class=\"elementor-section elementor-top-section elementor-element elementor-element-51ad66f elementor-section-boxed elementor-section-height-default elementor-section-height-default\" data-id=\"51ad66f\" data-element_type=\"section\" data-e-type=\"section\">\n\t\t\t\t\t\t<div class=\"elementor-container elementor-column-gap-default\">\n\t\t\t\t\t<div class=\"elementor-column elementor-col-100 elementor-top-column elementor-element elementor-element-4d4a5ad\" data-id=\"4d4a5ad\" data-element_type=\"column\" data-e-type=\"column\">\n\t\t\t<div class=\"elementor-widget-wrap elementor-element-populated\">\n\t\t\t\t\t\t<div class=\"elementor-element elementor-element-ccc71dc elementor-widget elementor-widget-image\" data-id=\"ccc71dc\" data-element_type=\"widget\" data-e-type=\"widget\" data-widget_type=\"image.default\">\n\t\t\t\t<div class=\"elementor-widget-container\">\n\t\t\t\t\t\t\t\t\t\t\t\t\t\t\t<img fetchpriority=\"high\" decoding=\"async\" width=\"576\" height=\"1024\" src=\"https:\/\/www.upo.es\/investiga\/atlanrex\/wp-content\/uploads\/2026\/02\/Historia-dialogada-Gibran-Bautista-y-Lugo_page-0001-576x1024.jpg\" class=\"attachment-large size-large wp-image-8786\" alt=\"\" srcset=\"https:\/\/www.upo.es\/investiga\/atlanrex\/wp-content\/uploads\/2026\/02\/Historia-dialogada-Gibran-Bautista-y-Lugo_page-0001-576x1024.jpg 576w, https:\/\/www.upo.es\/investiga\/atlanrex\/wp-content\/uploads\/2026\/02\/Historia-dialogada-Gibran-Bautista-y-Lugo_page-0001-169x300.jpg 169w, https:\/\/www.upo.es\/investiga\/atlanrex\/wp-content\/uploads\/2026\/02\/Historia-dialogada-Gibran-Bautista-y-Lugo_page-0001-768x1365.jpg 768w, https:\/\/www.upo.es\/investiga\/atlanrex\/wp-content\/uploads\/2026\/02\/Historia-dialogada-Gibran-Bautista-y-Lugo_page-0001-600x1067.jpg 600w, https:\/\/www.upo.es\/investiga\/atlanrex\/wp-content\/uploads\/2026\/02\/Historia-dialogada-Gibran-Bautista-y-Lugo_page-0001-864x1536.jpg 864w, https:\/\/www.upo.es\/investiga\/atlanrex\/wp-content\/uploads\/2026\/02\/Historia-dialogada-Gibran-Bautista-y-Lugo_page-0001-1152x2048.jpg 1152w, https:\/\/www.upo.es\/investiga\/atlanrex\/wp-content\/uploads\/2026\/02\/Historia-dialogada-Gibran-Bautista-y-Lugo_page-0001-1320x2347.jpg 1320w, https:\/\/www.upo.es\/investiga\/atlanrex\/wp-content\/uploads\/2026\/02\/Historia-dialogada-Gibran-Bautista-y-Lugo_page-0001-scaled.jpg 1440w\" sizes=\"(max-width: 576px) 100vw, 576px\" \/>\t\t\t\t\t\t\t\t\t\t\t\t\t\t\t<\/div>\n\t\t\t\t<\/div>\n\t\t\t\t\t<\/div>\n\t\t<\/div>\n\t\t\t\t\t<\/div>\n\t\t<\/section>\n\t\t\t\t<section class=\"elementor-section elementor-top-section elementor-element elementor-element-5efdf32 elementor-section-boxed elementor-section-height-default elementor-section-height-default\" data-id=\"5efdf32\" data-element_type=\"section\" data-e-type=\"section\">\n\t\t\t\t\t\t<div class=\"elementor-container elementor-column-gap-default\">\n\t\t\t\t\t<div class=\"elementor-column elementor-col-100 elementor-top-column elementor-element elementor-element-5b8106b\" data-id=\"5b8106b\" data-element_type=\"column\" data-e-type=\"column\">\n\t\t\t<div class=\"elementor-widget-wrap elementor-element-populated\">\n\t\t\t\t\t\t<div class=\"elementor-element elementor-element-2a47d36 elementor-widget elementor-widget-text-editor\" data-id=\"2a47d36\" data-element_type=\"widget\" data-e-type=\"widget\" data-widget_type=\"text-editor.default\">\n\t\t\t\t<div class=\"elementor-widget-container\">\n\t\t\t\t\t\t\t\t\t<p>Nos complace anunciar la celebraci\u00f3n de la 13\u00aa sesi\u00f3n de la II Edici\u00f3n del Ciclo de Charlas \u00abHistoria Dialogada: Cl\u00edo ante el espejo\u00bb donde contaremos con la participaci\u00f3n de Gibran Bautista y Lugo (Instituto de Investigaciones Hist\u00f3ricas\/Universidad Nacional Aut\u00f3noma de M\u00e9xico).&nbsp;<\/p>\n<p>La sesi\u00f3n tendr\u00e1 lugar el viernes, 27 de febrero, entre las 18:00-20:00 horas (Madrid) y las 11:00-13:00 (M\u00e9xico). Se podr\u00e1 seguir exclusivamente a trav\u00e9s de Zoom: <a href=\"https:\/\/us06web.zoom.us\/j\/86799978039\">https:\/\/us06web.zoom.us\/j\/86799978039<\/a>.<\/p>\t\t\t\t\t\t\t\t<\/div>\n\t\t\t\t<\/div>\n\t\t\t\t\t<\/div>\n\t\t<\/div>\n\t\t\t\t\t<\/div>\n\t\t<\/section>\n\t\t\t\t<\/div>\n\t\t","protected":false},"excerpt":{"rendered":"<p>Nos complace anunciar la celebraci\u00f3n de la 13\u00aa sesi\u00f3n de la II Edici\u00f3n del Ciclo de Charlas \u00abHistoria Dialogada: Cl\u00edo ante el espejo\u00bb donde contaremos con la participaci\u00f3n de Gibran Bautista y Lugo (Instituto de Investigaciones Hist\u00f3ricas\/Universidad Nacional Aut\u00f3noma de M\u00e9xico).&nbsp; La sesi\u00f3n tendr\u00e1 lugar el viernes, 27 de febrero, [&hellip;]<\/p>\n","protected":false},"author":1,"featured_media":8786,"comment_status":"open","ping_status":"open","sticky":false,"template":"","format":"standard","meta":{"_themeisle_gutenberg_block_has_review":false,"footnotes":""},"categories":[82],"tags":[],"class_list":["post-8784","post","type-post","status-publish","format-standard","has-post-thumbnail","hentry","category-ciclo-de-charlas"],"_links":{"self":[{"href":"https:\/\/www.upo.es\/investiga\/atlanrex\/wp-json\/wp\/v2\/posts\/8784","targetHints":{"allow":["GET"]}}],"collection":[{"href":"https:\/\/www.upo.es\/investiga\/atlanrex\/wp-json\/wp\/v2\/posts"}],"about":[{"href":"https:\/\/www.upo.es\/investiga\/atlanrex\/wp-json\/wp\/v2\/types\/post"}],"author":[{"embeddable":true,"href":"https:\/\/www.upo.es\/investiga\/atlanrex\/wp-json\/wp\/v2\/users\/1"}],"replies":[{"embeddable":true,"href":"https:\/\/www.upo.es\/investiga\/atlanrex\/wp-json\/wp\/v2\/comments?post=8784"}],"version-history":[{"count":4,"href":"https:\/\/www.upo.es\/investiga\/atlanrex\/wp-json\/wp\/v2\/posts\/8784\/revisions"}],"predecessor-version":[{"id":8790,"href":"https:\/\/www.upo.es\/investiga\/atlanrex\/wp-json\/wp\/v2\/posts\/8784\/revisions\/8790"}],"wp:featuredmedia":[{"embeddable":true,"href":"https:\/\/www.upo.es\/investiga\/atlanrex\/wp-json\/wp\/v2\/media\/8786"}],"wp:attachment":[{"href":"https:\/\/www.upo.es\/investiga\/atlanrex\/wp-json\/wp\/v2\/media?parent=8784"}],"wp:term":[{"taxonomy":"category","embeddable":true,"href":"https:\/\/www.upo.es\/investiga\/atlanrex\/wp-json\/wp\/v2\/categories?post=8784"},{"taxonomy":"post_tag","embeddable":true,"href":"https:\/\/www.upo.es\/investiga\/atlanrex\/wp-json\/wp\/v2\/tags?post=8784"}],"curies":[{"name":"wp","href":"https:\/\/api.w.org\/{rel}","templated":true}]}}