{"id":8804,"date":"2026-02-26T02:14:30","date_gmt":"2026-02-26T01:14:30","guid":{"rendered":"https:\/\/www.upo.es\/investiga\/atlanrex\/?p=8804"},"modified":"2026-02-26T02:23:01","modified_gmt":"2026-02-26T01:23:01","slug":"xv-seminario-internacional-historia-comparada-red-sucesion-la-monarquia-de-los-agentes-comunicacion-politica-y-agencia-de-los-reinos-en-la-corte-de-madrid-siglos-xvii-xviii","status":"publish","type":"post","link":"https:\/\/www.upo.es\/investiga\/atlanrex\/2026\/02\/26\/xv-seminario-internacional-historia-comparada-red-sucesion-la-monarquia-de-los-agentes-comunicacion-politica-y-agencia-de-los-reinos-en-la-corte-de-madrid-siglos-xvii-xviii\/","title":{"rendered":"XV SEMINARIO INTERNACIONAL Historia Comparada-Red Sucesi\u00f3n \u00abLa monarqu\u00eda de los agentes. Comunicaci\u00f3n pol\u00edtica y agencia de los reinos en la corte de Madrid (siglos XVII-XVIII)"},"content":{"rendered":"\t\t<div data-elementor-type=\"wp-post\" data-elementor-id=\"8804\" class=\"elementor elementor-8804\">\n\t\t\t\t\t\t<section class=\"elementor-section elementor-top-section elementor-element elementor-element-99edfaf elementor-section-boxed elementor-section-height-default elementor-section-height-default\" data-id=\"99edfaf\" data-element_type=\"section\" data-e-type=\"section\">\n\t\t\t\t\t\t<div class=\"elementor-container elementor-column-gap-default\">\n\t\t\t\t\t<div class=\"elementor-column elementor-col-100 elementor-top-column elementor-element elementor-element-a6388ff\" data-id=\"a6388ff\" data-element_type=\"column\" data-e-type=\"column\">\n\t\t\t<div class=\"elementor-widget-wrap elementor-element-populated\">\n\t\t\t\t\t\t<div class=\"elementor-element elementor-element-602d33d elementor-widget elementor-widget-image\" data-id=\"602d33d\" data-element_type=\"widget\" data-e-type=\"widget\" data-widget_type=\"image.default\">\n\t\t\t\t<div class=\"elementor-widget-container\">\n\t\t\t\t\t\t\t\t\t\t\t\t\t\t\t<img fetchpriority=\"high\" decoding=\"async\" width=\"750\" height=\"530\" src=\"https:\/\/www.upo.es\/investiga\/atlanrex\/wp-content\/uploads\/2026\/02\/Programa-XV-Seminario-La-monarquia-de-los-agentes_page-0001-1024x724.jpg\" class=\"attachment-large size-large wp-image-8807\" alt=\"\" srcset=\"https:\/\/www.upo.es\/investiga\/atlanrex\/wp-content\/uploads\/2026\/02\/Programa-XV-Seminario-La-monarquia-de-los-agentes_page-0001-1024x724.jpg 1024w, https:\/\/www.upo.es\/investiga\/atlanrex\/wp-content\/uploads\/2026\/02\/Programa-XV-Seminario-La-monarquia-de-los-agentes_page-0001-300x212.jpg 300w, https:\/\/www.upo.es\/investiga\/atlanrex\/wp-content\/uploads\/2026\/02\/Programa-XV-Seminario-La-monarquia-de-los-agentes_page-0001-768x543.jpg 768w, https:\/\/www.upo.es\/investiga\/atlanrex\/wp-content\/uploads\/2026\/02\/Programa-XV-Seminario-La-monarquia-de-los-agentes_page-0001-600x424.jpg 600w, https:\/\/www.upo.es\/investiga\/atlanrex\/wp-content\/uploads\/2026\/02\/Programa-XV-Seminario-La-monarquia-de-los-agentes_page-0001-1536x1086.jpg 1536w, https:\/\/www.upo.es\/investiga\/atlanrex\/wp-content\/uploads\/2026\/02\/Programa-XV-Seminario-La-monarquia-de-los-agentes_page-0001-2048x1448.jpg 2048w, https:\/\/www.upo.es\/investiga\/atlanrex\/wp-content\/uploads\/2026\/02\/Programa-XV-Seminario-La-monarquia-de-los-agentes_page-0001-1320x933.jpg 1320w\" sizes=\"(max-width: 750px) 100vw, 750px\" \/>\t\t\t\t\t\t\t\t\t\t\t\t\t\t\t<\/div>\n\t\t\t\t<\/div>\n\t\t\t\t\t<\/div>\n\t\t<\/div>\n\t\t\t\t\t<\/div>\n\t\t<\/section>\n\t\t\t\t<section class=\"elementor-section elementor-top-section elementor-element elementor-element-7eb79ea elementor-section-boxed elementor-section-height-default elementor-section-height-default\" data-id=\"7eb79ea\" data-element_type=\"section\" data-e-type=\"section\">\n\t\t\t\t\t\t<div class=\"elementor-container elementor-column-gap-default\">\n\t\t\t\t\t<div class=\"elementor-column elementor-col-100 elementor-top-column elementor-element elementor-element-8ea119d\" data-id=\"8ea119d\" data-element_type=\"column\" data-e-type=\"column\">\n\t\t\t<div class=\"elementor-widget-wrap elementor-element-populated\">\n\t\t\t\t\t\t<div class=\"elementor-element elementor-element-4a9ad58 elementor-widget elementor-widget-image\" data-id=\"4a9ad58\" data-element_type=\"widget\" data-e-type=\"widget\" data-widget_type=\"image.default\">\n\t\t\t\t<div class=\"elementor-widget-container\">\n\t\t\t\t\t\t\t\t\t\t\t\t\t\t\t<img decoding=\"async\" width=\"750\" height=\"530\" src=\"https:\/\/www.upo.es\/investiga\/atlanrex\/wp-content\/uploads\/2026\/02\/Programa-XV-Seminario-La-monarquia-de-los-agentes_page-0002-1024x724.jpg\" class=\"attachment-large size-large wp-image-8808\" alt=\"\" srcset=\"https:\/\/www.upo.es\/investiga\/atlanrex\/wp-content\/uploads\/2026\/02\/Programa-XV-Seminario-La-monarquia-de-los-agentes_page-0002-1024x724.jpg 1024w, https:\/\/www.upo.es\/investiga\/atlanrex\/wp-content\/uploads\/2026\/02\/Programa-XV-Seminario-La-monarquia-de-los-agentes_page-0002-300x212.jpg 300w, https:\/\/www.upo.es\/investiga\/atlanrex\/wp-content\/uploads\/2026\/02\/Programa-XV-Seminario-La-monarquia-de-los-agentes_page-0002-768x543.jpg 768w, https:\/\/www.upo.es\/investiga\/atlanrex\/wp-content\/uploads\/2026\/02\/Programa-XV-Seminario-La-monarquia-de-los-agentes_page-0002-600x424.jpg 600w, https:\/\/www.upo.es\/investiga\/atlanrex\/wp-content\/uploads\/2026\/02\/Programa-XV-Seminario-La-monarquia-de-los-agentes_page-0002-1536x1086.jpg 1536w, https:\/\/www.upo.es\/investiga\/atlanrex\/wp-content\/uploads\/2026\/02\/Programa-XV-Seminario-La-monarquia-de-los-agentes_page-0002-2048x1448.jpg 2048w, https:\/\/www.upo.es\/investiga\/atlanrex\/wp-content\/uploads\/2026\/02\/Programa-XV-Seminario-La-monarquia-de-los-agentes_page-0002-1320x933.jpg 1320w\" sizes=\"(max-width: 750px) 100vw, 750px\" \/>\t\t\t\t\t\t\t\t\t\t\t\t\t\t\t<\/div>\n\t\t\t\t<\/div>\n\t\t\t\t\t<\/div>\n\t\t<\/div>\n\t\t\t\t\t<\/div>\n\t\t<\/section>\n\t\t\t\t<section class=\"elementor-section elementor-top-section elementor-element elementor-element-9725db2 elementor-section-boxed elementor-section-height-default elementor-section-height-default\" data-id=\"9725db2\" data-element_type=\"section\" data-e-type=\"section\">\n\t\t\t\t\t\t<div class=\"elementor-container elementor-column-gap-default\">\n\t\t\t\t\t<div class=\"elementor-column elementor-col-100 elementor-top-column elementor-element elementor-element-9ff9021\" data-id=\"9ff9021\" data-element_type=\"column\" data-e-type=\"column\">\n\t\t\t<div class=\"elementor-widget-wrap elementor-element-populated\">\n\t\t\t\t\t\t<div class=\"elementor-element elementor-element-1f67e92 elementor-widget elementor-widget-text-editor\" data-id=\"1f67e92\" data-element_type=\"widget\" data-e-type=\"widget\" data-widget_type=\"text-editor.default\">\n\t\t\t\t<div class=\"elementor-widget-container\">\n\t\t\t\t\t\t\t\t\t<p>Nos complace anunciar la celebraci\u00f3n del XV Seminario Internacional Historia Comparada-Red Sucesi\u00f3n \u00abLa monarqu\u00eda de los agentes. Comunicaci\u00f3n pol\u00edtica y agencia de los reinos en la corte de Madrid (siglos XVII-XVIII)\u00bb, organizado por Antonio \u00c1lvarez-Ossorio Alvari\u00f1o, Cristina Bravo Lozano y Roberto Quir\u00f3s Rosado.\u00a0<\/p><p>El Seminario se desarrollar\u00e1 el d\u00eda 3 de marzo entre las 9:30 y 19:30 y el d\u00eda 4 de marzo entre las 9:30 y 14:00. Tendr\u00e1 lugar en la Sala de Conferencias de la Facultad de Filosof\u00eda y Letras de la Universidad Aut\u00f3noma de Madrid.\u00a0<\/p><p>Se podr\u00e1 seguir a trav\u00e9s de Zoom: <a href=\"https:\/\/us06web.zoom.us\/j\/85652328845\">https:\/\/us06web.zoom.us\/j\/85652328845<\/a>.<\/p>\t\t\t\t\t\t\t\t<\/div>\n\t\t\t\t<\/div>\n\t\t\t\t\t<\/div>\n\t\t<\/div>\n\t\t\t\t\t<\/div>\n\t\t<\/section>\n\t\t\t\t<\/div>\n\t\t","protected":false},"excerpt":{"rendered":"<p>Nos complace anunciar la celebraci\u00f3n del XV Seminario Internacional Historia Comparada-Red Sucesi\u00f3n \u00abLa monarqu\u00eda de los agentes. Comunicaci\u00f3n pol\u00edtica y agencia de los reinos en la corte de Madrid (siglos XVII-XVIII)\u00bb, organizado por Antonio \u00c1lvarez-Ossorio Alvari\u00f1o, Cristina Bravo Lozano y Roberto Quir\u00f3s Rosado.\u00a0 El Seminario se desarrollar\u00e1 el d\u00eda 3 [&hellip;]<\/p>\n","protected":false},"author":1,"featured_media":8805,"comment_status":"open","ping_status":"open","sticky":false,"template":"","format":"standard","meta":{"_themeisle_gutenberg_block_has_review":false,"footnotes":""},"categories":[54],"tags":[],"class_list":["post-8804","post","type-post","status-publish","format-standard","has-post-thumbnail","hentry","category-seminarios"],"_links":{"self":[{"href":"https:\/\/www.upo.es\/investiga\/atlanrex\/wp-json\/wp\/v2\/posts\/8804","targetHints":{"allow":["GET"]}}],"collection":[{"href":"https:\/\/www.upo.es\/investiga\/atlanrex\/wp-json\/wp\/v2\/posts"}],"about":[{"href":"https:\/\/www.upo.es\/investiga\/atlanrex\/wp-json\/wp\/v2\/types\/post"}],"author":[{"embeddable":true,"href":"https:\/\/www.upo.es\/investiga\/atlanrex\/wp-json\/wp\/v2\/users\/1"}],"replies":[{"embeddable":true,"href":"https:\/\/www.upo.es\/investiga\/atlanrex\/wp-json\/wp\/v2\/comments?post=8804"}],"version-history":[{"count":4,"href":"https:\/\/www.upo.es\/investiga\/atlanrex\/wp-json\/wp\/v2\/posts\/8804\/revisions"}],"predecessor-version":[{"id":8812,"href":"https:\/\/www.upo.es\/investiga\/atlanrex\/wp-json\/wp\/v2\/posts\/8804\/revisions\/8812"}],"wp:featuredmedia":[{"embeddable":true,"href":"https:\/\/www.upo.es\/investiga\/atlanrex\/wp-json\/wp\/v2\/media\/8805"}],"wp:attachment":[{"href":"https:\/\/www.upo.es\/investiga\/atlanrex\/wp-json\/wp\/v2\/media?parent=8804"}],"wp:term":[{"taxonomy":"category","embeddable":true,"href":"https:\/\/www.upo.es\/investiga\/atlanrex\/wp-json\/wp\/v2\/categories?post=8804"},{"taxonomy":"post_tag","embeddable":true,"href":"https:\/\/www.upo.es\/investiga\/atlanrex\/wp-json\/wp\/v2\/tags?post=8804"}],"curies":[{"name":"wp","href":"https:\/\/api.w.org\/{rel}","templated":true}]}}