{"id":8816,"date":"2026-03-09T04:43:24","date_gmt":"2026-03-09T03:43:24","guid":{"rendered":"https:\/\/www.upo.es\/investiga\/atlanrex\/?p=8816"},"modified":"2026-03-09T04:47:51","modified_gmt":"2026-03-09T03:47:51","slug":"seminario-sociedades-conectadas-de-los-mundos-ibericos-de-las-monarquias-al-panorama-poscolonial-europa-america-africa-asia","status":"publish","type":"post","link":"https:\/\/www.upo.es\/investiga\/atlanrex\/2026\/03\/09\/seminario-sociedades-conectadas-de-los-mundos-ibericos-de-las-monarquias-al-panorama-poscolonial-europa-america-africa-asia\/","title":{"rendered":"SEMINARIO Sociedades conectadas de los mundos ib\u00e9ricos. De las monarqu\u00edas al panorama poscolonial: Europa, Am\u00e9rica, \u00c1frica, Asia"},"content":{"rendered":"\t\t<div data-elementor-type=\"wp-post\" data-elementor-id=\"8816\" class=\"elementor elementor-8816\">\n\t\t\t\t\t\t<section class=\"elementor-section elementor-top-section elementor-element elementor-element-ccd8aae elementor-section-boxed elementor-section-height-default elementor-section-height-default\" data-id=\"ccd8aae\" data-element_type=\"section\" data-e-type=\"section\">\n\t\t\t\t\t\t<div class=\"elementor-container elementor-column-gap-default\">\n\t\t\t\t\t<div class=\"elementor-column elementor-col-100 elementor-top-column elementor-element elementor-element-121615f\" data-id=\"121615f\" data-element_type=\"column\" data-e-type=\"column\">\n\t\t\t<div class=\"elementor-widget-wrap elementor-element-populated\">\n\t\t\t\t\t\t<div class=\"elementor-element elementor-element-eb9998d elementor-widget elementor-widget-text-editor\" data-id=\"eb9998d\" data-element_type=\"widget\" data-e-type=\"widget\" data-widget_type=\"text-editor.default\">\n\t\t\t\t<div class=\"elementor-widget-container\">\n\t\t\t\t\t\t\t\t\t<p>Nos complace anunciar la participaci\u00f3n de la integrante del proyecto, Mariana Ladr\u00f3n de Guevara Zuzunaga, en el Seminario \u00abSociedades conectadas de los mundos ib\u00e9ricos. De las monarqu\u00edas al panorama poscolonial: Europa, Am\u00e9rica, \u00c1frica, Asia\u00bb que dirigen Jean Fr\u00e9d\u00e9ric-Schaub y H\u00e9lo\u00efse Hermant en L&#8217;\u00c9cole des Hautes \u00c9tudes en Sciences Sociales.<\/p><p>La sesi\u00f3n titulada \u00abActores y conflictos en el proceso de institucionalizaci\u00f3n del oficio m\u00e9dico en el Virreinato del Per\u00fa (1532-1634)\u00bb tendr\u00e1 lugar el 1 de abril.\u00a0<\/p>\t\t\t\t\t\t\t\t<\/div>\n\t\t\t\t<\/div>\n\t\t\t\t\t<\/div>\n\t\t<\/div>\n\t\t\t\t\t<\/div>\n\t\t<\/section>\n\t\t\t\t<\/div>\n\t\t","protected":false},"excerpt":{"rendered":"<p>Nos complace anunciar la participaci\u00f3n de la integrante del proyecto, Mariana Ladr\u00f3n de Guevara Zuzunaga, en el Seminario \u00abSociedades conectadas de los mundos ib\u00e9ricos. De las monarqu\u00edas al panorama poscolonial: Europa, Am\u00e9rica, \u00c1frica, Asia\u00bb que dirigen Jean Fr\u00e9d\u00e9ric-Schaub y H\u00e9lo\u00efse Hermant en L&#8217;\u00c9cole des Hautes \u00c9tudes en Sciences Sociales. La [&hellip;]<\/p>\n","protected":false},"author":1,"featured_media":8817,"comment_status":"open","ping_status":"open","sticky":false,"template":"","format":"standard","meta":{"_themeisle_gutenberg_block_has_review":false,"footnotes":""},"categories":[1],"tags":[],"class_list":["post-8816","post","type-post","status-publish","format-standard","has-post-thumbnail","hentry","category-sin-categoria"],"_links":{"self":[{"href":"https:\/\/www.upo.es\/investiga\/atlanrex\/wp-json\/wp\/v2\/posts\/8816","targetHints":{"allow":["GET"]}}],"collection":[{"href":"https:\/\/www.upo.es\/investiga\/atlanrex\/wp-json\/wp\/v2\/posts"}],"about":[{"href":"https:\/\/www.upo.es\/investiga\/atlanrex\/wp-json\/wp\/v2\/types\/post"}],"author":[{"embeddable":true,"href":"https:\/\/www.upo.es\/investiga\/atlanrex\/wp-json\/wp\/v2\/users\/1"}],"replies":[{"embeddable":true,"href":"https:\/\/www.upo.es\/investiga\/atlanrex\/wp-json\/wp\/v2\/comments?post=8816"}],"version-history":[{"count":4,"href":"https:\/\/www.upo.es\/investiga\/atlanrex\/wp-json\/wp\/v2\/posts\/8816\/revisions"}],"predecessor-version":[{"id":8821,"href":"https:\/\/www.upo.es\/investiga\/atlanrex\/wp-json\/wp\/v2\/posts\/8816\/revisions\/8821"}],"wp:featuredmedia":[{"embeddable":true,"href":"https:\/\/www.upo.es\/investiga\/atlanrex\/wp-json\/wp\/v2\/media\/8817"}],"wp:attachment":[{"href":"https:\/\/www.upo.es\/investiga\/atlanrex\/wp-json\/wp\/v2\/media?parent=8816"}],"wp:term":[{"taxonomy":"category","embeddable":true,"href":"https:\/\/www.upo.es\/investiga\/atlanrex\/wp-json\/wp\/v2\/categories?post=8816"},{"taxonomy":"post_tag","embeddable":true,"href":"https:\/\/www.upo.es\/investiga\/atlanrex\/wp-json\/wp\/v2\/tags?post=8816"}],"curies":[{"name":"wp","href":"https:\/\/api.w.org\/{rel}","templated":true}]}}