{"id":8900,"date":"2026-04-07T02:03:28","date_gmt":"2026-04-07T00:03:28","guid":{"rendered":"https:\/\/www.upo.es\/investiga\/atlanrex\/?p=8900"},"modified":"2026-04-07T02:05:50","modified_gmt":"2026-04-07T00:05:50","slug":"ciclo-de-conferencias-del-departamento-de-historia-moderna-y-de-america-2026","status":"publish","type":"post","link":"https:\/\/www.upo.es\/investiga\/atlanrex\/2026\/04\/07\/ciclo-de-conferencias-del-departamento-de-historia-moderna-y-de-america-2026\/","title":{"rendered":"CICLO DE CONFERENCIAS del Departamento de Historia Moderna y de Am\u00e9rica 2026"},"content":{"rendered":"\t\t<div data-elementor-type=\"wp-post\" data-elementor-id=\"8900\" class=\"elementor elementor-8900\">\n\t\t\t\t\t\t<section class=\"elementor-section elementor-top-section elementor-element elementor-element-a7945ea elementor-section-boxed elementor-section-height-default elementor-section-height-default\" data-id=\"a7945ea\" data-element_type=\"section\" data-e-type=\"section\">\n\t\t\t\t\t\t<div class=\"elementor-container elementor-column-gap-default\">\n\t\t\t\t\t<div class=\"elementor-column elementor-col-100 elementor-top-column elementor-element elementor-element-fd613dd\" data-id=\"fd613dd\" data-element_type=\"column\" data-e-type=\"column\">\n\t\t\t<div class=\"elementor-widget-wrap elementor-element-populated\">\n\t\t\t\t\t\t<div class=\"elementor-element elementor-element-36d2eb9 elementor-widget elementor-widget-image\" data-id=\"36d2eb9\" data-element_type=\"widget\" data-e-type=\"widget\" data-widget_type=\"image.default\">\n\t\t\t\t<div class=\"elementor-widget-container\">\n\t\t\t\t\t\t\t\t\t\t\t\t\t\t\t<img fetchpriority=\"high\" decoding=\"async\" width=\"750\" height=\"531\" src=\"https:\/\/www.upo.es\/investiga\/atlanrex\/wp-content\/uploads\/2026\/04\/Cartel-Ciclo-2026.webp\" class=\"attachment-large size-large wp-image-8901\" alt=\"\" srcset=\"https:\/\/www.upo.es\/investiga\/atlanrex\/wp-content\/uploads\/2026\/04\/Cartel-Ciclo-2026.webp 800w, https:\/\/www.upo.es\/investiga\/atlanrex\/wp-content\/uploads\/2026\/04\/Cartel-Ciclo-2026-300x212.webp 300w, https:\/\/www.upo.es\/investiga\/atlanrex\/wp-content\/uploads\/2026\/04\/Cartel-Ciclo-2026-768x543.webp 768w, https:\/\/www.upo.es\/investiga\/atlanrex\/wp-content\/uploads\/2026\/04\/Cartel-Ciclo-2026-600x425.webp 600w\" sizes=\"(max-width: 750px) 100vw, 750px\" \/>\t\t\t\t\t\t\t\t\t\t\t\t\t\t\t<\/div>\n\t\t\t\t<\/div>\n\t\t\t\t\t<\/div>\n\t\t<\/div>\n\t\t\t\t\t<\/div>\n\t\t<\/section>\n\t\t\t\t<section class=\"elementor-section elementor-top-section elementor-element elementor-element-03f2723 elementor-section-boxed elementor-section-height-default elementor-section-height-default\" data-id=\"03f2723\" data-element_type=\"section\" data-e-type=\"section\">\n\t\t\t\t\t\t<div class=\"elementor-container elementor-column-gap-default\">\n\t\t\t\t\t<div class=\"elementor-column elementor-col-100 elementor-top-column elementor-element elementor-element-b09d2b7\" data-id=\"b09d2b7\" data-element_type=\"column\" data-e-type=\"column\">\n\t\t\t<div class=\"elementor-widget-wrap elementor-element-populated\">\n\t\t\t\t\t\t<div class=\"elementor-element elementor-element-93b007e elementor-widget elementor-widget-text-editor\" data-id=\"93b007e\" data-element_type=\"widget\" data-e-type=\"widget\" data-widget_type=\"text-editor.default\">\n\t\t\t\t<div class=\"elementor-widget-container\">\n\t\t\t\t\t\t\t\t\t<p>Dentro del Ciclo de Conferencias del Departamento de Historia Moderna y de Am\u00e9rica 2026 de la Universidad de Granada, Manuel Herrero S\u00e1nchez presentar\u00e1 la ponencia titulada \u00abLa reforma del comercio atl\u00e1ntico y su encaje en la estructura de rep\u00fablicas urbanas de la Monarqu\u00eda en la segunda mitad del siglo XVII\u00bb.\u00a0<\/p><p>La sesi\u00f3n se desarrollar\u00e1 el mi\u00e9rcoles, 8 de abril, a las 10:30 en el aula 30 de la Facultad de Filosof\u00eda y Letras de la Universidad de Granada.<\/p>\t\t\t\t\t\t\t\t<\/div>\n\t\t\t\t<\/div>\n\t\t\t\t\t<\/div>\n\t\t<\/div>\n\t\t\t\t\t<\/div>\n\t\t<\/section>\n\t\t\t\t<\/div>\n\t\t","protected":false},"excerpt":{"rendered":"<p>Dentro del Ciclo de Conferencias del Departamento de Historia Moderna y de Am\u00e9rica 2026 de la Universidad de Granada, Manuel Herrero S\u00e1nchez presentar\u00e1 la ponencia titulada \u00abLa reforma del comercio atl\u00e1ntico y su encaje en la estructura de rep\u00fablicas urbanas de la Monarqu\u00eda en la segunda mitad del siglo XVII\u00bb.\u00a0 [&hellip;]<\/p>\n","protected":false},"author":1,"featured_media":8901,"comment_status":"open","ping_status":"open","sticky":false,"template":"","format":"standard","meta":{"_themeisle_gutenberg_block_has_review":false,"footnotes":""},"categories":[53],"tags":[],"class_list":["post-8900","post","type-post","status-publish","format-standard","has-post-thumbnail","hentry","category-eventos-cientificos"],"_links":{"self":[{"href":"https:\/\/www.upo.es\/investiga\/atlanrex\/wp-json\/wp\/v2\/posts\/8900","targetHints":{"allow":["GET"]}}],"collection":[{"href":"https:\/\/www.upo.es\/investiga\/atlanrex\/wp-json\/wp\/v2\/posts"}],"about":[{"href":"https:\/\/www.upo.es\/investiga\/atlanrex\/wp-json\/wp\/v2\/types\/post"}],"author":[{"embeddable":true,"href":"https:\/\/www.upo.es\/investiga\/atlanrex\/wp-json\/wp\/v2\/users\/1"}],"replies":[{"embeddable":true,"href":"https:\/\/www.upo.es\/investiga\/atlanrex\/wp-json\/wp\/v2\/comments?post=8900"}],"version-history":[{"count":4,"href":"https:\/\/www.upo.es\/investiga\/atlanrex\/wp-json\/wp\/v2\/posts\/8900\/revisions"}],"predecessor-version":[{"id":8905,"href":"https:\/\/www.upo.es\/investiga\/atlanrex\/wp-json\/wp\/v2\/posts\/8900\/revisions\/8905"}],"wp:featuredmedia":[{"embeddable":true,"href":"https:\/\/www.upo.es\/investiga\/atlanrex\/wp-json\/wp\/v2\/media\/8901"}],"wp:attachment":[{"href":"https:\/\/www.upo.es\/investiga\/atlanrex\/wp-json\/wp\/v2\/media?parent=8900"}],"wp:term":[{"taxonomy":"category","embeddable":true,"href":"https:\/\/www.upo.es\/investiga\/atlanrex\/wp-json\/wp\/v2\/categories?post=8900"},{"taxonomy":"post_tag","embeddable":true,"href":"https:\/\/www.upo.es\/investiga\/atlanrex\/wp-json\/wp\/v2\/tags?post=8900"}],"curies":[{"name":"wp","href":"https:\/\/api.w.org\/{rel}","templated":true}]}}