{"id":8909,"date":"2026-04-07T02:16:57","date_gmt":"2026-04-07T00:16:57","guid":{"rendered":"https:\/\/www.upo.es\/investiga\/atlanrex\/?p=8909"},"modified":"2026-04-07T02:20:10","modified_gmt":"2026-04-07T00:20:10","slug":"16a-sesion-ii-edicion-ciclo-de-charlas-historia-dialogada-clio-ante-el-espejo","status":"publish","type":"post","link":"https:\/\/www.upo.es\/investiga\/atlanrex\/2026\/04\/07\/16a-sesion-ii-edicion-ciclo-de-charlas-historia-dialogada-clio-ante-el-espejo\/","title":{"rendered":"16\u00aa SESI\u00d3N II EDICI\u00d3N CICLO DE CHARLAS \u00abHistoria Dialogada: Cl\u00edo ante el espejo\u00bb"},"content":{"rendered":"\t\t<div data-elementor-type=\"wp-post\" data-elementor-id=\"8909\" class=\"elementor elementor-8909\">\n\t\t\t\t\t\t<section class=\"elementor-section elementor-top-section elementor-element elementor-element-344f36d elementor-section-boxed elementor-section-height-default elementor-section-height-default\" data-id=\"344f36d\" data-element_type=\"section\" data-e-type=\"section\">\n\t\t\t\t\t\t<div class=\"elementor-container elementor-column-gap-default\">\n\t\t\t\t\t<div class=\"elementor-column elementor-col-100 elementor-top-column elementor-element elementor-element-6b6a4d1\" data-id=\"6b6a4d1\" data-element_type=\"column\" data-e-type=\"column\">\n\t\t\t<div class=\"elementor-widget-wrap elementor-element-populated\">\n\t\t\t\t\t\t<div class=\"elementor-element elementor-element-2156832 elementor-widget elementor-widget-image\" data-id=\"2156832\" data-element_type=\"widget\" data-e-type=\"widget\" data-widget_type=\"image.default\">\n\t\t\t\t<div class=\"elementor-widget-container\">\n\t\t\t\t\t\t\t\t\t\t\t\t\t\t\t<img fetchpriority=\"high\" decoding=\"async\" width=\"576\" height=\"1024\" src=\"https:\/\/www.upo.es\/investiga\/atlanrex\/wp-content\/uploads\/2026\/04\/Historia-dialogada-Jose-Manuel-Diaz-Blanco_page-0001-576x1024.jpg\" class=\"attachment-large size-large wp-image-8910\" alt=\"\" srcset=\"https:\/\/www.upo.es\/investiga\/atlanrex\/wp-content\/uploads\/2026\/04\/Historia-dialogada-Jose-Manuel-Diaz-Blanco_page-0001-576x1024.jpg 576w, https:\/\/www.upo.es\/investiga\/atlanrex\/wp-content\/uploads\/2026\/04\/Historia-dialogada-Jose-Manuel-Diaz-Blanco_page-0001-169x300.jpg 169w, https:\/\/www.upo.es\/investiga\/atlanrex\/wp-content\/uploads\/2026\/04\/Historia-dialogada-Jose-Manuel-Diaz-Blanco_page-0001-768x1365.jpg 768w, https:\/\/www.upo.es\/investiga\/atlanrex\/wp-content\/uploads\/2026\/04\/Historia-dialogada-Jose-Manuel-Diaz-Blanco_page-0001-600x1067.jpg 600w, https:\/\/www.upo.es\/investiga\/atlanrex\/wp-content\/uploads\/2026\/04\/Historia-dialogada-Jose-Manuel-Diaz-Blanco_page-0001-864x1536.jpg 864w, https:\/\/www.upo.es\/investiga\/atlanrex\/wp-content\/uploads\/2026\/04\/Historia-dialogada-Jose-Manuel-Diaz-Blanco_page-0001-1152x2048.jpg 1152w, https:\/\/www.upo.es\/investiga\/atlanrex\/wp-content\/uploads\/2026\/04\/Historia-dialogada-Jose-Manuel-Diaz-Blanco_page-0001-1320x2347.jpg 1320w, https:\/\/www.upo.es\/investiga\/atlanrex\/wp-content\/uploads\/2026\/04\/Historia-dialogada-Jose-Manuel-Diaz-Blanco_page-0001-scaled.jpg 1440w\" sizes=\"(max-width: 576px) 100vw, 576px\" \/>\t\t\t\t\t\t\t\t\t\t\t\t\t\t\t<\/div>\n\t\t\t\t<\/div>\n\t\t\t\t\t<\/div>\n\t\t<\/div>\n\t\t\t\t\t<\/div>\n\t\t<\/section>\n\t\t\t\t<section class=\"elementor-section elementor-top-section elementor-element elementor-element-46da153 elementor-section-boxed elementor-section-height-default elementor-section-height-default\" data-id=\"46da153\" data-element_type=\"section\" data-e-type=\"section\">\n\t\t\t\t\t\t<div class=\"elementor-container elementor-column-gap-default\">\n\t\t\t\t\t<div class=\"elementor-column elementor-col-100 elementor-top-column elementor-element elementor-element-c235b86\" data-id=\"c235b86\" data-element_type=\"column\" data-e-type=\"column\">\n\t\t\t<div class=\"elementor-widget-wrap elementor-element-populated\">\n\t\t\t\t\t\t<div class=\"elementor-element elementor-element-d876e83 elementor-widget elementor-widget-text-editor\" data-id=\"d876e83\" data-element_type=\"widget\" data-e-type=\"widget\" data-widget_type=\"text-editor.default\">\n\t\t\t\t<div class=\"elementor-widget-container\">\n\t\t\t\t\t\t\t\t\t<p>Nos complace anunciar la celebraci\u00f3n de la 16\u00aa sesi\u00f3n de la II Edici\u00f3n del Ciclo de Charlas \u00abHistoria Dialogada: Cl\u00edo ante el espejo\u00bb que contar\u00e1 con la participaci\u00f3n de Jos\u00e9 Manuel D\u00edaz Blanco (Universidad de Sevilla).\u00a0<\/p><p>La sesi\u00f3n tendr\u00e1 lugar el viernes, 10 de abril, entre las 11:00 y 13:00 en la Sala de Grados de la Facultad de Filosof\u00eda y Letras de la Universidad Aut\u00f3noma de Madrid. Ser\u00e1 retransmitida a trav\u00e9s de Zoom: <a href=\"https:\/\/us06web.zoom.us\/j\/89806432838\">https:\/\/us06web.zoom.us\/j\/89806432838<\/a>.<\/p>\t\t\t\t\t\t\t\t<\/div>\n\t\t\t\t<\/div>\n\t\t\t\t\t<\/div>\n\t\t<\/div>\n\t\t\t\t\t<\/div>\n\t\t<\/section>\n\t\t\t\t<\/div>\n\t\t","protected":false},"excerpt":{"rendered":"<p>Nos complace anunciar la celebraci\u00f3n de la 16\u00aa sesi\u00f3n de la II Edici\u00f3n del Ciclo de Charlas \u00abHistoria Dialogada: Cl\u00edo ante el espejo\u00bb que contar\u00e1 con la participaci\u00f3n de Jos\u00e9 Manuel D\u00edaz Blanco (Universidad de Sevilla).\u00a0 La sesi\u00f3n tendr\u00e1 lugar el viernes, 10 de abril, entre las 11:00 y 13:00 [&hellip;]<\/p>\n","protected":false},"author":1,"featured_media":8910,"comment_status":"open","ping_status":"open","sticky":false,"template":"","format":"standard","meta":{"_themeisle_gutenberg_block_has_review":false,"footnotes":""},"categories":[82],"tags":[],"class_list":["post-8909","post","type-post","status-publish","format-standard","has-post-thumbnail","hentry","category-ciclo-de-charlas"],"_links":{"self":[{"href":"https:\/\/www.upo.es\/investiga\/atlanrex\/wp-json\/wp\/v2\/posts\/8909","targetHints":{"allow":["GET"]}}],"collection":[{"href":"https:\/\/www.upo.es\/investiga\/atlanrex\/wp-json\/wp\/v2\/posts"}],"about":[{"href":"https:\/\/www.upo.es\/investiga\/atlanrex\/wp-json\/wp\/v2\/types\/post"}],"author":[{"embeddable":true,"href":"https:\/\/www.upo.es\/investiga\/atlanrex\/wp-json\/wp\/v2\/users\/1"}],"replies":[{"embeddable":true,"href":"https:\/\/www.upo.es\/investiga\/atlanrex\/wp-json\/wp\/v2\/comments?post=8909"}],"version-history":[{"count":4,"href":"https:\/\/www.upo.es\/investiga\/atlanrex\/wp-json\/wp\/v2\/posts\/8909\/revisions"}],"predecessor-version":[{"id":8914,"href":"https:\/\/www.upo.es\/investiga\/atlanrex\/wp-json\/wp\/v2\/posts\/8909\/revisions\/8914"}],"wp:featuredmedia":[{"embeddable":true,"href":"https:\/\/www.upo.es\/investiga\/atlanrex\/wp-json\/wp\/v2\/media\/8910"}],"wp:attachment":[{"href":"https:\/\/www.upo.es\/investiga\/atlanrex\/wp-json\/wp\/v2\/media?parent=8909"}],"wp:term":[{"taxonomy":"category","embeddable":true,"href":"https:\/\/www.upo.es\/investiga\/atlanrex\/wp-json\/wp\/v2\/categories?post=8909"},{"taxonomy":"post_tag","embeddable":true,"href":"https:\/\/www.upo.es\/investiga\/atlanrex\/wp-json\/wp\/v2\/tags?post=8909"}],"curies":[{"name":"wp","href":"https:\/\/api.w.org\/{rel}","templated":true}]}}