{"id":8918,"date":"2026-04-14T03:13:51","date_gmt":"2026-04-14T01:13:51","guid":{"rendered":"https:\/\/www.upo.es\/investiga\/atlanrex\/?p=8918"},"modified":"2026-04-14T03:17:11","modified_gmt":"2026-04-14T01:17:11","slug":"curso-america-latina-en-la-temprana-globalizacion","status":"publish","type":"post","link":"https:\/\/www.upo.es\/investiga\/atlanrex\/2026\/04\/14\/curso-america-latina-en-la-temprana-globalizacion\/","title":{"rendered":"CURSO Am\u00e9rica Latina en la temprana globalizaci\u00f3n"},"content":{"rendered":"\t\t<div data-elementor-type=\"wp-post\" data-elementor-id=\"8918\" class=\"elementor elementor-8918\">\n\t\t\t\t\t\t<section class=\"elementor-section elementor-top-section elementor-element elementor-element-c76de9a elementor-section-boxed elementor-section-height-default elementor-section-height-default\" data-id=\"c76de9a\" data-element_type=\"section\" data-e-type=\"section\">\n\t\t\t\t\t\t<div class=\"elementor-container elementor-column-gap-default\">\n\t\t\t\t\t<div class=\"elementor-column elementor-col-100 elementor-top-column elementor-element elementor-element-f06d14c\" data-id=\"f06d14c\" data-element_type=\"column\" data-e-type=\"column\">\n\t\t\t<div class=\"elementor-widget-wrap elementor-element-populated\">\n\t\t\t\t\t\t<div class=\"elementor-element elementor-element-feb6ece elementor-widget elementor-widget-image\" data-id=\"feb6ece\" data-element_type=\"widget\" data-e-type=\"widget\" data-widget_type=\"image.default\">\n\t\t\t\t<div class=\"elementor-widget-container\">\n\t\t\t\t\t\t\t\t\t\t\t\t\t\t\t<img fetchpriority=\"high\" decoding=\"async\" width=\"500\" height=\"151\" src=\"https:\/\/www.upo.es\/investiga\/atlanrex\/wp-content\/uploads\/2026\/04\/imagenservlet54c18f1654c6c_500w.jpg\" class=\"attachment-large size-large wp-image-8919\" alt=\"\" srcset=\"https:\/\/www.upo.es\/investiga\/atlanrex\/wp-content\/uploads\/2026\/04\/imagenservlet54c18f1654c6c_500w.jpg 500w, https:\/\/www.upo.es\/investiga\/atlanrex\/wp-content\/uploads\/2026\/04\/imagenservlet54c18f1654c6c_500w-300x91.jpg 300w\" sizes=\"(max-width: 500px) 100vw, 500px\" \/>\t\t\t\t\t\t\t\t\t\t\t\t\t\t\t<\/div>\n\t\t\t\t<\/div>\n\t\t\t\t\t<\/div>\n\t\t<\/div>\n\t\t\t\t\t<\/div>\n\t\t<\/section>\n\t\t\t\t<section class=\"elementor-section elementor-top-section elementor-element elementor-element-00ab987 elementor-section-boxed elementor-section-height-default elementor-section-height-default\" data-id=\"00ab987\" data-element_type=\"section\" data-e-type=\"section\">\n\t\t\t\t\t\t<div class=\"elementor-container elementor-column-gap-default\">\n\t\t\t\t\t<div class=\"elementor-column elementor-col-100 elementor-top-column elementor-element elementor-element-66e4114\" data-id=\"66e4114\" data-element_type=\"column\" data-e-type=\"column\">\n\t\t\t<div class=\"elementor-widget-wrap elementor-element-populated\">\n\t\t\t\t\t\t<div class=\"elementor-element elementor-element-7d7481e elementor-widget elementor-widget-text-editor\" data-id=\"7d7481e\" data-element_type=\"widget\" data-e-type=\"widget\" data-widget_type=\"text-editor.default\">\n\t\t\t\t<div class=\"elementor-widget-container\">\n\t\t\t\t\t\t\t\t\t<p>Como parte del curso de Doctorado \u00abAm\u00e9rica Latina en la temprana globalizaci\u00f3n\u00bb impartido por el Dr. Bernd Hausberger en el Centro de Estudios Hist\u00f3ricos de El Colegio de M\u00e9xico, Alberto Hern\u00e1ndez P\u00e9rez participar\u00e1 con la ponencia titulada \u00abLos S\u00e1nchez de Tagle: trayectorias familiares, redes comerciales y articulaci\u00f3n transnacional en la monarqu\u00eda de Espa\u00f1a (ca. 1670\u20131730)\u00bb. La sesi\u00f3n se desarrollar\u00e1 el jueves, 16 de abril, entre las 10 y 12 (hora de M\u00e9xico central).<\/p>\t\t\t\t\t\t\t\t<\/div>\n\t\t\t\t<\/div>\n\t\t\t\t\t<\/div>\n\t\t<\/div>\n\t\t\t\t\t<\/div>\n\t\t<\/section>\n\t\t\t\t<\/div>\n\t\t","protected":false},"excerpt":{"rendered":"<p>Como parte del curso de Doctorado \u00abAm\u00e9rica Latina en la temprana globalizaci\u00f3n\u00bb impartido por el Dr. Bernd Hausberger en el Centro de Estudios Hist\u00f3ricos de El Colegio de M\u00e9xico, Alberto Hern\u00e1ndez P\u00e9rez participar\u00e1 con la ponencia titulada \u00abLos S\u00e1nchez de Tagle: trayectorias familiares, redes comerciales y articulaci\u00f3n transnacional en la [&hellip;]<\/p>\n","protected":false},"author":1,"featured_media":8919,"comment_status":"open","ping_status":"open","sticky":false,"template":"","format":"standard","meta":{"_themeisle_gutenberg_block_has_review":false,"footnotes":""},"categories":[1],"tags":[],"class_list":["post-8918","post","type-post","status-publish","format-standard","has-post-thumbnail","hentry","category-sin-categoria"],"_links":{"self":[{"href":"https:\/\/www.upo.es\/investiga\/atlanrex\/wp-json\/wp\/v2\/posts\/8918","targetHints":{"allow":["GET"]}}],"collection":[{"href":"https:\/\/www.upo.es\/investiga\/atlanrex\/wp-json\/wp\/v2\/posts"}],"about":[{"href":"https:\/\/www.upo.es\/investiga\/atlanrex\/wp-json\/wp\/v2\/types\/post"}],"author":[{"embeddable":true,"href":"https:\/\/www.upo.es\/investiga\/atlanrex\/wp-json\/wp\/v2\/users\/1"}],"replies":[{"embeddable":true,"href":"https:\/\/www.upo.es\/investiga\/atlanrex\/wp-json\/wp\/v2\/comments?post=8918"}],"version-history":[{"count":4,"href":"https:\/\/www.upo.es\/investiga\/atlanrex\/wp-json\/wp\/v2\/posts\/8918\/revisions"}],"predecessor-version":[{"id":8923,"href":"https:\/\/www.upo.es\/investiga\/atlanrex\/wp-json\/wp\/v2\/posts\/8918\/revisions\/8923"}],"wp:featuredmedia":[{"embeddable":true,"href":"https:\/\/www.upo.es\/investiga\/atlanrex\/wp-json\/wp\/v2\/media\/8919"}],"wp:attachment":[{"href":"https:\/\/www.upo.es\/investiga\/atlanrex\/wp-json\/wp\/v2\/media?parent=8918"}],"wp:term":[{"taxonomy":"category","embeddable":true,"href":"https:\/\/www.upo.es\/investiga\/atlanrex\/wp-json\/wp\/v2\/categories?post=8918"},{"taxonomy":"post_tag","embeddable":true,"href":"https:\/\/www.upo.es\/investiga\/atlanrex\/wp-json\/wp\/v2\/tags?post=8918"}],"curies":[{"name":"wp","href":"https:\/\/api.w.org\/{rel}","templated":true}]}}