{"id":8961,"date":"2026-04-22T02:09:39","date_gmt":"2026-04-22T00:09:39","guid":{"rendered":"https:\/\/www.upo.es\/investiga\/atlanrex\/?p=8961"},"modified":"2026-04-22T02:15:10","modified_gmt":"2026-04-22T00:15:10","slug":"table-ronde-voces-negras-conspiracion-cooperacion-y-resistencias-en-la-luisiana-revolucionaria","status":"publish","type":"post","link":"https:\/\/www.upo.es\/investiga\/atlanrex\/2026\/04\/22\/table-ronde-voces-negras-conspiracion-cooperacion-y-resistencias-en-la-luisiana-revolucionaria\/","title":{"rendered":"TABLE RONDE Voces negras. Conspiraci\u00f3n, cooperaci\u00f3n y resistencias en la Luisiana revolucionaria"},"content":{"rendered":"\t\t<div data-elementor-type=\"wp-post\" data-elementor-id=\"8961\" class=\"elementor elementor-8961\">\n\t\t\t\t\t\t<section class=\"elementor-section elementor-top-section elementor-element elementor-element-a37f317 elementor-section-boxed elementor-section-height-default elementor-section-height-default\" data-id=\"a37f317\" data-element_type=\"section\" data-e-type=\"section\">\n\t\t\t\t\t\t<div class=\"elementor-container elementor-column-gap-default\">\n\t\t\t\t\t<div class=\"elementor-column elementor-col-100 elementor-top-column elementor-element elementor-element-410a7c7\" data-id=\"410a7c7\" data-element_type=\"column\" data-e-type=\"column\">\n\t\t\t<div class=\"elementor-widget-wrap elementor-element-populated\">\n\t\t\t\t\t\t<div class=\"elementor-element elementor-element-50970d4 elementor-widget elementor-widget-image\" data-id=\"50970d4\" data-element_type=\"widget\" data-e-type=\"widget\" data-widget_type=\"image.default\">\n\t\t\t\t<div class=\"elementor-widget-container\">\n\t\t\t\t\t\t\t\t\t\t\t\t\t\t\t<img fetchpriority=\"high\" decoding=\"async\" width=\"724\" height=\"1024\" src=\"https:\/\/www.upo.es\/investiga\/atlanrex\/wp-content\/uploads\/2026\/04\/Table_ronde-Pablo-Cosme-Paris-2026_page-0001-724x1024.jpg\" class=\"attachment-large size-large wp-image-8962\" alt=\"\" srcset=\"https:\/\/www.upo.es\/investiga\/atlanrex\/wp-content\/uploads\/2026\/04\/Table_ronde-Pablo-Cosme-Paris-2026_page-0001-724x1024.jpg 724w, https:\/\/www.upo.es\/investiga\/atlanrex\/wp-content\/uploads\/2026\/04\/Table_ronde-Pablo-Cosme-Paris-2026_page-0001-212x300.jpg 212w, https:\/\/www.upo.es\/investiga\/atlanrex\/wp-content\/uploads\/2026\/04\/Table_ronde-Pablo-Cosme-Paris-2026_page-0001-768x1086.jpg 768w, https:\/\/www.upo.es\/investiga\/atlanrex\/wp-content\/uploads\/2026\/04\/Table_ronde-Pablo-Cosme-Paris-2026_page-0001-600x849.jpg 600w, https:\/\/www.upo.es\/investiga\/atlanrex\/wp-content\/uploads\/2026\/04\/Table_ronde-Pablo-Cosme-Paris-2026_page-0001-1086x1536.jpg 1086w, https:\/\/www.upo.es\/investiga\/atlanrex\/wp-content\/uploads\/2026\/04\/Table_ronde-Pablo-Cosme-Paris-2026_page-0001-1448x2048.jpg 1448w, https:\/\/www.upo.es\/investiga\/atlanrex\/wp-content\/uploads\/2026\/04\/Table_ronde-Pablo-Cosme-Paris-2026_page-0001-1320x1867.jpg 1320w, https:\/\/www.upo.es\/investiga\/atlanrex\/wp-content\/uploads\/2026\/04\/Table_ronde-Pablo-Cosme-Paris-2026_page-0001-scaled.jpg 1810w\" sizes=\"(max-width: 724px) 100vw, 724px\" \/>\t\t\t\t\t\t\t\t\t\t\t\t\t\t\t<\/div>\n\t\t\t\t<\/div>\n\t\t\t\t\t<\/div>\n\t\t<\/div>\n\t\t\t\t\t<\/div>\n\t\t<\/section>\n\t\t\t\t<section class=\"elementor-section elementor-top-section elementor-element elementor-element-608c95d elementor-section-boxed elementor-section-height-default elementor-section-height-default\" data-id=\"608c95d\" data-element_type=\"section\" data-e-type=\"section\">\n\t\t\t\t\t\t<div class=\"elementor-container elementor-column-gap-default\">\n\t\t\t\t\t<div class=\"elementor-column elementor-col-100 elementor-top-column elementor-element elementor-element-12a5704\" data-id=\"12a5704\" data-element_type=\"column\" data-e-type=\"column\">\n\t\t\t<div class=\"elementor-widget-wrap elementor-element-populated\">\n\t\t\t\t\t\t<div class=\"elementor-element elementor-element-e93e794 elementor-widget elementor-widget-image\" data-id=\"e93e794\" data-element_type=\"widget\" data-e-type=\"widget\" data-widget_type=\"image.default\">\n\t\t\t\t<div class=\"elementor-widget-container\">\n\t\t\t\t\t\t\t\t\t\t\t\t\t\t\t<img decoding=\"async\" width=\"724\" height=\"1024\" src=\"https:\/\/www.upo.es\/investiga\/atlanrex\/wp-content\/uploads\/2026\/04\/Table_ronde-Pablo-Cosme-Paris-2026_page-0002-724x1024.jpg\" class=\"attachment-large size-large wp-image-8964\" alt=\"\" srcset=\"https:\/\/www.upo.es\/investiga\/atlanrex\/wp-content\/uploads\/2026\/04\/Table_ronde-Pablo-Cosme-Paris-2026_page-0002-724x1024.jpg 724w, https:\/\/www.upo.es\/investiga\/atlanrex\/wp-content\/uploads\/2026\/04\/Table_ronde-Pablo-Cosme-Paris-2026_page-0002-212x300.jpg 212w, https:\/\/www.upo.es\/investiga\/atlanrex\/wp-content\/uploads\/2026\/04\/Table_ronde-Pablo-Cosme-Paris-2026_page-0002-768x1086.jpg 768w, https:\/\/www.upo.es\/investiga\/atlanrex\/wp-content\/uploads\/2026\/04\/Table_ronde-Pablo-Cosme-Paris-2026_page-0002-600x849.jpg 600w, https:\/\/www.upo.es\/investiga\/atlanrex\/wp-content\/uploads\/2026\/04\/Table_ronde-Pablo-Cosme-Paris-2026_page-0002-1086x1536.jpg 1086w, https:\/\/www.upo.es\/investiga\/atlanrex\/wp-content\/uploads\/2026\/04\/Table_ronde-Pablo-Cosme-Paris-2026_page-0002-1448x2048.jpg 1448w, https:\/\/www.upo.es\/investiga\/atlanrex\/wp-content\/uploads\/2026\/04\/Table_ronde-Pablo-Cosme-Paris-2026_page-0002-1320x1867.jpg 1320w, https:\/\/www.upo.es\/investiga\/atlanrex\/wp-content\/uploads\/2026\/04\/Table_ronde-Pablo-Cosme-Paris-2026_page-0002-scaled.jpg 1810w\" sizes=\"(max-width: 724px) 100vw, 724px\" \/>\t\t\t\t\t\t\t\t\t\t\t\t\t\t\t<\/div>\n\t\t\t\t<\/div>\n\t\t\t\t\t<\/div>\n\t\t<\/div>\n\t\t\t\t\t<\/div>\n\t\t<\/section>\n\t\t\t\t<section class=\"elementor-section elementor-top-section elementor-element elementor-element-5c7d6b1 elementor-section-boxed elementor-section-height-default elementor-section-height-default\" data-id=\"5c7d6b1\" data-element_type=\"section\" data-e-type=\"section\">\n\t\t\t\t\t\t<div class=\"elementor-container elementor-column-gap-default\">\n\t\t\t\t\t<div class=\"elementor-column elementor-col-100 elementor-top-column elementor-element elementor-element-28f30f7\" data-id=\"28f30f7\" data-element_type=\"column\" data-e-type=\"column\">\n\t\t\t<div class=\"elementor-widget-wrap elementor-element-populated\">\n\t\t\t\t\t\t<div class=\"elementor-element elementor-element-a57c6ca elementor-widget elementor-widget-image\" data-id=\"a57c6ca\" data-element_type=\"widget\" data-e-type=\"widget\" data-widget_type=\"image.default\">\n\t\t\t\t<div class=\"elementor-widget-container\">\n\t\t\t\t\t\t\t\t\t\t\t\t\t\t\t<img decoding=\"async\" width=\"724\" height=\"1024\" src=\"https:\/\/www.upo.es\/investiga\/atlanrex\/wp-content\/uploads\/2026\/04\/Table_ronde-Pablo-Cosme-Paris-2026_page-0003-724x1024.jpg\" class=\"attachment-large size-large wp-image-8965\" alt=\"\" srcset=\"https:\/\/www.upo.es\/investiga\/atlanrex\/wp-content\/uploads\/2026\/04\/Table_ronde-Pablo-Cosme-Paris-2026_page-0003-724x1024.jpg 724w, https:\/\/www.upo.es\/investiga\/atlanrex\/wp-content\/uploads\/2026\/04\/Table_ronde-Pablo-Cosme-Paris-2026_page-0003-212x300.jpg 212w, https:\/\/www.upo.es\/investiga\/atlanrex\/wp-content\/uploads\/2026\/04\/Table_ronde-Pablo-Cosme-Paris-2026_page-0003-768x1086.jpg 768w, https:\/\/www.upo.es\/investiga\/atlanrex\/wp-content\/uploads\/2026\/04\/Table_ronde-Pablo-Cosme-Paris-2026_page-0003-600x849.jpg 600w, https:\/\/www.upo.es\/investiga\/atlanrex\/wp-content\/uploads\/2026\/04\/Table_ronde-Pablo-Cosme-Paris-2026_page-0003-1086x1536.jpg 1086w, https:\/\/www.upo.es\/investiga\/atlanrex\/wp-content\/uploads\/2026\/04\/Table_ronde-Pablo-Cosme-Paris-2026_page-0003-1448x2048.jpg 1448w, https:\/\/www.upo.es\/investiga\/atlanrex\/wp-content\/uploads\/2026\/04\/Table_ronde-Pablo-Cosme-Paris-2026_page-0003-1320x1867.jpg 1320w, https:\/\/www.upo.es\/investiga\/atlanrex\/wp-content\/uploads\/2026\/04\/Table_ronde-Pablo-Cosme-Paris-2026_page-0003-scaled.jpg 1810w\" sizes=\"(max-width: 724px) 100vw, 724px\" \/>\t\t\t\t\t\t\t\t\t\t\t\t\t\t\t<\/div>\n\t\t\t\t<\/div>\n\t\t\t\t\t<\/div>\n\t\t<\/div>\n\t\t\t\t\t<\/div>\n\t\t<\/section>\n\t\t\t\t<section class=\"elementor-section elementor-top-section elementor-element elementor-element-60c8a16 elementor-section-boxed elementor-section-height-default elementor-section-height-default\" data-id=\"60c8a16\" data-element_type=\"section\" data-e-type=\"section\">\n\t\t\t\t\t\t<div class=\"elementor-container elementor-column-gap-default\">\n\t\t\t\t\t<div class=\"elementor-column elementor-col-100 elementor-top-column elementor-element elementor-element-20ad20c\" data-id=\"20ad20c\" data-element_type=\"column\" data-e-type=\"column\">\n\t\t\t<div class=\"elementor-widget-wrap elementor-element-populated\">\n\t\t\t\t\t\t<div class=\"elementor-element elementor-element-6dbb0f5 elementor-widget elementor-widget-image\" data-id=\"6dbb0f5\" data-element_type=\"widget\" data-e-type=\"widget\" data-widget_type=\"image.default\">\n\t\t\t\t<div class=\"elementor-widget-container\">\n\t\t\t\t\t\t\t\t\t\t\t\t\t\t\t<img loading=\"lazy\" decoding=\"async\" width=\"724\" height=\"1024\" src=\"https:\/\/www.upo.es\/investiga\/atlanrex\/wp-content\/uploads\/2026\/04\/Table_ronde-Pablo-Cosme-Paris-2026_page-0004-724x1024.jpg\" class=\"attachment-large size-large wp-image-8966\" alt=\"\" srcset=\"https:\/\/www.upo.es\/investiga\/atlanrex\/wp-content\/uploads\/2026\/04\/Table_ronde-Pablo-Cosme-Paris-2026_page-0004-724x1024.jpg 724w, https:\/\/www.upo.es\/investiga\/atlanrex\/wp-content\/uploads\/2026\/04\/Table_ronde-Pablo-Cosme-Paris-2026_page-0004-212x300.jpg 212w, https:\/\/www.upo.es\/investiga\/atlanrex\/wp-content\/uploads\/2026\/04\/Table_ronde-Pablo-Cosme-Paris-2026_page-0004-768x1086.jpg 768w, https:\/\/www.upo.es\/investiga\/atlanrex\/wp-content\/uploads\/2026\/04\/Table_ronde-Pablo-Cosme-Paris-2026_page-0004-600x849.jpg 600w, https:\/\/www.upo.es\/investiga\/atlanrex\/wp-content\/uploads\/2026\/04\/Table_ronde-Pablo-Cosme-Paris-2026_page-0004-1086x1536.jpg 1086w, https:\/\/www.upo.es\/investiga\/atlanrex\/wp-content\/uploads\/2026\/04\/Table_ronde-Pablo-Cosme-Paris-2026_page-0004-1448x2048.jpg 1448w, https:\/\/www.upo.es\/investiga\/atlanrex\/wp-content\/uploads\/2026\/04\/Table_ronde-Pablo-Cosme-Paris-2026_page-0004-1320x1867.jpg 1320w, https:\/\/www.upo.es\/investiga\/atlanrex\/wp-content\/uploads\/2026\/04\/Table_ronde-Pablo-Cosme-Paris-2026_page-0004-scaled.jpg 1810w\" sizes=\"(max-width: 724px) 100vw, 724px\" \/>\t\t\t\t\t\t\t\t\t\t\t\t\t\t\t<\/div>\n\t\t\t\t<\/div>\n\t\t\t\t\t<\/div>\n\t\t<\/div>\n\t\t\t\t\t<\/div>\n\t\t<\/section>\n\t\t\t\t<section class=\"elementor-section elementor-top-section elementor-element elementor-element-c5fb783 elementor-section-boxed elementor-section-height-default elementor-section-height-default\" data-id=\"c5fb783\" data-element_type=\"section\" data-e-type=\"section\">\n\t\t\t\t\t\t<div class=\"elementor-container elementor-column-gap-default\">\n\t\t\t\t\t<div class=\"elementor-column elementor-col-100 elementor-top-column elementor-element elementor-element-eb5511f\" data-id=\"eb5511f\" data-element_type=\"column\" data-e-type=\"column\">\n\t\t\t<div class=\"elementor-widget-wrap elementor-element-populated\">\n\t\t\t\t\t\t<div class=\"elementor-element elementor-element-780aaa3 elementor-widget elementor-widget-text-editor\" data-id=\"780aaa3\" data-element_type=\"widget\" data-e-type=\"widget\" data-widget_type=\"text-editor.default\">\n\t\t\t\t<div class=\"elementor-widget-container\">\n\t\t\t\t\t\t\t\t\t<p>Nos complace anunciar la celebraci\u00f3n de la&nbsp;<em>Table Ronde autour de l&#8217;ouvrage de Cosme J. G\u00f3mez Carrasco et Pablo Hern\u00e1ndez Sau&nbsp;<\/em>organizado por Cosme J. G\u00f3mez Carrasco (Universidad de Murcia) y Fran\u00e7ois\u2010Joseph Ruggiu (Centre Roland Mousnier, CNRS, Sorbonne Universit\u00e9) sobre el libro \u00abVoces negras. Conspiraci\u00f3n, cooperaci\u00f3n y resistencias en la Luisiana revolucionaria\u00bb (Ediciones Trea, 2026).&nbsp;<\/p>\n<p>La sesi\u00f3n tendr\u00e1 lugar en el Colegio de Espa\u00f1a (Par\u00eds)&nbsp; el 13 de mayo, entre las 14:30 y 18 horas. Para asistir al evento, p\u00f3ngase en contacto con: francois\u2010joseph.ruggiu@sorbonne\u2010universite.fr.<\/p>\t\t\t\t\t\t\t\t<\/div>\n\t\t\t\t<\/div>\n\t\t\t\t\t<\/div>\n\t\t<\/div>\n\t\t\t\t\t<\/div>\n\t\t<\/section>\n\t\t\t\t<\/div>\n\t\t","protected":false},"excerpt":{"rendered":"<p>Nos complace anunciar la celebraci\u00f3n de la&nbsp;Table Ronde autour de l&#8217;ouvrage de Cosme J. G\u00f3mez Carrasco et Pablo Hern\u00e1ndez Sau&nbsp;organizado por Cosme J. G\u00f3mez Carrasco (Universidad de Murcia) y Fran\u00e7ois\u2010Joseph Ruggiu (Centre Roland Mousnier, CNRS, Sorbonne Universit\u00e9) sobre el libro \u00abVoces negras. Conspiraci\u00f3n, cooperaci\u00f3n y resistencias en la Luisiana revolucionaria\u00bb [&hellip;]<\/p>\n","protected":false},"author":1,"featured_media":8962,"comment_status":"open","ping_status":"open","sticky":false,"template":"","format":"standard","meta":{"_themeisle_gutenberg_block_has_review":false,"footnotes":""},"categories":[53],"tags":[],"class_list":["post-8961","post","type-post","status-publish","format-standard","has-post-thumbnail","hentry","category-eventos-cientificos"],"_links":{"self":[{"href":"https:\/\/www.upo.es\/investiga\/atlanrex\/wp-json\/wp\/v2\/posts\/8961","targetHints":{"allow":["GET"]}}],"collection":[{"href":"https:\/\/www.upo.es\/investiga\/atlanrex\/wp-json\/wp\/v2\/posts"}],"about":[{"href":"https:\/\/www.upo.es\/investiga\/atlanrex\/wp-json\/wp\/v2\/types\/post"}],"author":[{"embeddable":true,"href":"https:\/\/www.upo.es\/investiga\/atlanrex\/wp-json\/wp\/v2\/users\/1"}],"replies":[{"embeddable":true,"href":"https:\/\/www.upo.es\/investiga\/atlanrex\/wp-json\/wp\/v2\/comments?post=8961"}],"version-history":[{"count":4,"href":"https:\/\/www.upo.es\/investiga\/atlanrex\/wp-json\/wp\/v2\/posts\/8961\/revisions"}],"predecessor-version":[{"id":8969,"href":"https:\/\/www.upo.es\/investiga\/atlanrex\/wp-json\/wp\/v2\/posts\/8961\/revisions\/8969"}],"wp:featuredmedia":[{"embeddable":true,"href":"https:\/\/www.upo.es\/investiga\/atlanrex\/wp-json\/wp\/v2\/media\/8962"}],"wp:attachment":[{"href":"https:\/\/www.upo.es\/investiga\/atlanrex\/wp-json\/wp\/v2\/media?parent=8961"}],"wp:term":[{"taxonomy":"category","embeddable":true,"href":"https:\/\/www.upo.es\/investiga\/atlanrex\/wp-json\/wp\/v2\/categories?post=8961"},{"taxonomy":"post_tag","embeddable":true,"href":"https:\/\/www.upo.es\/investiga\/atlanrex\/wp-json\/wp\/v2\/tags?post=8961"}],"curies":[{"name":"wp","href":"https:\/\/api.w.org\/{rel}","templated":true}]}}