{"id":8997,"date":"2026-04-29T04:53:54","date_gmt":"2026-04-29T02:53:54","guid":{"rendered":"https:\/\/www.upo.es\/investiga\/atlanrex\/?p=8997"},"modified":"2026-04-29T05:01:03","modified_gmt":"2026-04-29T03:01:03","slug":"conversatorio-mercado-y-moneda-en-hispanoamerica-s-xvi-xix-homenaje-a-heraclio-bonilla","status":"publish","type":"post","link":"https:\/\/www.upo.es\/investiga\/atlanrex\/2026\/04\/29\/conversatorio-mercado-y-moneda-en-hispanoamerica-s-xvi-xix-homenaje-a-heraclio-bonilla\/","title":{"rendered":"CONVERSATORIO Mercado y moneda en Hispanoam\u00e9rica, s. XVI-XIX Homenaje a Heraclio Bonilla"},"content":{"rendered":"\t\t<div data-elementor-type=\"wp-post\" data-elementor-id=\"8997\" class=\"elementor elementor-8997\">\n\t\t\t\t\t\t<section class=\"elementor-section elementor-top-section elementor-element elementor-element-e3f804c elementor-section-boxed elementor-section-height-default elementor-section-height-default\" data-id=\"e3f804c\" data-element_type=\"section\" data-e-type=\"section\">\n\t\t\t\t\t\t<div class=\"elementor-container elementor-column-gap-default\">\n\t\t\t\t\t<div class=\"elementor-column elementor-col-100 elementor-top-column elementor-element elementor-element-66ab3f5\" data-id=\"66ab3f5\" data-element_type=\"column\" data-e-type=\"column\">\n\t\t\t<div class=\"elementor-widget-wrap elementor-element-populated\">\n\t\t\t\t\t\t<div class=\"elementor-element elementor-element-1f5b28a elementor-widget elementor-widget-image\" data-id=\"1f5b28a\" data-element_type=\"widget\" data-e-type=\"widget\" data-widget_type=\"image.default\">\n\t\t\t\t<div class=\"elementor-widget-container\">\n\t\t\t\t\t\t\t\t\t\t\t\t\t\t\t<img fetchpriority=\"high\" decoding=\"async\" width=\"662\" height=\"1024\" src=\"https:\/\/www.upo.es\/investiga\/atlanrex\/wp-content\/uploads\/2026\/04\/26-14_conversatorio-mercado-hispanoamerica-homenaje-Bonilla_cartel-662x1024.jpg\" class=\"attachment-large size-large wp-image-8999\" alt=\"\" srcset=\"https:\/\/www.upo.es\/investiga\/atlanrex\/wp-content\/uploads\/2026\/04\/26-14_conversatorio-mercado-hispanoamerica-homenaje-Bonilla_cartel-662x1024.jpg 662w, https:\/\/www.upo.es\/investiga\/atlanrex\/wp-content\/uploads\/2026\/04\/26-14_conversatorio-mercado-hispanoamerica-homenaje-Bonilla_cartel-194x300.jpg 194w, https:\/\/www.upo.es\/investiga\/atlanrex\/wp-content\/uploads\/2026\/04\/26-14_conversatorio-mercado-hispanoamerica-homenaje-Bonilla_cartel-768x1187.jpg 768w, https:\/\/www.upo.es\/investiga\/atlanrex\/wp-content\/uploads\/2026\/04\/26-14_conversatorio-mercado-hispanoamerica-homenaje-Bonilla_cartel-600x928.jpg 600w, https:\/\/www.upo.es\/investiga\/atlanrex\/wp-content\/uploads\/2026\/04\/26-14_conversatorio-mercado-hispanoamerica-homenaje-Bonilla_cartel-994x1536.jpg 994w, https:\/\/www.upo.es\/investiga\/atlanrex\/wp-content\/uploads\/2026\/04\/26-14_conversatorio-mercado-hispanoamerica-homenaje-Bonilla_cartel.jpg 1024w\" sizes=\"(max-width: 662px) 100vw, 662px\" \/>\t\t\t\t\t\t\t\t\t\t\t\t\t\t\t<\/div>\n\t\t\t\t<\/div>\n\t\t\t\t\t<\/div>\n\t\t<\/div>\n\t\t\t\t\t<\/div>\n\t\t<\/section>\n\t\t\t\t<section class=\"elementor-section elementor-top-section elementor-element elementor-element-532f89e elementor-section-boxed elementor-section-height-default elementor-section-height-default\" data-id=\"532f89e\" data-element_type=\"section\" data-e-type=\"section\">\n\t\t\t\t\t\t<div class=\"elementor-container elementor-column-gap-default\">\n\t\t\t\t\t<div class=\"elementor-column elementor-col-100 elementor-top-column elementor-element elementor-element-16a0e36\" data-id=\"16a0e36\" data-element_type=\"column\" data-e-type=\"column\">\n\t\t\t<div class=\"elementor-widget-wrap elementor-element-populated\">\n\t\t\t\t\t\t<div class=\"elementor-element elementor-element-d4e44c1 elementor-widget elementor-widget-image\" data-id=\"d4e44c1\" data-element_type=\"widget\" data-e-type=\"widget\" data-widget_type=\"image.default\">\n\t\t\t\t<div class=\"elementor-widget-container\">\n\t\t\t\t\t\t\t\t\t\t\t\t\t\t\t<img decoding=\"async\" width=\"750\" height=\"971\" src=\"https:\/\/www.upo.es\/investiga\/atlanrex\/wp-content\/uploads\/2026\/04\/26-1_conversatorio-mercado-hispanoamerica-homenaje-Bonilla_programa_unlocked_page-0001-791x1024.jpg\" class=\"attachment-large size-large wp-image-8998\" alt=\"\" srcset=\"https:\/\/www.upo.es\/investiga\/atlanrex\/wp-content\/uploads\/2026\/04\/26-1_conversatorio-mercado-hispanoamerica-homenaje-Bonilla_programa_unlocked_page-0001-791x1024.jpg 791w, https:\/\/www.upo.es\/investiga\/atlanrex\/wp-content\/uploads\/2026\/04\/26-1_conversatorio-mercado-hispanoamerica-homenaje-Bonilla_programa_unlocked_page-0001-232x300.jpg 232w, https:\/\/www.upo.es\/investiga\/atlanrex\/wp-content\/uploads\/2026\/04\/26-1_conversatorio-mercado-hispanoamerica-homenaje-Bonilla_programa_unlocked_page-0001-768x994.jpg 768w, https:\/\/www.upo.es\/investiga\/atlanrex\/wp-content\/uploads\/2026\/04\/26-1_conversatorio-mercado-hispanoamerica-homenaje-Bonilla_programa_unlocked_page-0001-600x776.jpg 600w, https:\/\/www.upo.es\/investiga\/atlanrex\/wp-content\/uploads\/2026\/04\/26-1_conversatorio-mercado-hispanoamerica-homenaje-Bonilla_programa_unlocked_page-0001-1187x1536.jpg 1187w, https:\/\/www.upo.es\/investiga\/atlanrex\/wp-content\/uploads\/2026\/04\/26-1_conversatorio-mercado-hispanoamerica-homenaje-Bonilla_programa_unlocked_page-0001-1583x2048.jpg 1583w, https:\/\/www.upo.es\/investiga\/atlanrex\/wp-content\/uploads\/2026\/04\/26-1_conversatorio-mercado-hispanoamerica-homenaje-Bonilla_programa_unlocked_page-0001-1320x1708.jpg 1320w, https:\/\/www.upo.es\/investiga\/atlanrex\/wp-content\/uploads\/2026\/04\/26-1_conversatorio-mercado-hispanoamerica-homenaje-Bonilla_programa_unlocked_page-0001-scaled.jpg 1978w\" sizes=\"(max-width: 750px) 100vw, 750px\" \/>\t\t\t\t\t\t\t\t\t\t\t\t\t\t\t<\/div>\n\t\t\t\t<\/div>\n\t\t\t\t\t<\/div>\n\t\t<\/div>\n\t\t\t\t\t<\/div>\n\t\t<\/section>\n\t\t\t\t<section class=\"elementor-section elementor-top-section elementor-element elementor-element-f680c5a elementor-section-boxed elementor-section-height-default elementor-section-height-default\" data-id=\"f680c5a\" data-element_type=\"section\" data-e-type=\"section\">\n\t\t\t\t\t\t<div class=\"elementor-container elementor-column-gap-default\">\n\t\t\t\t\t<div class=\"elementor-column elementor-col-100 elementor-top-column elementor-element elementor-element-bcca9c6\" data-id=\"bcca9c6\" data-element_type=\"column\" data-e-type=\"column\">\n\t\t\t<div class=\"elementor-widget-wrap elementor-element-populated\">\n\t\t\t\t\t\t<div class=\"elementor-element elementor-element-c100280 elementor-widget elementor-widget-text-editor\" data-id=\"c100280\" data-element_type=\"widget\" data-e-type=\"widget\" data-widget_type=\"text-editor.default\">\n\t\t\t\t<div class=\"elementor-widget-container\">\n\t\t\t\t\t\t\t\t\t<p>Nos complace anunciar la participaci\u00f3n de Alberto Hern\u00e1ndez P\u00e9rez en el Conversatorio \u00abMercado y moneda en Hispanoam\u00e9rica, s. XVI-XIX. Homenaje a Heraclio Bonilla\u00bb organizado\u00a0 por Antonio Ibarra y Ana Rojas de la Facultad de Econom\u00eda de la Universidad Nacional Aut\u00f3noma de M\u00e9xico.\u00a0<\/p><p>La primera sesi\u00f3n tendr\u00e1 lugar el mi\u00e9rcoles, 6 de mayo, entre las 16 y 19 horas (hora de M\u00e9xico central) en el Aula 207 del Edificio de Posgrado de la Facultad de Econom\u00eda de la UNAM. Ser\u00e1 moderada por Ana Rojas bajo el t\u00edtulo \u00abPlata y mercado interno en Nueva Espa\u00f1a y Per\u00fa\u00bb. La intervenci\u00f3n de Alberto Hern\u00e1ndez se titula \u00abEn los m\u00e1rgenes del imperio: extrav\u00edo de oro y contrabando de g\u00e9nero textil en Guatemala durante la crisis finisecular del XVII\u00bb.<\/p><p>Ser\u00e1 retransmitida por Zoom con acceso a trav\u00e9s de: <a href=\"mailto:soldepiedraspreciosas@hotmail.com\">soldepiedraspreciosas@hotmail.com<\/a><\/p><p><\/p>\t\t\t\t\t\t\t\t<\/div>\n\t\t\t\t<\/div>\n\t\t\t\t\t<\/div>\n\t\t<\/div>\n\t\t\t\t\t<\/div>\n\t\t<\/section>\n\t\t\t\t<\/div>\n\t\t","protected":false},"excerpt":{"rendered":"<p>Nos complace anunciar la participaci\u00f3n de Alberto Hern\u00e1ndez P\u00e9rez en el Conversatorio \u00abMercado y moneda en Hispanoam\u00e9rica, s. XVI-XIX. Homenaje a Heraclio Bonilla\u00bb organizado\u00a0 por Antonio Ibarra y Ana Rojas de la Facultad de Econom\u00eda de la Universidad Nacional Aut\u00f3noma de M\u00e9xico.\u00a0 La primera sesi\u00f3n tendr\u00e1 lugar el mi\u00e9rcoles, 6 [&hellip;]<\/p>\n","protected":false},"author":1,"featured_media":8999,"comment_status":"open","ping_status":"open","sticky":false,"template":"","format":"standard","meta":{"_themeisle_gutenberg_block_has_review":false,"footnotes":""},"categories":[1],"tags":[],"class_list":["post-8997","post","type-post","status-publish","format-standard","has-post-thumbnail","hentry","category-sin-categoria"],"_links":{"self":[{"href":"https:\/\/www.upo.es\/investiga\/atlanrex\/wp-json\/wp\/v2\/posts\/8997","targetHints":{"allow":["GET"]}}],"collection":[{"href":"https:\/\/www.upo.es\/investiga\/atlanrex\/wp-json\/wp\/v2\/posts"}],"about":[{"href":"https:\/\/www.upo.es\/investiga\/atlanrex\/wp-json\/wp\/v2\/types\/post"}],"author":[{"embeddable":true,"href":"https:\/\/www.upo.es\/investiga\/atlanrex\/wp-json\/wp\/v2\/users\/1"}],"replies":[{"embeddable":true,"href":"https:\/\/www.upo.es\/investiga\/atlanrex\/wp-json\/wp\/v2\/comments?post=8997"}],"version-history":[{"count":4,"href":"https:\/\/www.upo.es\/investiga\/atlanrex\/wp-json\/wp\/v2\/posts\/8997\/revisions"}],"predecessor-version":[{"id":9003,"href":"https:\/\/www.upo.es\/investiga\/atlanrex\/wp-json\/wp\/v2\/posts\/8997\/revisions\/9003"}],"wp:featuredmedia":[{"embeddable":true,"href":"https:\/\/www.upo.es\/investiga\/atlanrex\/wp-json\/wp\/v2\/media\/8999"}],"wp:attachment":[{"href":"https:\/\/www.upo.es\/investiga\/atlanrex\/wp-json\/wp\/v2\/media?parent=8997"}],"wp:term":[{"taxonomy":"category","embeddable":true,"href":"https:\/\/www.upo.es\/investiga\/atlanrex\/wp-json\/wp\/v2\/categories?post=8997"},{"taxonomy":"post_tag","embeddable":true,"href":"https:\/\/www.upo.es\/investiga\/atlanrex\/wp-json\/wp\/v2\/tags?post=8997"}],"curies":[{"name":"wp","href":"https:\/\/api.w.org\/{rel}","templated":true}]}}