{"id":2354,"date":"2021-06-13T16:04:33","date_gmt":"2021-06-13T16:04:33","guid":{"rendered":"https:\/\/www.upo.es\/investiga\/capacesdecomunicar\/?p=2354"},"modified":"2021-06-30T16:14:21","modified_gmt":"2021-06-30T16:14:21","slug":"inscripciones-y-certificados","status":"publish","type":"post","link":"https:\/\/www.upo.es\/investiga\/capacesdecomunicar\/inscripciones-y-certificados\/","title":{"rendered":"Inscripciones y Certificados"},"content":{"rendered":"\n<p>Las v\u00eddeo-entrevistas de <em>Capaces de Comunicar<\/em> se publicar\u00e1n en abierto en esta web en las fechas indicadas en el <a href=\"https:\/\/www.upo.es\/investiga\/capacesdecomunicar\/programa\/\" data-type=\"page\" data-id=\"29\">programa<\/a> de <em>Capaces de Comunicar<\/em>. No se requiere inscripci\u00f3n previa para acceder a las mismas. Adem\u00e1s, los participantes podr\u00e1n participar en los chats y redes sociales en las que se difundir\u00e1 este proyecto. <\/p>\n\n\n\n<p>No obstante, si desea obtener un certificado que acredite la asistencia a <em><strong>Capaces de Comunicar: Jornadas Internacionales de Comunicaci\u00f3n Aumentativa y Alternativa<\/strong><\/em>, podr\u00e1 solicitarlo inscribi\u00e9ndose en el bot\u00f3n que aparece al final de esta p\u00e1gina. &nbsp;<\/p>\n\n\n\n<p>Para obtener un certificado que acredite la formaci\u00f3n de CAA derivada de las Jornadas (15 horas), deber\u00e1 inscribirse y realizar un test de 30 preguntas de opci\u00f3n m\u00faltiple como evaluaci\u00f3n.&nbsp;El d\u00eda 16 de septiembre los incritos recibir\u00e1n un formulario con 30 preguntas tipo test sencillas, que permitir\u00e1n comprobar si han visionado las actividades de las jornadas. Los inscritos tendr\u00e1n que acertar un 80% de las preguntas (se autocorregir\u00e1 de modo que sabr\u00e9is inmediatamente si hab\u00e9is llegado a ese 80%, se dar\u00e1 opci\u00f3n a una segunda repetici\u00f3n).<\/p>\n\n\n\n<p>La entrega de los certificados de formaci\u00f3n se efectuar\u00e1 durante el per\u00edodo comprendido entre 17 y el 30 de septiembre. Estos certificados estar\u00e1n expedidos por la Universidad Pablo de Olavide y tendr\u00e1n tambi\u00e9n el aval de <a rel=\"noreferrer noopener\" href=\"http:\/\/www.alfasaac.com\" target=\"_blank\">AlfaSAAC<\/a>, una entidad con un portal de informaci\u00f3n cient\u00edfica sobre CAA en espa\u00f1ol. <\/p>\n\n\n\n<div class=\"wp-block-buttons is-layout-flex wp-block-buttons-is-layout-flex\">\n<div class=\"wp-block-button\"><a class=\"wp-block-button__link\" href=\"https:\/\/forms.gle\/cAFuHbfKB2tA4CME8\" target=\"_blank\" rel=\"noreferrer noopener\">Inscribirse y obtener certificado<\/a><\/div>\n<\/div>\n","protected":false},"excerpt":{"rendered":"<p>Las v\u00eddeo-entrevistas de Capaces de Comunicar se publicar\u00e1n en abierto en esta web en las fechas indicadas en el programa de Capaces de Comunicar. No se requiere inscripci\u00f3n&hellip;<\/p>\n","protected":false},"author":1,"featured_media":2930,"comment_status":"closed","ping_status":"open","sticky":false,"template":"","format":"standard","meta":{"_coblocks_attr":"","_coblocks_dimensions":"","_coblocks_responsive_height":"","_coblocks_accordion_ie_support":"","_uag_custom_page_level_css":"","footnotes":""},"categories":[1],"tags":[],"class_list":["post-2354","post","type-post","status-publish","format-standard","has-post-thumbnail","hentry","category-sin-categoria"],"uagb_featured_image_src":{"full":["https:\/\/www.upo.es\/investiga\/capacesdecomunicar\/wp-content\/uploads\/2021\/06\/Portada-certificado.jpg",1080,729,false],"thumbnail":["https:\/\/www.upo.es\/investiga\/capacesdecomunicar\/wp-content\/uploads\/2021\/06\/Portada-certificado-150x150.jpg",150,150,true],"medium":["https:\/\/www.upo.es\/investiga\/capacesdecomunicar\/wp-content\/uploads\/2021\/06\/Portada-certificado-300x203.jpg",300,203,true],"medium_large":["https:\/\/www.upo.es\/investiga\/capacesdecomunicar\/wp-content\/uploads\/2021\/06\/Portada-certificado-768x518.jpg",580,391,true],"large":["https:\/\/www.upo.es\/investiga\/capacesdecomunicar\/wp-content\/uploads\/2021\/06\/Portada-certificado-1024x691.jpg",580,391,true],"1536x1536":["https:\/\/www.upo.es\/investiga\/capacesdecomunicar\/wp-content\/uploads\/2021\/06\/Portada-certificado.jpg",1080,729,false],"2048x2048":["https:\/\/www.upo.es\/investiga\/capacesdecomunicar\/wp-content\/uploads\/2021\/06\/Portada-certificado.jpg",1080,729,false],"post-thumbnail":["https:\/\/www.upo.es\/investiga\/capacesdecomunicar\/wp-content\/uploads\/2021\/06\/Portada-certificado.jpg",1080,729,false],"chaplin_preview_image_low_resolution":["https:\/\/www.upo.es\/investiga\/capacesdecomunicar\/wp-content\/uploads\/2021\/06\/Portada-certificado-540x365.jpg",540,365,true],"chaplin_preview_image_high_resolution":["https:\/\/www.upo.es\/investiga\/capacesdecomunicar\/wp-content\/uploads\/2021\/06\/Portada-certificado.jpg",1080,729,false],"chaplin_fullscreen":["https:\/\/www.upo.es\/investiga\/capacesdecomunicar\/wp-content\/uploads\/2021\/06\/Portada-certificado.jpg",1080,729,false]},"uagb_author_info":{"display_name":"capcom","author_link":"https:\/\/www.upo.es\/investiga\/capacesdecomunicar\/author\/capcom\/"},"uagb_comment_info":0,"uagb_excerpt":"Las v\u00eddeo-entrevistas de Capaces de Comunicar se publicar\u00e1n en abierto en esta web en las fechas indicadas en el programa de Capaces de Comunicar. No se requiere inscripci\u00f3n&hellip;","_links":{"self":[{"href":"https:\/\/www.upo.es\/investiga\/capacesdecomunicar\/wp-json\/wp\/v2\/posts\/2354","targetHints":{"allow":["GET"]}}],"collection":[{"href":"https:\/\/www.upo.es\/investiga\/capacesdecomunicar\/wp-json\/wp\/v2\/posts"}],"about":[{"href":"https:\/\/www.upo.es\/investiga\/capacesdecomunicar\/wp-json\/wp\/v2\/types\/post"}],"author":[{"embeddable":true,"href":"https:\/\/www.upo.es\/investiga\/capacesdecomunicar\/wp-json\/wp\/v2\/users\/1"}],"replies":[{"embeddable":true,"href":"https:\/\/www.upo.es\/investiga\/capacesdecomunicar\/wp-json\/wp\/v2\/comments?post=2354"}],"version-history":[{"count":9,"href":"https:\/\/www.upo.es\/investiga\/capacesdecomunicar\/wp-json\/wp\/v2\/posts\/2354\/revisions"}],"predecessor-version":[{"id":2891,"href":"https:\/\/www.upo.es\/investiga\/capacesdecomunicar\/wp-json\/wp\/v2\/posts\/2354\/revisions\/2891"}],"wp:featuredmedia":[{"embeddable":true,"href":"https:\/\/www.upo.es\/investiga\/capacesdecomunicar\/wp-json\/wp\/v2\/media\/2930"}],"wp:attachment":[{"href":"https:\/\/www.upo.es\/investiga\/capacesdecomunicar\/wp-json\/wp\/v2\/media?parent=2354"}],"wp:term":[{"taxonomy":"category","embeddable":true,"href":"https:\/\/www.upo.es\/investiga\/capacesdecomunicar\/wp-json\/wp\/v2\/categories?post=2354"},{"taxonomy":"post_tag","embeddable":true,"href":"https:\/\/www.upo.es\/investiga\/capacesdecomunicar\/wp-json\/wp\/v2\/tags?post=2354"}],"curies":[{"name":"wp","href":"https:\/\/api.w.org\/{rel}","templated":true}]}}