{"id":2646,"date":"2021-06-19T15:43:07","date_gmt":"2021-06-19T15:43:07","guid":{"rendered":"https:\/\/www.upo.es\/investiga\/capacesdecomunicar\/?p=2646"},"modified":"2021-06-30T16:13:21","modified_gmt":"2021-06-30T16:13:21","slug":"faq","status":"publish","type":"post","link":"https:\/\/www.upo.es\/investiga\/capacesdecomunicar\/faq\/","title":{"rendered":"Preguntas y Respuestas Frecuentes"},"content":{"rendered":"\n<div class=\"wp-block-coblocks-accordion\">\n<div class=\"wp-block-coblocks-accordion-item\"><details><summary class=\"wp-block-coblocks-accordion-item__title has-background has-text-color has-buttons-text-color\" style=\"background-color:#2e2e2e\"><strong>\u00bfQUI\u00c9N ES EL P\u00daBLICO OBJETIVO DE <em>CAPACES DE COMUNICAR<\/em>?<\/strong><\/summary><div class=\"wp-block-coblocks-accordion-item__content\" style=\"border-color:#2e2e2e\">\n<p> Las jornadas est\u00e1n dirigidas al p\u00fablico general, aunque ser\u00e1n de especial inter\u00e9s para varios grupos o colectivos entre los que figuran las personas con discapacidad (j\u00f3venes y adultos) y sus familiares, los maestros de primaria y secundaria, maestros de audici\u00f3n y lenguaje, maestros de pedagog\u00eda terap\u00e9utica, orientadores escolares, logopedas, terapeutas ocupacionales, fisioterapeutas, psic\u00f3logos, pediatras y m\u00e9dicos generalistas, otros profesionales de los centros de atenci\u00f3n temprana, otros profesionales de los centros de educaci\u00f3n especial, expertos en accesibilidad y en traducci\u00f3n accesible, trabajadores y educadores sociales, ingenieros inform\u00e1ticos, estudiantes en general. No se requiere inscripci\u00f3n previa.&nbsp;<\/p>\n<\/div><\/details><\/div>\n\n\n\n<div class=\"wp-block-coblocks-accordion-item\"><details><summary class=\"wp-block-coblocks-accordion-item__title has-background has-text-color has-buttons-text-color\" style=\"background-color:#2e2e2e\"><strong>\u00bfD\u00d3NDE SE PUBLICAR\u00c1N LAS ENTREVISTAS DE <em>CAPACES DE COMUNICAR<\/em>?<\/strong><\/summary><div class=\"wp-block-coblocks-accordion-item__content\" style=\"border-color:#2e2e2e\">\n<p>Las v\u00eddeo-entrevistas de <em>Capaces de Comunicar <\/em>se publicar\u00e1n en el canal de <a href=\"https:\/\/youtube.com\/playlist?list=PLOH8fLVZUPVCXjFj-VOhj7tZFnoSIEL9C\" target=\"_blank\" rel=\"noreferrer noopener\">YouTube<\/a> de la Universidad Pablo de Olavide y se publicitar\u00e1n en esta web y en todas las RRSS del proyecto. Todas las entrevistas se publicar\u00e1n a las 20.00h de Espa\u00f1a peninsular (zona horaria CEST) en las fechas establecidas en el <a href=\"https:\/\/www.upo.es\/investiga\/capacesdecomunicar\/programa\/\" data-type=\"page\" data-id=\"29\">Programa<\/a>. Una vez finalizada la emisi\u00f3n el v\u00eddeo quedar\u00e1 disponible en los canales mencionados.&nbsp;<\/p>\n<\/div><\/details><\/div>\n\n\n\n<div class=\"wp-block-coblocks-accordion-item\"><details><summary class=\"wp-block-coblocks-accordion-item__title has-background has-text-color has-buttons-text-color\" style=\"background-color:#2e2e2e\"><strong>TENGO PREGUNTAS PARA LOS PONENTES ENTREVISTADOS EN <em>CAPACES DE COMUNICAR<\/em> \u00bfD\u00d3NDE ENV\u00cdO MIS PREGUNTAS?<\/strong><\/summary><div class=\"wp-block-coblocks-accordion-item__content\" style=\"border-color:#2e2e2e\">\n<p>Habilitaremos en el canal de YouTube de la Universidad Pablo de Olavide un chat que estar\u00e1 disponible despu\u00e9s de la emisi\u00f3n de la entrevista y en el que podr\u00e1n hacerse preguntas a los ponentes participantes (sujeto a la disponibilidad de los mismos) y al equipo organizador de Capaces de Comunicar. Adem\u00e1s, puedes enviar preguntas a los organizadores y expertos en Comunicaci\u00f3n Aumentativa y Alternativa que participan a trav\u00e9s del siguiente <a href=\"https:\/\/www.upo.es\/investiga\/capacesdecomunicar\/formulario\/\" data-type=\"post\" data-id=\"2559\">formulario<\/a>. <\/p>\n<\/div><\/details><\/div>\n\n\n\n<div class=\"wp-block-coblocks-accordion-item\"><details><summary class=\"wp-block-coblocks-accordion-item__title has-background has-text-color has-buttons-text-color\" style=\"background-color:#2e2e2e\"><strong>\u00bfC\u00d3MO SE INSCRIBE UNO EN <em>CAPACES DE COMUNICAR<\/em>? \u00bfC\u00d3MO SE OBTIENE UN CERTIFICADO DE ASISTENCIA?<\/strong><\/summary><div class=\"wp-block-coblocks-accordion-item__content\" style=\"border-color:#2e2e2e\">\n<p>Las v\u00eddeo-entrevistas de <em>Capaces de Comunicar <\/em>se publicar\u00e1n en abierto en esta web en las fechas indicadas en el programa de <em>Capaces de Comunicar<\/em>. No se requiere inscripci\u00f3n previa para acceder a las mismas. Adem\u00e1s, los participantes podr\u00e1n participar en los chats y redes sociales en las que se difundir\u00e1 este proyecto. No obstante, si se desea obtener un certificado que acredite la asistencia a <strong><em>Capaces de Comunicar: Jornadas Internacionales de Comunicaci\u00f3n Aumentativa y Alternativa<\/em><\/strong>, podr\u00e1 solicitarlo inscribi\u00e9ndose <a href=\"https:\/\/www.upo.es\/investiga\/capacesdecomunicar\/inscripciones-y-certificados\/\" data-type=\"post\" data-id=\"2354\">aqu\u00ed<\/a>. Para obtener un certificado que acredite la formaci\u00f3n de CAA derivada de las Jornadas (15 horas), deber\u00e1 inscribirse y realizar un test de 30 preguntas de opci\u00f3n m\u00faltiple como evaluaci\u00f3n. <\/p>\n<\/div><\/details><\/div>\n\n\n\n<div class=\"wp-block-coblocks-accordion-item\"><details><summary class=\"wp-block-coblocks-accordion-item__title has-background has-text-color has-buttons-text-color\" style=\"background-color:#2e2e2e\"><strong>\u00bfD\u00d3NDE PUEDO VER EL PROGRAMA COMPLETO?<\/strong><\/summary><div class=\"wp-block-coblocks-accordion-item__content\" style=\"border-color:#2e2e2e\">\n<p>El programa completo de CAPACES DE COMUNICAR puede consultarse <a href=\"https:\/\/www.upo.es\/investiga\/capacesdecomunicar\/programa\/\" data-type=\"page\" data-id=\"29\">aqu\u00ed.<\/a> <\/p>\n<\/div><\/details><\/div>\n\n\n\n<div class=\"wp-block-coblocks-accordion-item\"><details><summary class=\"wp-block-coblocks-accordion-item__title has-background has-text-color has-buttons-text-color\" style=\"background-color:#2e2e2e\">\u00bf<strong>QUI\u00c9N ORGANIZA <em>CAPACES DE COMUNICAR<\/em><\/strong>?<\/summary><div class=\"wp-block-coblocks-accordion-item__content\" style=\"border-color:#2e2e2e\">\n<p>CAPACES DE COMUNICAR est\u00e1 organizado por el Grupo de Investigaci\u00f3n COMINTRAD. M\u00e1s informaci\u00f3n en la secci\u00f3n \u00ab<a href=\"https:\/\/www.upo.es\/investiga\/capacesdecomunicar\/organizacion\/\" data-type=\"page\" data-id=\"26\">Organizaci\u00f3n<\/a>\u00bb de esta web. <\/p>\n<\/div><\/details><\/div>\n<\/div>\n","protected":false},"excerpt":{"rendered":"","protected":false},"author":1,"featured_media":2929,"comment_status":"closed","ping_status":"open","sticky":false,"template":"","format":"standard","meta":{"_coblocks_attr":"","_coblocks_dimensions":"","_coblocks_responsive_height":"","_coblocks_accordion_ie_support":"","_uag_custom_page_level_css":"","footnotes":""},"categories":[1],"tags":[],"class_list":["post-2646","post","type-post","status-publish","format-standard","has-post-thumbnail","hentry","category-sin-categoria"],"uagb_featured_image_src":{"full":["https:\/\/www.upo.es\/investiga\/capacesdecomunicar\/wp-content\/uploads\/2021\/06\/Portada-FAQ.jpg",1080,729,false],"thumbnail":["https:\/\/www.upo.es\/investiga\/capacesdecomunicar\/wp-content\/uploads\/2021\/06\/Portada-FAQ-150x150.jpg",150,150,true],"medium":["https:\/\/www.upo.es\/investiga\/capacesdecomunicar\/wp-content\/uploads\/2021\/06\/Portada-FAQ-300x203.jpg",300,203,true],"medium_large":["https:\/\/www.upo.es\/investiga\/capacesdecomunicar\/wp-content\/uploads\/2021\/06\/Portada-FAQ-768x518.jpg",580,391,true],"large":["https:\/\/www.upo.es\/investiga\/capacesdecomunicar\/wp-content\/uploads\/2021\/06\/Portada-FAQ-1024x691.jpg",580,391,true],"1536x1536":["https:\/\/www.upo.es\/investiga\/capacesdecomunicar\/wp-content\/uploads\/2021\/06\/Portada-FAQ.jpg",1080,729,false],"2048x2048":["https:\/\/www.upo.es\/investiga\/capacesdecomunicar\/wp-content\/uploads\/2021\/06\/Portada-FAQ.jpg",1080,729,false],"post-thumbnail":["https:\/\/www.upo.es\/investiga\/capacesdecomunicar\/wp-content\/uploads\/2021\/06\/Portada-FAQ.jpg",1080,729,false],"chaplin_preview_image_low_resolution":["https:\/\/www.upo.es\/investiga\/capacesdecomunicar\/wp-content\/uploads\/2021\/06\/Portada-FAQ-540x365.jpg",540,365,true],"chaplin_preview_image_high_resolution":["https:\/\/www.upo.es\/investiga\/capacesdecomunicar\/wp-content\/uploads\/2021\/06\/Portada-FAQ.jpg",1080,729,false],"chaplin_fullscreen":["https:\/\/www.upo.es\/investiga\/capacesdecomunicar\/wp-content\/uploads\/2021\/06\/Portada-FAQ.jpg",1080,729,false]},"uagb_author_info":{"display_name":"capcom","author_link":"https:\/\/www.upo.es\/investiga\/capacesdecomunicar\/author\/capcom\/"},"uagb_comment_info":0,"uagb_excerpt":null,"_links":{"self":[{"href":"https:\/\/www.upo.es\/investiga\/capacesdecomunicar\/wp-json\/wp\/v2\/posts\/2646","targetHints":{"allow":["GET"]}}],"collection":[{"href":"https:\/\/www.upo.es\/investiga\/capacesdecomunicar\/wp-json\/wp\/v2\/posts"}],"about":[{"href":"https:\/\/www.upo.es\/investiga\/capacesdecomunicar\/wp-json\/wp\/v2\/types\/post"}],"author":[{"embeddable":true,"href":"https:\/\/www.upo.es\/investiga\/capacesdecomunicar\/wp-json\/wp\/v2\/users\/1"}],"replies":[{"embeddable":true,"href":"https:\/\/www.upo.es\/investiga\/capacesdecomunicar\/wp-json\/wp\/v2\/comments?post=2646"}],"version-history":[{"count":10,"href":"https:\/\/www.upo.es\/investiga\/capacesdecomunicar\/wp-json\/wp\/v2\/posts\/2646\/revisions"}],"predecessor-version":[{"id":2676,"href":"https:\/\/www.upo.es\/investiga\/capacesdecomunicar\/wp-json\/wp\/v2\/posts\/2646\/revisions\/2676"}],"wp:featuredmedia":[{"embeddable":true,"href":"https:\/\/www.upo.es\/investiga\/capacesdecomunicar\/wp-json\/wp\/v2\/media\/2929"}],"wp:attachment":[{"href":"https:\/\/www.upo.es\/investiga\/capacesdecomunicar\/wp-json\/wp\/v2\/media?parent=2646"}],"wp:term":[{"taxonomy":"category","embeddable":true,"href":"https:\/\/www.upo.es\/investiga\/capacesdecomunicar\/wp-json\/wp\/v2\/categories?post=2646"},{"taxonomy":"post_tag","embeddable":true,"href":"https:\/\/www.upo.es\/investiga\/capacesdecomunicar\/wp-json\/wp\/v2\/tags?post=2646"}],"curies":[{"name":"wp","href":"https:\/\/api.w.org\/{rel}","templated":true}]}}