{"id":68,"date":"2021-03-30T14:47:14","date_gmt":"2021-03-30T14:47:14","guid":{"rendered":"https:\/\/www.upo.es\/investiga\/capacesdecomunicar\/?p=68"},"modified":"2021-07-13T09:15:00","modified_gmt":"2021-07-13T09:15:00","slug":"entrevista-bradley-heaven-y-daniel-oconnor","status":"publish","type":"post","link":"https:\/\/www.upo.es\/investiga\/capacesdecomunicar\/entrevista-bradley-heaven-y-daniel-oconnor\/","title":{"rendered":"Bradley Heaven y Daniel O\u2019Connor | ALL ACCESS LIFE"},"content":{"rendered":"\n<p><strong>Pincha en la imagen de abajo para reproducir el v\u00eddeo<\/strong><\/p>\n\n\n\n<figure class=\"wp-block-embed is-type-video is-provider-youtube wp-block-embed-youtube wp-embed-aspect-16-9 wp-has-aspect-ratio\"><div class=\"wp-block-embed__wrapper\">\n<iframe loading=\"lazy\" title=\"Historias de Vida: Bradley Heaven y Daniel O&#039;Connor - ALL ACCESS LIFE\" width=\"580\" height=\"326\" src=\"https:\/\/www.youtube.com\/embed\/JvunrAhGf0o?feature=oembed\" frameborder=\"0\" allow=\"accelerometer; autoplay; clipboard-write; encrypted-media; gyroscope; picture-in-picture; web-share\" referrerpolicy=\"strict-origin-when-cross-origin\" allowfullscreen><\/iframe>\n<\/div><figcaption>Entrevista a Bradley Heaven y Daniel O&#8217;Connor de ALL ACCESS LIFE<\/figcaption><\/figure>\n\n\n\n<p>Cuando Brad y Dan se conocieron hace ahora m\u00e1s de una d\u00e9cada no sab\u00edan que empezaban un maravilloso viaje juntos. Dan buscaba trabajo despu\u00e9s de haber dejado la universidad, Brad estudiaba secundaria y necesitaba un ayudante en su d\u00eda a d\u00eda. Ahora, adem\u00e1s de ser amigos son socios. Y es que, recientemente, han fundado&nbsp;<em>ALL ACCESS LIFE<\/em>, una plataforma web donde se muestran los \u00faltimos avances en productos adaptativos, tecnolog\u00edas de apoyo y aplicaciones y software para personas con discapacidad.&nbsp;<\/p>\n\n\n\n<h3 class=\"wp-block-heading\">Enlaces de inter\u00e9s de esta entrevista<\/h3>\n\n\n\n<ul id=\"block-108002b8-7fa5-4c43-984a-19702f4dbf44\" class=\"is-style-none wp-block-list\"><li><strong><a rel=\"noreferrer noopener\" href=\"https:\/\/www.allaccesslife.org\/\" target=\"_blank\">Web Oficial de All Access Life<\/a><\/strong><\/li><li><strong><a rel=\"noreferrer noopener\" href=\"https:\/\/www.youtube.com\/allaccesslife\" target=\"_blank\">Canal de YouTube de All Access Life<\/a> <\/strong><\/li><\/ul>\n\n\n\n<h3 class=\"wp-block-heading\">Preguntas<\/h3>\n\n\n\n<p>\u00bfTienes alguna pregunta para Bradley y Daniel? Env\u00edala a trav\u00e9s de <a href=\"https:\/\/www.upo.es\/investiga\/capacesdecomunicar\/formulario\/\"><strong>este formulario<\/strong><\/a> y se la haremos llegar.<\/p>\n\n\n\n<h3 class=\"wp-block-heading\">Bionota<\/h3>\n\n\n\n<div class=\"wp-block-coblocks-author\"><figure class=\"wp-block-coblocks-author__avatar\"><img decoding=\"async\" class=\"wp-block-coblocks-author__avatar-img\" src=\"https:\/\/www.upo.es\/investiga\/capacesdecomunicar\/wp-content\/uploads\/2021\/05\/Brad-and-Dan_cuadrado.jpg\" alt=\"Bradley Heaven y Daniel O\u2019Connor\"\/><\/figure><div class=\"wp-block-coblocks-author__content\"><span class=\"wp-block-coblocks-author__name\">Bradley Heaven y Daniel O\u2019Connor<\/span><p class=\"wp-block-coblocks-author__biography\"><br\/><strong>Cofundadores de ALL ACCESS LIFE (Canad\u00e1<\/strong>)<br\/><br\/>Daniel O\u2019Connor y Bradley Heaven forman un equipo. Bradley naci\u00f3 con par\u00e1lisis cerebral cuadripl\u00e9jica esp\u00e1stica no verbal, algo que no le ha impedido vivir su vida al m\u00e1ximo. A los 19 a\u00f1os Dan empez\u00f3 a trabajar como su ayudante cuando Brad iba todav\u00eda a la escuela secundaria. Desde entonces ha emprendido un viaje juntos que nunca hubieran esperado. Adem\u00e1s de unirles una fuerte amistad, desde hace poco han creado juntos ALL ACCESS LIFE, un proyecto en formato web donde muestran las \u00faltimas tendencias en productos adaptativos, tecnolog\u00edas de apoyo y aplicaciones y software para personas con discapacidades. Este proyecto personal surge a ra\u00edz de todos los avances tecnol\u00f3gicos que aparecen continuamente en el mercado y que permiten mejorar la vida de las personas no verbales.\u00a0\u00a0<\/p>\n<div class=\"wp-block-button\"><a class=\"wp-block-button__link\" href=\"https:\/\/www.allaccesslife.org\/\" target=\"_blank\" rel=\"noreferrer noopener\"><strong>Saber m\u00e1s<\/strong><\/a><\/div>\n<\/div><\/div>\n","protected":false},"excerpt":{"rendered":"<p>Cuando Brad y Dan se conocieron hace ahora m\u00e1s de una d\u00e9cada no sab\u00edan que empezaban un maravilloso viaje juntos. Dan buscaba trabajo despu\u00e9s de haber dejado la universidad, Brad estudiaba secundaria y necesitaba un ayudante en su d\u00eda a d\u00eda. Ahora, adem\u00e1s de ser amigos son socios. Y es que, recientemente, han fundado ALL ACCESS LIFE, una plataforma web donde se muestran los \u00faltimos avances en CAA. <\/p>\n","protected":false},"author":1,"featured_media":1365,"comment_status":"closed","ping_status":"open","sticky":false,"template":"","format":"standard","meta":{"_coblocks_attr":"","_coblocks_dimensions":"","_coblocks_responsive_height":"","_coblocks_accordion_ie_support":"","_uag_custom_page_level_css":"","footnotes":""},"categories":[122,5],"tags":[51,8,12,17,14,18,13,16,15,9,54,56,11,10,98,55],"class_list":["post-68","post","type-post","status-publish","format-standard","has-post-thumbnail","hentry","category-entrevistas","category-videos","tag-accesibilidad","tag-allaccesslife","tag-bradley-heaven","tag-caa","tag-canada","tag-comunicacion-aumentativa-y-alternativa","tag-daniel-oconnor","tag-historias-de-exito","tag-historias-de-usuarios","tag-paralisis-cerebral","tag-paralisis-cerebral-cuadriplejica-espastica","tag-productos-adaptativos","tag-resenas-productos","tag-tecnologia-de-apoyo","tag-tobii-dynavox","tag-usuario-no-verbal"],"uagb_featured_image_src":{"full":["https:\/\/www.upo.es\/investiga\/capacesdecomunicar\/wp-content\/uploads\/2021\/05\/Portada-BradDan_4.jpg",1080,729,false],"thumbnail":["https:\/\/www.upo.es\/investiga\/capacesdecomunicar\/wp-content\/uploads\/2021\/05\/Portada-BradDan_4-150x150.jpg",150,150,true],"medium":["https:\/\/www.upo.es\/investiga\/capacesdecomunicar\/wp-content\/uploads\/2021\/05\/Portada-BradDan_4-300x203.jpg",300,203,true],"medium_large":["https:\/\/www.upo.es\/investiga\/capacesdecomunicar\/wp-content\/uploads\/2021\/05\/Portada-BradDan_4-768x518.jpg",580,391,true],"large":["https:\/\/www.upo.es\/investiga\/capacesdecomunicar\/wp-content\/uploads\/2021\/05\/Portada-BradDan_4-1024x691.jpg",580,391,true],"1536x1536":["https:\/\/www.upo.es\/investiga\/capacesdecomunicar\/wp-content\/uploads\/2021\/05\/Portada-BradDan_4.jpg",1080,729,false],"2048x2048":["https:\/\/www.upo.es\/investiga\/capacesdecomunicar\/wp-content\/uploads\/2021\/05\/Portada-BradDan_4.jpg",1080,729,false],"post-thumbnail":["https:\/\/www.upo.es\/investiga\/capacesdecomunicar\/wp-content\/uploads\/2021\/05\/Portada-BradDan_4.jpg",1080,729,false],"chaplin_preview_image_low_resolution":["https:\/\/www.upo.es\/investiga\/capacesdecomunicar\/wp-content\/uploads\/2021\/05\/Portada-BradDan_4-540x365.jpg",540,365,true],"chaplin_preview_image_high_resolution":["https:\/\/www.upo.es\/investiga\/capacesdecomunicar\/wp-content\/uploads\/2021\/05\/Portada-BradDan_4.jpg",1080,729,false],"chaplin_fullscreen":["https:\/\/www.upo.es\/investiga\/capacesdecomunicar\/wp-content\/uploads\/2021\/05\/Portada-BradDan_4.jpg",1080,729,false]},"uagb_author_info":{"display_name":"capcom","author_link":"https:\/\/www.upo.es\/investiga\/capacesdecomunicar\/author\/capcom\/"},"uagb_comment_info":0,"uagb_excerpt":"Cuando Brad y Dan se conocieron hace ahora m\u00e1s de una d\u00e9cada no sab\u00edan que empezaban un maravilloso viaje juntos. Dan buscaba trabajo despu\u00e9s de haber dejado la universidad, Brad estudiaba secundaria y necesitaba un ayudante en su d\u00eda a d\u00eda. Ahora, adem\u00e1s de ser amigos son socios. Y es que, recientemente, han fundado ALL&hellip;","_links":{"self":[{"href":"https:\/\/www.upo.es\/investiga\/capacesdecomunicar\/wp-json\/wp\/v2\/posts\/68","targetHints":{"allow":["GET"]}}],"collection":[{"href":"https:\/\/www.upo.es\/investiga\/capacesdecomunicar\/wp-json\/wp\/v2\/posts"}],"about":[{"href":"https:\/\/www.upo.es\/investiga\/capacesdecomunicar\/wp-json\/wp\/v2\/types\/post"}],"author":[{"embeddable":true,"href":"https:\/\/www.upo.es\/investiga\/capacesdecomunicar\/wp-json\/wp\/v2\/users\/1"}],"replies":[{"embeddable":true,"href":"https:\/\/www.upo.es\/investiga\/capacesdecomunicar\/wp-json\/wp\/v2\/comments?post=68"}],"version-history":[{"count":32,"href":"https:\/\/www.upo.es\/investiga\/capacesdecomunicar\/wp-json\/wp\/v2\/posts\/68\/revisions"}],"predecessor-version":[{"id":3048,"href":"https:\/\/www.upo.es\/investiga\/capacesdecomunicar\/wp-json\/wp\/v2\/posts\/68\/revisions\/3048"}],"wp:featuredmedia":[{"embeddable":true,"href":"https:\/\/www.upo.es\/investiga\/capacesdecomunicar\/wp-json\/wp\/v2\/media\/1365"}],"wp:attachment":[{"href":"https:\/\/www.upo.es\/investiga\/capacesdecomunicar\/wp-json\/wp\/v2\/media?parent=68"}],"wp:term":[{"taxonomy":"category","embeddable":true,"href":"https:\/\/www.upo.es\/investiga\/capacesdecomunicar\/wp-json\/wp\/v2\/categories?post=68"},{"taxonomy":"post_tag","embeddable":true,"href":"https:\/\/www.upo.es\/investiga\/capacesdecomunicar\/wp-json\/wp\/v2\/tags?post=68"}],"curies":[{"name":"wp","href":"https:\/\/api.w.org\/{rel}","templated":true}]}}