{"id":77,"date":"2021-04-06T14:52:43","date_gmt":"2021-04-06T14:52:43","guid":{"rendered":"https:\/\/www.upo.es\/investiga\/capacesdecomunicar\/?p=77"},"modified":"2021-07-13T09:16:47","modified_gmt":"2021-07-13T09:16:47","slug":"entrevista-jens-boenisch","status":"publish","type":"post","link":"https:\/\/www.upo.es\/investiga\/capacesdecomunicar\/entrevista-jens-boenisch\/","title":{"rendered":"Jens Boenisch | UNIVERSIDAD DE COLONIA"},"content":{"rendered":"\n<p><strong><strong>Pincha en la imagen de abajo para reproducir el v\u00eddeo<\/strong><\/strong><\/p>\n\n\n\n<figure class=\"wp-block-embed is-type-video is-provider-youtube wp-block-embed-youtube wp-embed-aspect-16-9 wp-has-aspect-ratio\"><div class=\"wp-block-embed__wrapper\">\n<iframe loading=\"lazy\" title=\"Metodolog\u00eda de CAA: Jens Boenisch | Universidad de Colonia\" width=\"580\" height=\"326\" src=\"https:\/\/www.youtube.com\/embed\/UDAJ6iG5Fts?list=PLOH8fLVZUPVCXjFj-VOhj7tZFnoSIEL9C\" frameborder=\"0\" allow=\"accelerometer; autoplay; clipboard-write; encrypted-media; gyroscope; picture-in-picture; web-share\" referrerpolicy=\"strict-origin-when-cross-origin\" allowfullscreen><\/iframe>\n<\/div><\/figure>\n\n\n\n<p><strong>Jens Boenisch, Catedr\u00e1tico del Dpto. de Rehabilitaci\u00f3n y Educaci\u00f3n Especial de la Universidad de Colonia (Alemania)<\/strong><\/p>\n\n\n\n<p>Este catedr\u00e1tico de la Universidad de Colonia sabe c\u00f3mo explicar, con palabras sencillas y en pocos minutos, d\u00e9cadas de investigaciones y avances en comunicaci\u00f3n aumentativa. Con numerosos proyectos de investigaci\u00f3n a sus espaldas, no duda en sacar a la c\u00e1mara sus tableros de comunicaci\u00f3n y ense\u00f1arnos las t\u00e9cnicas del lenguaje natural asistido, mientras responde a las preguntas. Un profesor que cree que hay que organizar las responsabilidades y los roles para que la CAA funcione\u2026<\/p>\n\n\n\n<h3 class=\"wp-block-heading\">Enlaces de inter\u00e9s de esta entrevista<\/h3>\n\n\n\n<p><\/p>\n\n\n\n<h3 class=\"wp-block-heading\">Bionota<\/h3>\n\n\n\n<div class=\"wp-block-coblocks-author\"><figure class=\"wp-block-coblocks-author__avatar\"><img decoding=\"async\" class=\"wp-block-coblocks-author__avatar-img\" src=\"https:\/\/www.upo.es\/investiga\/capacesdecomunicar\/wp-content\/uploads\/2021\/05\/JBoenish_square.jpg\" alt=\"Dr. Jens Boenisch\"\/><\/figure><div class=\"wp-block-coblocks-author__content\"><span class=\"wp-block-coblocks-author__name\">Dr. Jens Boenisch<\/span><p class=\"wp-block-coblocks-author__biography\"><strong>Catedr\u00e1tico del Dpto. de Rehabilitaci\u00f3n y Educaci\u00f3n Especial de la Universidad de Colonia (Alemania)<\/strong><br\/><br\/>Estudi\u00f3 pedagog\u00eda de educaci\u00f3n especial y es Catedr\u00e1tico de la Universidad de Colonia (Alemania) desde 2007 con especializaci\u00f3n en personas con limitaciones f\u00edsicas y de la motricidad. Es tambi\u00e9n el Director del Centro de Investigaci\u00f3n y Asesoramiento en Comunicaci\u00f3n Aumentativa y Alternativa de esta misma ciudad (Forschungs- und Beratungszentrum f\u00fcr Unterst\u00fctzte Kommunikation). Sus l\u00edneas de investigaci\u00f3n giran en torno al desarrollo del lenguaje de ni\u00f1os\/as que usan sistemas alternativos al habla, comunicadores electr\u00f3nicos, as\u00ed como el aprendizaje y la inclusi\u00f3n educativa de ni\u00f1os con discapacidad motriz.<\/p>\n<div class=\"wp-block-button\"><a class=\"wp-block-button__link\" href=\"https:\/\/www.hf.uni-koeln.de\/30708\" target=\"_blank\" rel=\"noreferrer noopener\"><strong>Saber m\u00e1s<\/strong><\/a><\/div>\n<\/div><\/div>\n","protected":false},"excerpt":{"rendered":"<p>Este catedr\u00e1tico de la Universidad de Colonia sabe c\u00f3mo explicar, con palabras sencillas y en pocos minutos, d\u00e9cadas de investigaciones y avances en comunicaci\u00f3n aumentativa. Con numerosos proyectos de investigaci\u00f3n a sus espaldas, no duda en sacar a la c\u00e1mara sus tableros de comunicaci\u00f3n y ense\u00f1arnos las t\u00e9cnicas del lenguaje natural asistido, mientras responde a las preguntas. Un profesor que cree que hay que organizar las responsabilidades y los roles para que la CAA funcione\u2026<\/p>\n","protected":false},"author":1,"featured_media":1273,"comment_status":"closed","ping_status":"open","sticky":false,"template":"","format":"standard","meta":{"_coblocks_attr":"","_coblocks_dimensions":"","_coblocks_responsive_height":"","_coblocks_accordion_ie_support":"","_uag_custom_page_level_css":"","footnotes":""},"categories":[122,5],"tags":[76,78,37,80,25,79,94,75,74,77,72,73],"class_list":["post-77","post","type-post","status-publish","format-standard","has-post-thumbnail","hentry","category-entrevistas","category-videos","tag-centro-de-investigacion-y-asesoramiento-en-comunicacion-aumentativa-y-alternativa","tag-comunicadores-electronicos","tag-discapacidad-motora","tag-discapacidad-motriz","tag-educacion-especial","tag-inclusion-educativa","tag-jens-boenisch","tag-pedagogia","tag-rehabilitacion","tag-sistemas-alternativos-al-habla","tag-tableros-de-comunicacion","tag-universidad-de-colonia"],"uagb_featured_image_src":{"full":["https:\/\/www.upo.es\/investiga\/capacesdecomunicar\/wp-content\/uploads\/2021\/05\/Portada-JBoenish.jpg",1080,729,false],"thumbnail":["https:\/\/www.upo.es\/investiga\/capacesdecomunicar\/wp-content\/uploads\/2021\/05\/Portada-JBoenish-150x150.jpg",150,150,true],"medium":["https:\/\/www.upo.es\/investiga\/capacesdecomunicar\/wp-content\/uploads\/2021\/05\/Portada-JBoenish-300x203.jpg",300,203,true],"medium_large":["https:\/\/www.upo.es\/investiga\/capacesdecomunicar\/wp-content\/uploads\/2021\/05\/Portada-JBoenish-768x518.jpg",580,391,true],"large":["https:\/\/www.upo.es\/investiga\/capacesdecomunicar\/wp-content\/uploads\/2021\/05\/Portada-JBoenish-1024x691.jpg",580,391,true],"1536x1536":["https:\/\/www.upo.es\/investiga\/capacesdecomunicar\/wp-content\/uploads\/2021\/05\/Portada-JBoenish.jpg",1080,729,false],"2048x2048":["https:\/\/www.upo.es\/investiga\/capacesdecomunicar\/wp-content\/uploads\/2021\/05\/Portada-JBoenish.jpg",1080,729,false],"post-thumbnail":["https:\/\/www.upo.es\/investiga\/capacesdecomunicar\/wp-content\/uploads\/2021\/05\/Portada-JBoenish.jpg",1080,729,false],"chaplin_preview_image_low_resolution":["https:\/\/www.upo.es\/investiga\/capacesdecomunicar\/wp-content\/uploads\/2021\/05\/Portada-JBoenish-540x365.jpg",540,365,true],"chaplin_preview_image_high_resolution":["https:\/\/www.upo.es\/investiga\/capacesdecomunicar\/wp-content\/uploads\/2021\/05\/Portada-JBoenish.jpg",1080,729,false],"chaplin_fullscreen":["https:\/\/www.upo.es\/investiga\/capacesdecomunicar\/wp-content\/uploads\/2021\/05\/Portada-JBoenish.jpg",1080,729,false]},"uagb_author_info":{"display_name":"capcom","author_link":"https:\/\/www.upo.es\/investiga\/capacesdecomunicar\/author\/capcom\/"},"uagb_comment_info":0,"uagb_excerpt":"Este catedr\u00e1tico de la Universidad de Colonia sabe c\u00f3mo explicar, con palabras sencillas y en pocos minutos, d\u00e9cadas de investigaciones y avances en comunicaci\u00f3n aumentativa. Con numerosos proyectos de investigaci\u00f3n a sus espaldas, no duda en sacar a la c\u00e1mara sus tableros de comunicaci\u00f3n y ense\u00f1arnos las t\u00e9cnicas del lenguaje natural asistido, mientras responde a&hellip;","_links":{"self":[{"href":"https:\/\/www.upo.es\/investiga\/capacesdecomunicar\/wp-json\/wp\/v2\/posts\/77","targetHints":{"allow":["GET"]}}],"collection":[{"href":"https:\/\/www.upo.es\/investiga\/capacesdecomunicar\/wp-json\/wp\/v2\/posts"}],"about":[{"href":"https:\/\/www.upo.es\/investiga\/capacesdecomunicar\/wp-json\/wp\/v2\/types\/post"}],"author":[{"embeddable":true,"href":"https:\/\/www.upo.es\/investiga\/capacesdecomunicar\/wp-json\/wp\/v2\/users\/1"}],"replies":[{"embeddable":true,"href":"https:\/\/www.upo.es\/investiga\/capacesdecomunicar\/wp-json\/wp\/v2\/comments?post=77"}],"version-history":[{"count":14,"href":"https:\/\/www.upo.es\/investiga\/capacesdecomunicar\/wp-json\/wp\/v2\/posts\/77\/revisions"}],"predecessor-version":[{"id":3055,"href":"https:\/\/www.upo.es\/investiga\/capacesdecomunicar\/wp-json\/wp\/v2\/posts\/77\/revisions\/3055"}],"wp:featuredmedia":[{"embeddable":true,"href":"https:\/\/www.upo.es\/investiga\/capacesdecomunicar\/wp-json\/wp\/v2\/media\/1273"}],"wp:attachment":[{"href":"https:\/\/www.upo.es\/investiga\/capacesdecomunicar\/wp-json\/wp\/v2\/media?parent=77"}],"wp:term":[{"taxonomy":"category","embeddable":true,"href":"https:\/\/www.upo.es\/investiga\/capacesdecomunicar\/wp-json\/wp\/v2\/categories?post=77"},{"taxonomy":"post_tag","embeddable":true,"href":"https:\/\/www.upo.es\/investiga\/capacesdecomunicar\/wp-json\/wp\/v2\/tags?post=77"}],"curies":[{"name":"wp","href":"https:\/\/api.w.org\/{rel}","templated":true}]}}