{"id":81,"date":"2021-04-07T14:52:53","date_gmt":"2021-04-07T14:52:53","guid":{"rendered":"https:\/\/www.upo.es\/investiga\/capacesdecomunicar\/?p=81"},"modified":"2021-07-13T09:17:00","modified_gmt":"2021-07-13T09:17:00","slug":"entrevista-victor-martinez","status":"publish","type":"post","link":"https:\/\/www.upo.es\/investiga\/capacesdecomunicar\/entrevista-victor-martinez\/","title":{"rendered":"V\u00edctor Mart\u00ednez | UNIVERSIDAD DE VALLADOLID"},"content":{"rendered":"\n<p><strong>Pincha en la imagen de abajo para reproducir el v\u00eddeo<\/strong><\/p>\n\n\n\n<figure class=\"wp-block-embed is-type-video is-provider-youtube wp-block-embed-youtube wp-embed-aspect-16-9 wp-has-aspect-ratio\"><div class=\"wp-block-embed__wrapper\">\n<iframe loading=\"lazy\" title=\"Interfaz cerebro-ordenador: V\u00edctor Mart\u00ednez | Universidad de Valladolid\" width=\"580\" height=\"326\" src=\"https:\/\/www.youtube.com\/embed\/2HZ3PjnurzI?list=PLOH8fLVZUPVCXjFj-VOhj7tZFnoSIEL9C\" frameborder=\"0\" allow=\"accelerometer; autoplay; clipboard-write; encrypted-media; gyroscope; picture-in-picture; web-share\" referrerpolicy=\"strict-origin-when-cross-origin\" allowfullscreen><\/iframe>\n<\/div><\/figure>\n\n\n\n<p class=\"has-small-font-size\">Dr. V\u00edctor Mart\u00ednez, Investigador Postdoctoral en en el Centro de Investigaci\u00f3n Biom\u00e9dica en Red de Bioingenier\u00eda, Biomateriales y Nanomedicina de la UVa<\/p>\n\n\n\n<p>V\u00edctor Mart\u00ednez forma parte de uno de los grupos de ingenier\u00eda biom\u00e9dica m\u00e1s reconocidos en Espa\u00f1a, el GIB de la Universidad de Valladolid. Este investigador dise\u00f1a y desarrolla sistemas BCI, tanto en el \u00e1mbito del procesado de se\u00f1al como en la programaci\u00f3n de aplicaciones de asistencia para personas con grave discapacidad motora. En esta entrevista nos cuenta c\u00f3mo usa la se\u00f1al de electroencefalograf\u00eda en varios de los proyectos que ha llevado a cabo con usuarios de Aspace Salamanca y el CRE de Discapacidad y Dependencia de Castilla y Le\u00f3n.<\/p>\n\n\n\n<h3 class=\"wp-block-heading\">Enlaces de inter\u00e9s de esta entrevista<\/h3>\n\n\n\n<ul class=\"is-style-none wp-block-list\"><li><a rel=\"noreferrer noopener\" href=\"http:\/\/www.gib.tel.uva.es\/\" target=\"_blank\">GIB Universidad de Valladolid<\/a><\/li><li><a rel=\"noreferrer noopener\" href=\"https:\/\/aspacesalamanca.org\/\" target=\"_blank\">Aspace Salamanca<\/a><\/li><li><a rel=\"noreferrer noopener\" href=\"https:\/\/crediscapacidadydependencia.imserso.es\/cresanandres_01\/index.htm\" target=\"_blank\">CRE de Discapacidad y Dependencia de Castilla y Le\u00f3n.<\/a><\/li><li><\/li><\/ul>\n\n\n\n<h3 class=\"wp-block-heading\">Bionota<\/h3>\n\n\n\n<div class=\"wp-block-coblocks-author\"><figure class=\"wp-block-coblocks-author__avatar\"><img decoding=\"async\" class=\"wp-block-coblocks-author__avatar-img\" src=\"https:\/\/www.upo.es\/investiga\/capacesdecomunicar\/wp-content\/uploads\/2021\/05\/VMartinez_2_square.jpg\" alt=\"Dr. V\u00edctor Mart\u00ednez\"\/><\/figure><div class=\"wp-block-coblocks-author__content\"><span class=\"wp-block-coblocks-author__name\">Dr. V\u00edctor Mart\u00ednez<\/span><p class=\"wp-block-coblocks-author__biography\"><br\/><strong>Investigador Postdoctoral en en el Centro de Investigaci\u00f3n Biom\u00e9dica en Red de Bioingenier\u00eda, Biomateriales y Nanomedicina de la UVa<\/strong><br\/><br\/>Doctor por la Universidad de Valladolid (UVa) (2020), M\u00e1ster en Investigaci\u00f3n en TIC (2015) y Graduado en Tecnolog\u00edas Espec\u00edficas de la Telecomunicaci\u00f3n (2014). Actualmente trabaja como investigador postdoctoral en el Grupo de Ingenier\u00eda Biom\u00e9dica de la UVa y en el Centro de Investigaci\u00f3n Biom\u00e9dica en Red de Bioingenier\u00eda, Biomateriales y Nanomedicina. Su trabajo se centra en el dise\u00f1o, desarrollo y evaluaci\u00f3n de sistemas Brain\u2013Computer Interface, tanto en el \u00e1mbito del procesado de se\u00f1al como en la programaci\u00f3n de aplicaciones de asistencia para personas con discapacidad motora grave.<\/p>\n<div class=\"wp-block-button\"><a class=\"wp-block-button__link\" href=\"https:\/\/www.researchgate.net\/profile\/Victor-Martinez-Cagigal\" target=\"_blank\" rel=\"noreferrer noopener\"><strong>Saber m\u00e1s<\/strong><\/a><\/div>\n<\/div><\/div>\n","protected":false},"excerpt":{"rendered":"<p>V\u00edctor Mart\u00ednez forma parte de uno de los grupos de ingenier\u00eda biom\u00e9dica m\u00e1s reconocidos en Espa\u00f1a, el GIB de la Universidad de Valladolid. Este investigador dise\u00f1a y desarrolla sistemas BCI, tanto en el \u00e1mbito del procesado de se\u00f1al como en la programaci\u00f3n de aplicaciones de asistencia para personas con grave discapacidad motora. En esta entrevista nos cuenta c\u00f3mo usa la se\u00f1al de electroencefalograf\u00eda en varios de los proyectos que ha llevado a cabo con usuarios de Aspace Salamanca y el CRE de Discapacidad y Dependencia de Castilla y Le\u00f3n.<\/p>\n","protected":false},"author":1,"featured_media":1344,"comment_status":"closed","ping_status":"open","sticky":false,"template":"","format":"standard","meta":{"_coblocks_attr":"","_coblocks_dimensions":"","_coblocks_responsive_height":"","_coblocks_accordion_ie_support":"","_uag_custom_page_level_css":"","footnotes":""},"categories":[122,5],"tags":[87,89,85,37,80,88,82,81,86,84,83,95],"class_list":["post-81","post","type-post","status-publish","format-standard","has-post-thumbnail","hentry","category-entrevistas","category-videos","tag-aplicaciones-de-asistencia","tag-aspace-salamanca","tag-bci","tag-discapacidad-motora","tag-discapacidad-motriz","tag-electroencefalografia","tag-gib","tag-ingenieria-biomedica","tag-programacion","tag-sistemas-bci","tag-universidad-de-valladolid","tag-victor-martinez"],"uagb_featured_image_src":{"full":["https:\/\/www.upo.es\/investiga\/capacesdecomunicar\/wp-content\/uploads\/2021\/05\/Portada-VMartinez_2.jpg",1080,729,false],"thumbnail":["https:\/\/www.upo.es\/investiga\/capacesdecomunicar\/wp-content\/uploads\/2021\/05\/Portada-VMartinez_2-150x150.jpg",150,150,true],"medium":["https:\/\/www.upo.es\/investiga\/capacesdecomunicar\/wp-content\/uploads\/2021\/05\/Portada-VMartinez_2-300x203.jpg",300,203,true],"medium_large":["https:\/\/www.upo.es\/investiga\/capacesdecomunicar\/wp-content\/uploads\/2021\/05\/Portada-VMartinez_2-768x518.jpg",580,391,true],"large":["https:\/\/www.upo.es\/investiga\/capacesdecomunicar\/wp-content\/uploads\/2021\/05\/Portada-VMartinez_2-1024x691.jpg",580,391,true],"1536x1536":["https:\/\/www.upo.es\/investiga\/capacesdecomunicar\/wp-content\/uploads\/2021\/05\/Portada-VMartinez_2.jpg",1080,729,false],"2048x2048":["https:\/\/www.upo.es\/investiga\/capacesdecomunicar\/wp-content\/uploads\/2021\/05\/Portada-VMartinez_2.jpg",1080,729,false],"post-thumbnail":["https:\/\/www.upo.es\/investiga\/capacesdecomunicar\/wp-content\/uploads\/2021\/05\/Portada-VMartinez_2.jpg",1080,729,false],"chaplin_preview_image_low_resolution":["https:\/\/www.upo.es\/investiga\/capacesdecomunicar\/wp-content\/uploads\/2021\/05\/Portada-VMartinez_2-540x365.jpg",540,365,true],"chaplin_preview_image_high_resolution":["https:\/\/www.upo.es\/investiga\/capacesdecomunicar\/wp-content\/uploads\/2021\/05\/Portada-VMartinez_2.jpg",1080,729,false],"chaplin_fullscreen":["https:\/\/www.upo.es\/investiga\/capacesdecomunicar\/wp-content\/uploads\/2021\/05\/Portada-VMartinez_2.jpg",1080,729,false]},"uagb_author_info":{"display_name":"capcom","author_link":"https:\/\/www.upo.es\/investiga\/capacesdecomunicar\/author\/capcom\/"},"uagb_comment_info":0,"uagb_excerpt":"V\u00edctor Mart\u00ednez forma parte de uno de los grupos de ingenier\u00eda biom\u00e9dica m\u00e1s reconocidos en Espa\u00f1a, el GIB de la Universidad de Valladolid. Este investigador dise\u00f1a y desarrolla sistemas BCI, tanto en el \u00e1mbito del procesado de se\u00f1al como en la programaci\u00f3n de aplicaciones de asistencia para personas con grave discapacidad motora. En esta entrevista&hellip;","_links":{"self":[{"href":"https:\/\/www.upo.es\/investiga\/capacesdecomunicar\/wp-json\/wp\/v2\/posts\/81","targetHints":{"allow":["GET"]}}],"collection":[{"href":"https:\/\/www.upo.es\/investiga\/capacesdecomunicar\/wp-json\/wp\/v2\/posts"}],"about":[{"href":"https:\/\/www.upo.es\/investiga\/capacesdecomunicar\/wp-json\/wp\/v2\/types\/post"}],"author":[{"embeddable":true,"href":"https:\/\/www.upo.es\/investiga\/capacesdecomunicar\/wp-json\/wp\/v2\/users\/1"}],"replies":[{"embeddable":true,"href":"https:\/\/www.upo.es\/investiga\/capacesdecomunicar\/wp-json\/wp\/v2\/comments?post=81"}],"version-history":[{"count":16,"href":"https:\/\/www.upo.es\/investiga\/capacesdecomunicar\/wp-json\/wp\/v2\/posts\/81\/revisions"}],"predecessor-version":[{"id":3056,"href":"https:\/\/www.upo.es\/investiga\/capacesdecomunicar\/wp-json\/wp\/v2\/posts\/81\/revisions\/3056"}],"wp:featuredmedia":[{"embeddable":true,"href":"https:\/\/www.upo.es\/investiga\/capacesdecomunicar\/wp-json\/wp\/v2\/media\/1344"}],"wp:attachment":[{"href":"https:\/\/www.upo.es\/investiga\/capacesdecomunicar\/wp-json\/wp\/v2\/media?parent=81"}],"wp:term":[{"taxonomy":"category","embeddable":true,"href":"https:\/\/www.upo.es\/investiga\/capacesdecomunicar\/wp-json\/wp\/v2\/categories?post=81"},{"taxonomy":"post_tag","embeddable":true,"href":"https:\/\/www.upo.es\/investiga\/capacesdecomunicar\/wp-json\/wp\/v2\/tags?post=81"}],"curies":[{"name":"wp","href":"https:\/\/api.w.org\/{rel}","templated":true}]}}