{"id":82,"date":"2021-04-08T14:52:55","date_gmt":"2021-04-08T14:52:55","guid":{"rendered":"https:\/\/www.upo.es\/investiga\/capacesdecomunicar\/?p=82"},"modified":"2021-07-13T09:17:10","modified_gmt":"2021-07-13T09:17:10","slug":"entrevista-tobii-dynavox","status":"publish","type":"post","link":"https:\/\/www.upo.es\/investiga\/capacesdecomunicar\/entrevista-tobii-dynavox\/","title":{"rendered":"Juan Jos\u00e9 Bernal y Royden James | TOBII DYNAVOX"},"content":{"rendered":"\n<p><strong>Pincha en la imagen de abajo para reproducir el v\u00eddeo<\/strong><\/p>\n\n\n\n<figure class=\"wp-block-embed is-type-video is-provider-youtube wp-block-embed-youtube wp-embed-aspect-16-9 wp-has-aspect-ratio\"><div class=\"wp-block-embed__wrapper\">\n<iframe loading=\"lazy\" title=\"La Tecnolog\u00eda de los &#039;Eye Trackers&#039; - Juan Jos\u00e9 Bernal y Royden James | TOBII DYNAVOX\" width=\"580\" height=\"326\" src=\"https:\/\/www.youtube.com\/embed\/eCMXUxO99N8?list=PLOH8fLVZUPVCXjFj-VOhj7tZFnoSIEL9C\" frameborder=\"0\" allow=\"accelerometer; autoplay; clipboard-write; encrypted-media; gyroscope; picture-in-picture; web-share\" referrerpolicy=\"strict-origin-when-cross-origin\" allowfullscreen><\/iframe>\n<\/div><\/figure>\n\n\n\n<p>\u00bfQu\u00e9 es eso de hablar con los ojos? \u00bfC\u00f3mo son los eye-trackers por dentro y qu\u00e9 se necesita para poder usarlos? \u00bfSirve en caso de da\u00f1o cortical visual? Estos dos ingenieros trabajan para una empresa l\u00edder en el sector de la tecnolog\u00eda de control por mirada y de los software de comunicaci\u00f3n aumentativa y alternativa, Tobii Dynavox. Desde la perspectiva de la industria y del desarrollo de productos, Juan Jos\u00e9 Bernal y Royden James explican con palabras sencillas una tecnolog\u00eda revolucionaria para muchas personas. &nbsp;<\/p>\n\n\n\n<h3 class=\"wp-block-heading\">Enlaces de inter\u00e9s de esta entrevista<\/h3>\n\n\n\n<ul id=\"block-108002b8-7fa5-4c43-984a-19702f4dbf44\" class=\"is-style-none wp-block-list\"><li><a href=\"https:\/\/www.tobiidynavox.com\/es\/\" target=\"_blank\" rel=\"noreferrer noopener\">Tobii Dynavox Espa\u00f1a<\/a><\/li><\/ul>\n\n\n\n<h3 class=\"wp-block-heading\">Bionotas<\/h3>\n\n\n\n<div class=\"wp-block-coblocks-author\"><figure class=\"wp-block-coblocks-author__avatar\"><img decoding=\"async\" class=\"wp-block-coblocks-author__avatar-img\" src=\"https:\/\/www.upo.es\/investiga\/capacesdecomunicar\/wp-content\/uploads\/2021\/05\/Juan-Jose-Tobii-Dynavox_square.jpg\" alt=\"Juan Jos\u00e9 Bernal\"\/><\/figure><div class=\"wp-block-coblocks-author__content\"><span class=\"wp-block-coblocks-author__name\">Juan Jos\u00e9 Bernal<\/span><p class=\"wp-block-coblocks-author__biography\"><br\/><strong>Gerente Regional para el Sur de Europa y Latinoam\u00e9rica en Tobii Dynavox (Suecia)<\/strong><br\/><br\/>M\u00e1ster en Ciencias en Ingenier\u00eda Industrial por la Universidad de Link\u00f6ping, Suecia. Desde abril del 2017 trabaja como Gerente Regional de Tobii Dynavox para el Sur de Europa y Latinoam\u00e9rica. Como tarea principal, Juan Jos\u00e9 se ocupa de concienciar y difundir la adopci\u00f3n de CAA de alta tecnolog\u00eda en toda la regi\u00f3n para que las personas con discapacidades alcancen su potencial a trav\u00e9s de la comunicaci\u00f3n e independencia.<\/p>\n<div class=\"wp-block-button\"><a class=\"wp-block-button__link\" href=\"https:\/\/se.linkedin.com\/in\/juan-jose-bernal-4020b519\" target=\"_blank\" rel=\"noreferrer noopener\">Saber m\u00e1s<\/a><\/div>\n<\/div><\/div>\n\n\n\n<div class=\"wp-block-coblocks-author\"><figure class=\"wp-block-coblocks-author__avatar\"><img decoding=\"async\" class=\"wp-block-coblocks-author__avatar-img\" src=\"https:\/\/www.upo.es\/investiga\/capacesdecomunicar\/wp-content\/uploads\/2021\/05\/Royden-James.jpg\" alt=\"Royden James\"\/><\/figure><div class=\"wp-block-coblocks-author__content\"><span class=\"wp-block-coblocks-author__name\">Royden James<\/span><p class=\"wp-block-coblocks-author__biography\"><br\/><strong>Vice Presidente Interino de Productos y Desarrollo en Tobii Dynavox (Suecia)<\/strong><br\/><br\/>Graduado en Dise\u00f1o Industrial por la Universidad de Johannesburgo (Sud\u00e1frica). Trabaja en Tobii Dynavox desde 2018. Anteriormente fue Director de Crecimiento en Medicheck AB, una plataforma de telemedicina especializada en enfermedades cr\u00f3nicas. Adem\u00e1s, trabaja con varias organizaciones ben\u00e9ficas y con algunos de los estudios de gaming m\u00e1s reconocidos para hacer el juego m\u00e1s inclusivo y accesible a todas las personas.<\/p>\n<div class=\"wp-block-button\"><a class=\"wp-block-button__link\" href=\"https:\/\/uk.tobiidynavox.com\/pages\/management-team\" target=\"_blank\" rel=\"noreferrer noopener\">Saber m\u00e1s<\/a><\/div>\n<\/div><\/div>\n","protected":false},"excerpt":{"rendered":"<p>\u00bfQu\u00e9 es eso de hablar con los ojos? \u00bfC\u00f3mo son los eye-trackers por dentro y qu\u00e9 se necesita para poder usarlos? \u00bfSirve en caso de da\u00f1o cortical visual? Estos dos ingenieros trabajan para una empresa l\u00edder en el sector de la tecnolog\u00eda de control por mirada y de los software de comunicaci\u00f3n aumentativa y alternativa, Tobii Dynavox. Desde la perspectiva de la industria y del desarrollo de productos, Juan Jos\u00e9 Bernal y Royden James explican con palabras sencillas una tecnolog\u00eda revolucionaria para muchas personas.<\/p>\n","protected":false},"author":1,"featured_media":1356,"comment_status":"closed","ping_status":"open","sticky":false,"template":"","format":"standard","meta":{"_coblocks_attr":"","_coblocks_dimensions":"","_coblocks_responsive_height":"","_coblocks_accordion_ie_support":"","_uag_custom_page_level_css":"","footnotes":""},"categories":[122,5],"tags":[103,104,100,101,96,102,99,97,105,98],"class_list":["post-82","post","type-post","status-publish","format-standard","has-post-thumbnail","hentry","category-entrevistas","category-videos","tag-dano-cortical-visual","tag-desarrollo-de-productos","tag-eye-trackers","tag-eye-tracking","tag-juan-jose-bernal","tag-lectores-de-mirada","tag-lectores-oculares","tag-royden-james","tag-tecnologia-revolucionaria","tag-tobii-dynavox"],"uagb_featured_image_src":{"full":["https:\/\/www.upo.es\/investiga\/capacesdecomunicar\/wp-content\/uploads\/2021\/05\/Portada-JEquipoTobiiDynavox-1.jpg",1080,729,false],"thumbnail":["https:\/\/www.upo.es\/investiga\/capacesdecomunicar\/wp-content\/uploads\/2021\/05\/Portada-JEquipoTobiiDynavox-1-150x150.jpg",150,150,true],"medium":["https:\/\/www.upo.es\/investiga\/capacesdecomunicar\/wp-content\/uploads\/2021\/05\/Portada-JEquipoTobiiDynavox-1-300x203.jpg",300,203,true],"medium_large":["https:\/\/www.upo.es\/investiga\/capacesdecomunicar\/wp-content\/uploads\/2021\/05\/Portada-JEquipoTobiiDynavox-1-768x518.jpg",580,391,true],"large":["https:\/\/www.upo.es\/investiga\/capacesdecomunicar\/wp-content\/uploads\/2021\/05\/Portada-JEquipoTobiiDynavox-1-1024x691.jpg",580,391,true],"1536x1536":["https:\/\/www.upo.es\/investiga\/capacesdecomunicar\/wp-content\/uploads\/2021\/05\/Portada-JEquipoTobiiDynavox-1.jpg",1080,729,false],"2048x2048":["https:\/\/www.upo.es\/investiga\/capacesdecomunicar\/wp-content\/uploads\/2021\/05\/Portada-JEquipoTobiiDynavox-1.jpg",1080,729,false],"post-thumbnail":["https:\/\/www.upo.es\/investiga\/capacesdecomunicar\/wp-content\/uploads\/2021\/05\/Portada-JEquipoTobiiDynavox-1.jpg",1080,729,false],"chaplin_preview_image_low_resolution":["https:\/\/www.upo.es\/investiga\/capacesdecomunicar\/wp-content\/uploads\/2021\/05\/Portada-JEquipoTobiiDynavox-1-540x365.jpg",540,365,true],"chaplin_preview_image_high_resolution":["https:\/\/www.upo.es\/investiga\/capacesdecomunicar\/wp-content\/uploads\/2021\/05\/Portada-JEquipoTobiiDynavox-1.jpg",1080,729,false],"chaplin_fullscreen":["https:\/\/www.upo.es\/investiga\/capacesdecomunicar\/wp-content\/uploads\/2021\/05\/Portada-JEquipoTobiiDynavox-1.jpg",1080,729,false]},"uagb_author_info":{"display_name":"capcom","author_link":"https:\/\/www.upo.es\/investiga\/capacesdecomunicar\/author\/capcom\/"},"uagb_comment_info":0,"uagb_excerpt":"\u00bfQu\u00e9 es eso de hablar con los ojos? \u00bfC\u00f3mo son los eye-trackers por dentro y qu\u00e9 se necesita para poder usarlos? \u00bfSirve en caso de da\u00f1o cortical visual? Estos dos ingenieros trabajan para una empresa l\u00edder en el sector de la tecnolog\u00eda de control por mirada y de los software de comunicaci\u00f3n aumentativa y alternativa,&hellip;","_links":{"self":[{"href":"https:\/\/www.upo.es\/investiga\/capacesdecomunicar\/wp-json\/wp\/v2\/posts\/82","targetHints":{"allow":["GET"]}}],"collection":[{"href":"https:\/\/www.upo.es\/investiga\/capacesdecomunicar\/wp-json\/wp\/v2\/posts"}],"about":[{"href":"https:\/\/www.upo.es\/investiga\/capacesdecomunicar\/wp-json\/wp\/v2\/types\/post"}],"author":[{"embeddable":true,"href":"https:\/\/www.upo.es\/investiga\/capacesdecomunicar\/wp-json\/wp\/v2\/users\/1"}],"replies":[{"embeddable":true,"href":"https:\/\/www.upo.es\/investiga\/capacesdecomunicar\/wp-json\/wp\/v2\/comments?post=82"}],"version-history":[{"count":12,"href":"https:\/\/www.upo.es\/investiga\/capacesdecomunicar\/wp-json\/wp\/v2\/posts\/82\/revisions"}],"predecessor-version":[{"id":3047,"href":"https:\/\/www.upo.es\/investiga\/capacesdecomunicar\/wp-json\/wp\/v2\/posts\/82\/revisions\/3047"}],"wp:featuredmedia":[{"embeddable":true,"href":"https:\/\/www.upo.es\/investiga\/capacesdecomunicar\/wp-json\/wp\/v2\/media\/1356"}],"wp:attachment":[{"href":"https:\/\/www.upo.es\/investiga\/capacesdecomunicar\/wp-json\/wp\/v2\/media?parent=82"}],"wp:term":[{"taxonomy":"category","embeddable":true,"href":"https:\/\/www.upo.es\/investiga\/capacesdecomunicar\/wp-json\/wp\/v2\/categories?post=82"},{"taxonomy":"post_tag","embeddable":true,"href":"https:\/\/www.upo.es\/investiga\/capacesdecomunicar\/wp-json\/wp\/v2\/tags?post=82"}],"curies":[{"name":"wp","href":"https:\/\/api.w.org\/{rel}","templated":true}]}}