{"id":84,"date":"2021-04-04T14:52:59","date_gmt":"2021-04-04T14:52:59","guid":{"rendered":"https:\/\/www.upo.es\/investiga\/capacesdecomunicar\/?p=84"},"modified":"2021-07-13T09:16:17","modified_gmt":"2021-07-13T09:16:17","slug":"entrevista-annette-kitzinger","status":"publish","type":"post","link":"https:\/\/www.upo.es\/investiga\/capacesdecomunicar\/entrevista-annette-kitzinger\/","title":{"rendered":"Annette Kitzinger | METACOM"},"content":{"rendered":"\n<p><strong>Pincha en la imagen de abajo para reproducir el v\u00eddeo<\/strong><\/p>\n\n\n\n<figure class=\"wp-block-embed is-type-video is-provider-youtube wp-block-embed-youtube wp-embed-aspect-16-9 wp-has-aspect-ratio\"><div class=\"wp-block-embed__wrapper\">\n<iframe loading=\"lazy\" title=\"El dise\u00f1o de pictogramas: Annette Kitzinger | METACOM\" width=\"580\" height=\"326\" src=\"https:\/\/www.youtube.com\/embed\/FAk0KoUvv4k?list=PLOH8fLVZUPVCXjFj-VOhj7tZFnoSIEL9C\" frameborder=\"0\" allow=\"accelerometer; autoplay; clipboard-write; encrypted-media; gyroscope; picture-in-picture; web-share\" referrerpolicy=\"strict-origin-when-cross-origin\" allowfullscreen><\/iframe>\n<\/div><figcaption>Entrevista a Annette Kitzinger, dise\u00f1adora de pictogramas en METACOM<\/figcaption><\/figure>\n\n\n\n<p>A esta dise\u00f1adora gr\u00e1fica le cambi\u00f3 la vida cuando naci\u00f3 su hija Meta con discapacidad intelectual severa. Comenz\u00f3 a dibujar pictogramas para poder establecer alg\u00fan tipo de comunicaci\u00f3n con ella y ya no ha parado de hacerlo en casi dos d\u00e9cadas. Hoy d\u00eda los s\u00edmbolos METACOM son los m\u00e1s usados en comunicaci\u00f3n aumentativa en Alemania. En esta entrevista nos da grandes lecciones sobre el uso de pictogramas y la configuraci\u00f3n de comunicadores.&nbsp;<\/p>\n\n\n\n<h3 class=\"wp-block-heading\">Enlaces de inter\u00e9s de esta entrevista<\/h3>\n\n\n\n<ul id=\"block-108002b8-7fa5-4c43-984a-19702f4dbf44\" class=\"is-style-none wp-block-list\"><li><a href=\"https:\/\/www.metacom-symbole.de\/\" target=\"_blank\" rel=\"noreferrer noopener\">METACOM<\/a><\/li><\/ul>\n\n\n\n<h3 class=\"wp-block-heading\">Preguntas<\/h3>\n\n\n\n<p>\u00bfTienes alguna pregunta para Annette Kitzinger? Env\u00edala a trav\u00e9s de&nbsp;<a href=\"https:\/\/www.upo.es\/investiga\/capacesdecomunicar\/formulario\/\"><strong>este formulario<\/strong><\/a>&nbsp;y se la haremos llegar.<\/p>\n\n\n\n<h3 class=\"wp-block-heading\">Bionota<\/h3>\n\n\n\n<div class=\"wp-block-coblocks-author\"><figure class=\"wp-block-coblocks-author__avatar\"><img decoding=\"async\" class=\"wp-block-coblocks-author__avatar-img\" src=\"https:\/\/www.upo.es\/investiga\/capacesdecomunicar\/wp-content\/uploads\/2021\/05\/AKitzinger_square.jpg\" alt=\"Annette Kitzinger\"\/><\/figure><div class=\"wp-block-coblocks-author__content\"><span class=\"wp-block-coblocks-author__name\">Annette Kitzinger<\/span><p class=\"wp-block-coblocks-author__biography\"><strong>Fundadora y Dise\u00f1adora de pictogramas en METACOM (Alemania)<\/strong><br\/><br\/>Es dise\u00f1adora gr\u00e1fica y estudi\u00f3 Dise\u00f1o Gr\u00e1fico Industrial con especializaci\u00f3n en dise\u00f1o para el aprendizaje y el juego en la Universidad de Arte y Dise\u00f1o de Halle (Burg Giebichenstein Kunsthochschule Halle, Alemania). Tras el nacimiento de su hija Meta, una ni\u00f1a con discapacidad intelectual y sin lenguaje oral, comenz\u00f3 a dibujar im\u00e1genes que la ayudaran a comunicarse y, a partir de ah\u00ed, fue desarrollando el sistema de pictogramas METACOM, el m\u00e1s usado hoy d\u00eda en Alemania. A lo largo de dos d\u00e9cadas ha dise\u00f1ado unos quince mil pictogramas y ha desarrollado la aplicaci\u00f3n MetaTalkDE para iPad en colaboraci\u00f3n con un desarrollador de software y un equipo multiprofesional de consultores.<\/p>\n<div class=\"wp-block-button\"><a class=\"wp-block-button__link\" href=\"https:\/\/www.metacom-symbole.de\/\" target=\"_blank\" rel=\"noreferrer noopener\"><strong>Saber m\u00e1s<\/strong><\/a><\/div>\n<\/div><\/div>\n","protected":false},"excerpt":{"rendered":"<p>A esta dise\u00f1adora gr\u00e1fica le cambi\u00f3 la vida cuando naci\u00f3 su hija Meta con discapacidad intelectual severa. Comenz\u00f3 a dibujar pictogramas para poder establecer alg\u00fan tipo de comunicaci\u00f3n con ella y ya no ha parado de hacerlo en casi dos d\u00e9cadas. Hoy d\u00eda los s\u00edmbolos METACOM son los m\u00e1s usados en comunicaci\u00f3n aumentativa en Alemania. En esta entrevista nos da grandes lecciones sobre el uso de pictogramas y la configuraci\u00f3n de comunicadores. <\/p>\n","protected":false},"author":1,"featured_media":1367,"comment_status":"closed","ping_status":"open","sticky":false,"template":"","format":"standard","meta":{"_coblocks_attr":"","_coblocks_dimensions":"","_coblocks_responsive_height":"","_coblocks_accordion_ie_support":"","_uag_custom_page_level_css":"","footnotes":""},"categories":[122,5],"tags":[126,39,92,133,17,139,78,138,127,136,128,36,37,70,123,27,57,38,71,129,124,28,134,137,125,98,130,131,135,132],"class_list":["post-84","post","type-post","status-publish","format-standard","has-post-thumbnail","hentry","category-entrevistas","category-videos","tag-aac","tag-alemania","tag-annette-kitzinger","tag-biblioteca","tag-caa","tag-communicator","tag-comunicadores-electronicos","tag-core-first","tag-cultura","tag-didactica","tag-discapacidad","tag-discapacidad-cognitiva","tag-discapacidad-motora","tag-disenadora-grafica","tag-diseno","tag-diseno-de-pictogramas","tag-diseno-grafico","tag-metacom","tag-metatalkde","tag-modelado","tag-pictograma","tag-pictogramas","tag-repositorio","tag-snap","tag-symbol","tag-tobii-dynavox","tag-vocabulario","tag-vocabulario-esencial","tag-vocabulario-nucleo","tag-vocabulario-periferico"],"uagb_featured_image_src":{"full":["https:\/\/www.upo.es\/investiga\/capacesdecomunicar\/wp-content\/uploads\/2021\/05\/Portada-AKitzingerehija_2.jpg",1080,729,false],"thumbnail":["https:\/\/www.upo.es\/investiga\/capacesdecomunicar\/wp-content\/uploads\/2021\/05\/Portada-AKitzingerehija_2-150x150.jpg",150,150,true],"medium":["https:\/\/www.upo.es\/investiga\/capacesdecomunicar\/wp-content\/uploads\/2021\/05\/Portada-AKitzingerehija_2-300x203.jpg",300,203,true],"medium_large":["https:\/\/www.upo.es\/investiga\/capacesdecomunicar\/wp-content\/uploads\/2021\/05\/Portada-AKitzingerehija_2-768x518.jpg",580,391,true],"large":["https:\/\/www.upo.es\/investiga\/capacesdecomunicar\/wp-content\/uploads\/2021\/05\/Portada-AKitzingerehija_2-1024x691.jpg",580,391,true],"1536x1536":["https:\/\/www.upo.es\/investiga\/capacesdecomunicar\/wp-content\/uploads\/2021\/05\/Portada-AKitzingerehija_2.jpg",1080,729,false],"2048x2048":["https:\/\/www.upo.es\/investiga\/capacesdecomunicar\/wp-content\/uploads\/2021\/05\/Portada-AKitzingerehija_2.jpg",1080,729,false],"post-thumbnail":["https:\/\/www.upo.es\/investiga\/capacesdecomunicar\/wp-content\/uploads\/2021\/05\/Portada-AKitzingerehija_2.jpg",1080,729,false],"chaplin_preview_image_low_resolution":["https:\/\/www.upo.es\/investiga\/capacesdecomunicar\/wp-content\/uploads\/2021\/05\/Portada-AKitzingerehija_2-540x365.jpg",540,365,true],"chaplin_preview_image_high_resolution":["https:\/\/www.upo.es\/investiga\/capacesdecomunicar\/wp-content\/uploads\/2021\/05\/Portada-AKitzingerehija_2.jpg",1080,729,false],"chaplin_fullscreen":["https:\/\/www.upo.es\/investiga\/capacesdecomunicar\/wp-content\/uploads\/2021\/05\/Portada-AKitzingerehija_2.jpg",1080,729,false]},"uagb_author_info":{"display_name":"capcom","author_link":"https:\/\/www.upo.es\/investiga\/capacesdecomunicar\/author\/capcom\/"},"uagb_comment_info":0,"uagb_excerpt":"A esta dise\u00f1adora gr\u00e1fica le cambi\u00f3 la vida cuando naci\u00f3 su hija Meta con discapacidad intelectual severa. Comenz\u00f3 a dibujar pictogramas para poder establecer alg\u00fan tipo de comunicaci\u00f3n con ella y ya no ha parado de hacerlo en casi dos d\u00e9cadas. Hoy d\u00eda los s\u00edmbolos METACOM son los m\u00e1s usados en comunicaci\u00f3n aumentativa en Alemania.&hellip;","_links":{"self":[{"href":"https:\/\/www.upo.es\/investiga\/capacesdecomunicar\/wp-json\/wp\/v2\/posts\/84","targetHints":{"allow":["GET"]}}],"collection":[{"href":"https:\/\/www.upo.es\/investiga\/capacesdecomunicar\/wp-json\/wp\/v2\/posts"}],"about":[{"href":"https:\/\/www.upo.es\/investiga\/capacesdecomunicar\/wp-json\/wp\/v2\/types\/post"}],"author":[{"embeddable":true,"href":"https:\/\/www.upo.es\/investiga\/capacesdecomunicar\/wp-json\/wp\/v2\/users\/1"}],"replies":[{"embeddable":true,"href":"https:\/\/www.upo.es\/investiga\/capacesdecomunicar\/wp-json\/wp\/v2\/comments?post=84"}],"version-history":[{"count":13,"href":"https:\/\/www.upo.es\/investiga\/capacesdecomunicar\/wp-json\/wp\/v2\/posts\/84\/revisions"}],"predecessor-version":[{"id":3053,"href":"https:\/\/www.upo.es\/investiga\/capacesdecomunicar\/wp-json\/wp\/v2\/posts\/84\/revisions\/3053"}],"wp:featuredmedia":[{"embeddable":true,"href":"https:\/\/www.upo.es\/investiga\/capacesdecomunicar\/wp-json\/wp\/v2\/media\/1367"}],"wp:attachment":[{"href":"https:\/\/www.upo.es\/investiga\/capacesdecomunicar\/wp-json\/wp\/v2\/media?parent=84"}],"wp:term":[{"taxonomy":"category","embeddable":true,"href":"https:\/\/www.upo.es\/investiga\/capacesdecomunicar\/wp-json\/wp\/v2\/categories?post=84"},{"taxonomy":"post_tag","embeddable":true,"href":"https:\/\/www.upo.es\/investiga\/capacesdecomunicar\/wp-json\/wp\/v2\/tags?post=84"}],"curies":[{"name":"wp","href":"https:\/\/api.w.org\/{rel}","templated":true}]}}