{"id":85,"date":"2021-04-01T14:53:02","date_gmt":"2021-04-01T14:53:02","guid":{"rendered":"https:\/\/www.upo.es\/investiga\/capacesdecomunicar\/?p=85"},"modified":"2021-07-13T09:15:27","modified_gmt":"2021-07-13T09:15:27","slug":"entrevista-sergio-palao","status":"publish","type":"post","link":"https:\/\/www.upo.es\/investiga\/capacesdecomunicar\/entrevista-sergio-palao\/","title":{"rendered":"Sergio Palao | TROPICAL ESTUDIO"},"content":{"rendered":"\n<p><strong>Pincha en la imagen de abajo para reproducir el v\u00eddeo<\/strong><\/p>\n\n\n\n<figure class=\"wp-block-embed is-type-video is-provider-youtube wp-block-embed-youtube wp-embed-aspect-16-9 wp-has-aspect-ratio\"><div class=\"wp-block-embed__wrapper\">\n<iframe loading=\"lazy\" title=\"Dise\u00f1o de Pictogramas: Sergio Palao - Estudio Tropical\" width=\"580\" height=\"326\" src=\"https:\/\/www.youtube.com\/embed\/Jub7QV7mgag?list=PLOH8fLVZUPVCXjFj-VOhj7tZFnoSIEL9C\" frameborder=\"0\" allow=\"accelerometer; autoplay; clipboard-write; encrypted-media; gyroscope; picture-in-picture; web-share\" referrerpolicy=\"strict-origin-when-cross-origin\" allowfullscreen><\/iframe>\n<\/div><figcaption>Sergio Palao, Fundador y Director de Arte en Tropical Estudio<\/figcaption><\/figure>\n\n\n\n<p>Todo empez\u00f3 con un concurso\u2026 Sergio gan\u00f3 y empez\u00f3 a dise\u00f1ar pictogramas para un proyecto de la comunidad de Arag\u00f3n, sin imaginarse que el fruto de su creatividad se convertir\u00eda en uno de los sistemas pictogr\u00e1ficos m\u00e1s conocidos y descargados del mundo, ARASAAC. En esta entrevista nos explica c\u00f3mo se dise\u00f1an pictogramas para la CAA y relata su experiencia personal en este \u00e1rea de especializaci\u00f3n gr\u00e1fica y sus proyectos m\u00e1s significativos.&nbsp;<\/p>\n\n\n\n<h3 class=\"wp-block-heading\">Preguntas<\/h3>\n\n\n\n<p>\u00bfTienes alguna pregunta para Sergio Palao? Env\u00edala a trav\u00e9s de&nbsp;<a href=\"https:\/\/www.upo.es\/investiga\/capacesdecomunicar\/formulario\/\"><strong>este formulario<\/strong><\/a>&nbsp;y se la haremos llegar.<\/p>\n\n\n\n<h3 class=\"wp-block-heading\">Enlaces de inter\u00e9s de esta entrevista<\/h3>\n\n\n\n<ul id=\"block-108002b8-7fa5-4c43-984a-19702f4dbf44\" class=\"is-style-none wp-block-list\"><li><a rel=\"noreferrer noopener\" href=\"https:\/\/arasaac.org\/\" target=\"_blank\">ARASAAC<\/a><\/li><li><a rel=\"noreferrer noopener\" href=\"https:\/\/www.soyvisual.org\/\" target=\"_blank\">Soy Visual<\/a><\/li><li><a href=\"https:\/\/www.tropicalestudio.com\/\" target=\"_blank\" rel=\"noreferrer noopener\">Tropical Estudio<\/a><\/li><\/ul>\n\n\n\n<h3 class=\"wp-block-heading\">Bionota<\/h3>\n\n\n\n<div class=\"wp-block-coblocks-author\"><figure class=\"wp-block-coblocks-author__avatar\"><img decoding=\"async\" class=\"wp-block-coblocks-author__avatar-img\" src=\"https:\/\/www.upo.es\/investiga\/capacesdecomunicar\/wp-content\/uploads\/2021\/05\/SPalao_square.jpg\" alt=\"Sergio Palao\"\/><\/figure><div class=\"wp-block-coblocks-author__content\"><span class=\"wp-block-coblocks-author__name\">Sergio Palao<\/span><p class=\"wp-block-coblocks-author__biography\"><strong>Fundador y Director de Arte del Estudio Tropical (Espa\u00f1a)<\/strong><br\/><br\/>Licenciado en Bellas Artes por la Universidad del Pa\u00eds Vasco (2000). Desde entonces se ha dedicado profesionalmente al dise\u00f1o gr\u00e1fico, especializ\u00e1ndose en dise\u00f1o editorial, identidades visuales para marcas y dise\u00f1o de pictogramas para la comunicaci\u00f3n aumentativa.\u00a0Es fundador y director de arte del estudio Tropical, situado en Zaragoza. Ha sido el dibujante del sistema de s\u00edmbolos ARASAAC y creador del proyecto #Soyvisual, tambi\u00e9n enfocado a personas con discapacidad. Sus principales clientes en este \u00e1mbito son el Gobierno de Arag\u00f3n, la Fundaci\u00f3n Orange, CEAPAT, la Fundaci\u00f3n ONCE, la Fundaci\u00f3n DFA y la Fundaci\u00f3n CEDES.<\/p>\n<div class=\"wp-block-button\"><a class=\"wp-block-button__link\" href=\"https:\/\/www.tropicalestudio.com\/nosotros\/\" target=\"_blank\" rel=\"noreferrer noopener\"><strong>Saber m\u00e1s<\/strong><\/a><\/div>\n<\/div><\/div>\n","protected":false},"excerpt":{"rendered":"<p>Todo empez\u00f3 con un concurso\u2026 Sergio gan\u00f3 y empez\u00f3 a dise\u00f1ar pictogramas para un proyecto de la comunidad de Arag\u00f3n, sin imaginarse que el fruto de su creatividad se convertir\u00eda en uno de los sistemas pictogr\u00e1ficos m\u00e1s conocidos y descargados del mundo, ARASAAC. En esta entrevista nos explica c\u00f3mo se dise\u00f1an pictogramas para la CAA y relata su experiencia personal en este \u00e1rea de especializaci\u00f3n gr\u00e1fica y sus proyectos m\u00e1s significativos. <\/p>\n","protected":false},"author":1,"featured_media":1347,"comment_status":"closed","ping_status":"open","sticky":false,"template":"","format":"standard","meta":{"_coblocks_attr":"","_coblocks_dimensions":"","_coblocks_responsive_height":"","_coblocks_accordion_ie_support":"","_uag_custom_page_level_css":"","footnotes":""},"categories":[122,5],"tags":[51,29,59,30,27,57,62,61,60,58,28,90,31],"class_list":["post-85","post","type-post","status-publish","format-standard","has-post-thumbnail","hentry","category-entrevistas","category-videos","tag-accesibilidad","tag-arasaac","tag-ceapat","tag-comunidad-de-aragon","tag-diseno-de-pictogramas","tag-diseno-grafico","tag-fundacion-cedes","tag-fundacion-dfa","tag-fundacion-once","tag-fundacion-orange","tag-pictogramas","tag-sergio-palao","tag-soyvisual"],"uagb_featured_image_src":{"full":["https:\/\/www.upo.es\/investiga\/capacesdecomunicar\/wp-content\/uploads\/2021\/05\/Portada-SPalao_2.jpg",1080,729,false],"thumbnail":["https:\/\/www.upo.es\/investiga\/capacesdecomunicar\/wp-content\/uploads\/2021\/05\/Portada-SPalao_2-150x150.jpg",150,150,true],"medium":["https:\/\/www.upo.es\/investiga\/capacesdecomunicar\/wp-content\/uploads\/2021\/05\/Portada-SPalao_2-300x203.jpg",300,203,true],"medium_large":["https:\/\/www.upo.es\/investiga\/capacesdecomunicar\/wp-content\/uploads\/2021\/05\/Portada-SPalao_2-768x518.jpg",580,391,true],"large":["https:\/\/www.upo.es\/investiga\/capacesdecomunicar\/wp-content\/uploads\/2021\/05\/Portada-SPalao_2-1024x691.jpg",580,391,true],"1536x1536":["https:\/\/www.upo.es\/investiga\/capacesdecomunicar\/wp-content\/uploads\/2021\/05\/Portada-SPalao_2.jpg",1080,729,false],"2048x2048":["https:\/\/www.upo.es\/investiga\/capacesdecomunicar\/wp-content\/uploads\/2021\/05\/Portada-SPalao_2.jpg",1080,729,false],"post-thumbnail":["https:\/\/www.upo.es\/investiga\/capacesdecomunicar\/wp-content\/uploads\/2021\/05\/Portada-SPalao_2.jpg",1080,729,false],"chaplin_preview_image_low_resolution":["https:\/\/www.upo.es\/investiga\/capacesdecomunicar\/wp-content\/uploads\/2021\/05\/Portada-SPalao_2-540x365.jpg",540,365,true],"chaplin_preview_image_high_resolution":["https:\/\/www.upo.es\/investiga\/capacesdecomunicar\/wp-content\/uploads\/2021\/05\/Portada-SPalao_2.jpg",1080,729,false],"chaplin_fullscreen":["https:\/\/www.upo.es\/investiga\/capacesdecomunicar\/wp-content\/uploads\/2021\/05\/Portada-SPalao_2.jpg",1080,729,false]},"uagb_author_info":{"display_name":"capcom","author_link":"https:\/\/www.upo.es\/investiga\/capacesdecomunicar\/author\/capcom\/"},"uagb_comment_info":0,"uagb_excerpt":"Todo empez\u00f3 con un concurso\u2026 Sergio gan\u00f3 y empez\u00f3 a dise\u00f1ar pictogramas para un proyecto de la comunidad de Arag\u00f3n, sin imaginarse que el fruto de su creatividad se convertir\u00eda en uno de los sistemas pictogr\u00e1ficos m\u00e1s conocidos y descargados del mundo, ARASAAC. En esta entrevista nos explica c\u00f3mo se dise\u00f1an pictogramas para la CAA&hellip;","_links":{"self":[{"href":"https:\/\/www.upo.es\/investiga\/capacesdecomunicar\/wp-json\/wp\/v2\/posts\/85","targetHints":{"allow":["GET"]}}],"collection":[{"href":"https:\/\/www.upo.es\/investiga\/capacesdecomunicar\/wp-json\/wp\/v2\/posts"}],"about":[{"href":"https:\/\/www.upo.es\/investiga\/capacesdecomunicar\/wp-json\/wp\/v2\/types\/post"}],"author":[{"embeddable":true,"href":"https:\/\/www.upo.es\/investiga\/capacesdecomunicar\/wp-json\/wp\/v2\/users\/1"}],"replies":[{"embeddable":true,"href":"https:\/\/www.upo.es\/investiga\/capacesdecomunicar\/wp-json\/wp\/v2\/comments?post=85"}],"version-history":[{"count":21,"href":"https:\/\/www.upo.es\/investiga\/capacesdecomunicar\/wp-json\/wp\/v2\/posts\/85\/revisions"}],"predecessor-version":[{"id":3050,"href":"https:\/\/www.upo.es\/investiga\/capacesdecomunicar\/wp-json\/wp\/v2\/posts\/85\/revisions\/3050"}],"wp:featuredmedia":[{"embeddable":true,"href":"https:\/\/www.upo.es\/investiga\/capacesdecomunicar\/wp-json\/wp\/v2\/media\/1347"}],"wp:attachment":[{"href":"https:\/\/www.upo.es\/investiga\/capacesdecomunicar\/wp-json\/wp\/v2\/media?parent=85"}],"wp:term":[{"taxonomy":"category","embeddable":true,"href":"https:\/\/www.upo.es\/investiga\/capacesdecomunicar\/wp-json\/wp\/v2\/categories?post=85"},{"taxonomy":"post_tag","embeddable":true,"href":"https:\/\/www.upo.es\/investiga\/capacesdecomunicar\/wp-json\/wp\/v2\/tags?post=85"}],"curies":[{"name":"wp","href":"https:\/\/api.w.org\/{rel}","templated":true}]}}