{"id":1032,"date":"2017-05-20T19:53:00","date_gmt":"2017-05-20T17:53:00","guid":{"rendered":"https:\/\/www.upo.es\/investiga\/comintrad\/?p=1032"},"modified":"2021-02-16T22:43:17","modified_gmt":"2021-02-16T21:43:17","slug":"christiane-limbach-coordina-un-proyecto-de-innovacion-docente-multidisplinar-sobre-la-vida-y-obra-de-la-artista-kathe-kollwitz","status":"publish","type":"post","link":"https:\/\/www.upo.es\/investiga\/comintrad\/christiane-limbach-coordina-un-proyecto-de-innovacion-docente-multidisplinar-sobre-la-vida-y-obra-de-la-artista-kathe-kollwitz\/","title":{"rendered":"Christiane Limbach coordina un proyecto de innovaci\u00f3n docente multidisplinar sobre la vida y obra de la artista K\u00e4the Kollwitz"},"content":{"rendered":"\n<p>La Dra. Christiane Limbach, profesora del departamento de Filolog\u00eda y Traducci\u00f3n de la Universidad Pablo de Olavide y miembro del grupo de investigaci\u00f3n COMINTRAD, ha organizado con \u00e9xito unas jornadas y una exposici\u00f3n sobre la artista alemana K\u00e4the Kollwitz que ha estado disponible desde el 9 al 19 de mayo. Dichas actividades son el resultado de un proyecto de innovaci\u00f3n docente en el que han colaborado otros profesores como Karl Heisel (Filolog\u00eda Alemana), Juan Ortiz Villalba (Historia) y\u00a0Ram\u00f3n Ram\u00edrez Gotor y Mar\u00eda Antonia Ram\u00edrez P\u00e9rez (Sociolog\u00eda) y que ha contado con la participaci\u00f3n de estudiantes de la Facultad de Ciencias Sociales y de la Facultad de Humanidades.<\/p>\n\n\n\n<div class=\"wp-block-image\"><figure class=\"aligncenter size-large is-resized\"><img loading=\"lazy\" decoding=\"async\" src=\"https:\/\/www.upo.es\/investiga\/comintrad\/wp-content\/uploads\/2020\/10\/Exposicio\u0301n-Kollwitz-724x1024.jpg\" alt=\"\" class=\"wp-image-1039\" width=\"498\" height=\"703\" srcset=\"https:\/\/www.upo.es\/investiga\/comintrad\/wp-content\/uploads\/2020\/10\/Exposicio\u0301n-Kollwitz-724x1024.jpg 724w, https:\/\/www.upo.es\/investiga\/comintrad\/wp-content\/uploads\/2020\/10\/Exposicio\u0301n-Kollwitz-212x300.jpg 212w\" sizes=\"(max-width: 498px) 100vw, 498px\" \/><\/figure><\/div>\n\n\n\n<p>Los estudiantes de asignaturas como <em>Lengua B VI. Alem\u00e1n<\/em> e <em>Interpretaci\u00f3n bilateral B\/A\/B<\/em> (Grado de Traducci\u00f3n e Interpretaci\u00f3n Alem\u00e1n), <em>Procesos y tendencias en las sociedades contempor\u00e1neas<\/em> (Grado en Sociolog\u00eda y del Doble Grado en Sociolog\u00eda y Ciencias Pol\u00edticas y de Administraci\u00f3n y del Doble Grado de Sociolog\u00eda y Trabajo Social) e <em>Historia de los movimientos pol\u00edticos y sociales<\/em> (Grado en Ciencias Pol\u00edticas y de Administraci\u00f3n y el Doble Grado en Ciencias Pol\u00edticas y de Administraci\u00f3n y Derecho) han trabajado en distintos proyectos sobre la vida y obra de la artista alemana K\u00e4the Kollwitz desde \u00e1ngulos tan diferentes como la expresi\u00f3n y los movimientos art\u00edsticos, la cultura y la lengua alemana, as\u00ed como la relaci\u00f3n entre la realidad social, hist\u00f3rica y sociopol\u00edtica.<\/p>\n\n\n\n<iframe loading=\"lazy\" src=\"https:\/\/upotv.upo.es\/iframe\/5968a6d4238583c6188b456b\" id=\"pumukitiframe\" border=\"0\" allowfullscreen=\"\" width=\"560\" height=\"315\" frameborder=\"0\"><\/iframe>\n\n\n\n<p class=\"has-small-font-size\"><em>Video explicativo sobre este proyecto de innovaci\u00f3n docente<\/em><\/p>\n\n\n\n<p>Si quieres ver el programa completo de estas jornadas pincha en el bot\u00f3n que aparece a continuaci\u00f3n.<\/p>\n\n\n\n<div class=\"wp-block-buttons is-layout-flex wp-block-buttons-is-layout-flex\">\n<div class=\"wp-block-button\"><a class=\"wp-block-button__link\" href=\"https:\/\/www.upo.es\/investiga\/comintrad\/wp-content\/uploads\/2020\/10\/Programa-Jornadas-Kollwitz.pdf\">Descargar programa<\/a><\/div>\n<\/div>\n\n\n\n<div style=\"height:57px\" aria-hidden=\"true\" class=\"wp-block-spacer\"><\/div>\n\n\n\n<p><strong>Comparte esta noticia:<\/strong><\/p>\n\n\n","protected":false},"excerpt":{"rendered":"<p>La Dra. Christiane Limbach, profesora del departamento de Filolog\u00eda y Traducci\u00f3n de la Universidad Pablo de Olavide y miembro del grupo de investigaci\u00f3n COMINTRAD, ha organizado con \u00e9xito&hellip;<\/p>\n","protected":false},"author":1,"featured_media":1074,"comment_status":"closed","ping_status":"open","sticky":false,"template":"","format":"standard","meta":{"footnotes":""},"categories":[94,21],"tags":[236,118,95,103],"class_list":["post-1032","post","type-post","status-publish","format-standard","has-post-thumbnail","hentry","category-innovacion-docente","category-noticias","tag-236","tag-christiane-limbach","tag-docencia","tag-innovacion-docente"],"_links":{"self":[{"href":"https:\/\/www.upo.es\/investiga\/comintrad\/wp-json\/wp\/v2\/posts\/1032"}],"collection":[{"href":"https:\/\/www.upo.es\/investiga\/comintrad\/wp-json\/wp\/v2\/posts"}],"about":[{"href":"https:\/\/www.upo.es\/investiga\/comintrad\/wp-json\/wp\/v2\/types\/post"}],"author":[{"embeddable":true,"href":"https:\/\/www.upo.es\/investiga\/comintrad\/wp-json\/wp\/v2\/users\/1"}],"replies":[{"embeddable":true,"href":"https:\/\/www.upo.es\/investiga\/comintrad\/wp-json\/wp\/v2\/comments?post=1032"}],"version-history":[{"count":16,"href":"https:\/\/www.upo.es\/investiga\/comintrad\/wp-json\/wp\/v2\/posts\/1032\/revisions"}],"predecessor-version":[{"id":2597,"href":"https:\/\/www.upo.es\/investiga\/comintrad\/wp-json\/wp\/v2\/posts\/1032\/revisions\/2597"}],"wp:featuredmedia":[{"embeddable":true,"href":"https:\/\/www.upo.es\/investiga\/comintrad\/wp-json\/wp\/v2\/media\/1074"}],"wp:attachment":[{"href":"https:\/\/www.upo.es\/investiga\/comintrad\/wp-json\/wp\/v2\/media?parent=1032"}],"wp:term":[{"taxonomy":"category","embeddable":true,"href":"https:\/\/www.upo.es\/investiga\/comintrad\/wp-json\/wp\/v2\/categories?post=1032"},{"taxonomy":"post_tag","embeddable":true,"href":"https:\/\/www.upo.es\/investiga\/comintrad\/wp-json\/wp\/v2\/tags?post=1032"}],"curies":[{"name":"wp","href":"https:\/\/api.w.org\/{rel}","templated":true}]}}