{"id":1091,"date":"2020-10-08T19:27:00","date_gmt":"2020-10-08T17:27:00","guid":{"rendered":"https:\/\/www.upo.es\/investiga\/comintrad\/?p=1091"},"modified":"2021-03-17T17:28:23","modified_gmt":"2021-03-17T16:28:23","slug":"olga-koreneva-y-sus-estudiantes-participan-en-iate-goes-audio-un-proyecto-del-parlamento-europeo","status":"publish","type":"post","link":"https:\/\/www.upo.es\/investiga\/comintrad\/olga-koreneva-y-sus-estudiantes-participan-en-iate-goes-audio-un-proyecto-del-parlamento-europeo\/","title":{"rendered":"Olga Koreneva y sus estudiantes participan en IATE GOES AUDIO, un proyecto del Parlamento Europeo"},"content":{"rendered":"\n<figure class=\"wp-block-image size-large\"><img loading=\"lazy\" decoding=\"async\" width=\"960\" height=\"400\" src=\"https:\/\/www.upo.es\/investiga\/comintrad\/wp-content\/uploads\/2020\/10\/German-Interviews-page-header-1.png\" alt=\"\" class=\"wp-image-1105\" srcset=\"https:\/\/www.upo.es\/investiga\/comintrad\/wp-content\/uploads\/2020\/10\/German-Interviews-page-header-1.png 960w, https:\/\/www.upo.es\/investiga\/comintrad\/wp-content\/uploads\/2020\/10\/German-Interviews-page-header-1-300x125.png 300w, https:\/\/www.upo.es\/investiga\/comintrad\/wp-content\/uploads\/2020\/10\/German-Interviews-page-header-1-768x320.png 768w, https:\/\/www.upo.es\/investiga\/comintrad\/wp-content\/uploads\/2020\/10\/German-Interviews-page-header-1-540x225.png 540w\" sizes=\"(max-width: 960px) 100vw, 960px\" \/><figcaption>Interviews with Pablo de Olavide University<\/figcaption><\/figure>\n\n\n\n<p>Estudiantes de la Universidad Pablo de Olavide han participado esta semana en <em><a href=\"https:\/\/termcoord.eu\/iate-goes-audio\/\">IATE GOES AUDIO<\/a><\/em>, un proyecto de la Unidad de Terminolog\u00eda de la Coordinaci\u00f3n terminol\u00f3gica de la Direcci\u00f3n de Traducci\u00f3n de la UE (TermCoord). El proyecto tiene como objetivo recoger las experiencias, expectativas y motivaciones de los traductores de hoy, as\u00ed como de poner de manifiesto los retos a los que se enfrentan. <\/p>\n\n\n\n<p>Esta actividad ha sido concebida y supervisada en colaboraci\u00f3n con la profesora de la Universidad Pablo de Olavide, Olga Koreneva, traductora y docente de alem\u00e1n en la Facultad del Grado de Traducci\u00f3n e Interpretaci\u00f3n, miembro del grupo de investigaci\u00f3n COMINTRAD y antigua becaria del Parlamento Europeo.<\/p>\n\n\n\n<p>En una serie de entrevistas los alumnos y egresados del Grado de Traducci\u00f3n e Interpretaci\u00f3n de la Universidad Pablo de Olavide han tenido la oportunidad de explicar las experiencias, expectativas y motivaciones de j\u00f3venes profesionales del sector de la traducci\u00f3n. Dichas intervenciones han sido tan bien recibidas que tres de ellas han sido publicadas en la serie de entrevistas <em>\u2018Why is Terminology your passion?<\/em>\u2019 y est\u00e1n disponibles en <a rel=\"noreferrer noopener\" href=\"http:\/\/Para m\u00e1s informaci\u00f3n sobre el contenido de estas entrevistas Si quieres escuchar las opiniones de los estudiante\" target=\"_blank\">este enlace<\/a>.<\/p>\n\n\n\n<p>Olga Koreneva ha destacado la oportunidad que esta actividad ha supuesto para los estudiantes tanto a nivel personal como ling\u00fc\u00edstico. \u201cCuando TermCoord me propuso entrevistar a nuestros estudiantes de Traducci\u00f3n para su nuevo podcast, me pareci\u00f3 una bonita oportunidad para ellos, ya que pod\u00edan ser protagonistas de una experiencia diferente dentro de su carrera\u201d. Adem\u00e1s, los estudiantes pudieron poner en pr\u00e1ctica sus destrezas ling\u00fc\u00edsticas en alem\u00e1n.<\/p>\n\n\n\n<p>No se trata de la primera vez que Olga Koreneva ha colaborado con TermCoord. Ya ha colaborado en otras ocasiones, como en el proyecto \u201cTerminology without Borders\u201d, YourTerm MED, en el que cre\u00f3 una estructura conceptual para la terminolog\u00eda sanitaria durante los primeros meses de la pandemia provocada por la COVID-19.<\/p>\n\n\n\n<div style=\"height:35px\" aria-hidden=\"true\" class=\"wp-block-spacer\"><\/div>\n\n\n\n<p>Foto (cuerpo del texto) de termcoord.eu<\/p>\n\n\n\n<div style=\"height:57px\" aria-hidden=\"true\" class=\"wp-block-spacer\"><\/div>\n\n\n\n<p><strong>Comparte esta noticia:<\/strong><\/p>\n\n\n","protected":false},"excerpt":{"rendered":"<p>Estudiantes de la Universidad Pablo de Olavide han participado esta semana en IATE GOES AUDIO, un proyecto de la Unidad de Terminolog\u00eda de la Coordinaci\u00f3n terminol\u00f3gica de la&hellip;<\/p>\n","protected":false},"author":1,"featured_media":2207,"comment_status":"closed","ping_status":"open","sticky":false,"template":"","format":"standard","meta":{"footnotes":""},"categories":[21],"tags":[230,116,264],"class_list":["post-1091","post","type-post","status-publish","format-standard","has-post-thumbnail","hentry","category-noticias","tag-230","tag-olga-koreneva","tag-parlamento-europeo"],"_links":{"self":[{"href":"https:\/\/www.upo.es\/investiga\/comintrad\/wp-json\/wp\/v2\/posts\/1091"}],"collection":[{"href":"https:\/\/www.upo.es\/investiga\/comintrad\/wp-json\/wp\/v2\/posts"}],"about":[{"href":"https:\/\/www.upo.es\/investiga\/comintrad\/wp-json\/wp\/v2\/types\/post"}],"author":[{"embeddable":true,"href":"https:\/\/www.upo.es\/investiga\/comintrad\/wp-json\/wp\/v2\/users\/1"}],"replies":[{"embeddable":true,"href":"https:\/\/www.upo.es\/investiga\/comintrad\/wp-json\/wp\/v2\/comments?post=1091"}],"version-history":[{"count":10,"href":"https:\/\/www.upo.es\/investiga\/comintrad\/wp-json\/wp\/v2\/posts\/1091\/revisions"}],"predecessor-version":[{"id":3165,"href":"https:\/\/www.upo.es\/investiga\/comintrad\/wp-json\/wp\/v2\/posts\/1091\/revisions\/3165"}],"wp:featuredmedia":[{"embeddable":true,"href":"https:\/\/www.upo.es\/investiga\/comintrad\/wp-json\/wp\/v2\/media\/2207"}],"wp:attachment":[{"href":"https:\/\/www.upo.es\/investiga\/comintrad\/wp-json\/wp\/v2\/media?parent=1091"}],"wp:term":[{"taxonomy":"category","embeddable":true,"href":"https:\/\/www.upo.es\/investiga\/comintrad\/wp-json\/wp\/v2\/categories?post=1091"},{"taxonomy":"post_tag","embeddable":true,"href":"https:\/\/www.upo.es\/investiga\/comintrad\/wp-json\/wp\/v2\/tags?post=1091"}],"curies":[{"name":"wp","href":"https:\/\/api.w.org\/{rel}","templated":true}]}}