{"id":1496,"date":"2019-06-29T19:21:16","date_gmt":"2019-06-29T17:21:16","guid":{"rendered":"https:\/\/www.upo.es\/investiga\/comintrad\/?p=1496"},"modified":"2021-03-21T11:43:21","modified_gmt":"2021-03-21T10:43:21","slug":"alice-stender-christine-limbach-y-carmen-alvarez-presentan-sus-ponencias-en-el-7o-congreso-internacional-entreculturas-de-traduccion-e-interpretacion-de-la-universidad-de-malaga","status":"publish","type":"post","link":"https:\/\/www.upo.es\/investiga\/comintrad\/alice-stender-christine-limbach-y-carmen-alvarez-presentan-sus-ponencias-en-el-7o-congreso-internacional-entreculturas-de-traduccion-e-interpretacion-de-la-universidad-de-malaga\/","title":{"rendered":"C\u00e1rmen \u00c1lvarez, Alice Stender y Christine Limbach presentan sus ponencias en el 7\u00ba Congreso Internacional Entreculturas de Traducci\u00f3n e Interpretaci\u00f3n de la Universidad de M\u00e1laga"},"content":{"rendered":"\n<p>Durante los d\u00edas 26, 27 y 28 de junio se ha celebrado en la Universidad de M\u00e1laga el <strong>7\u00ba Congreso Internacional Entreculturas de Traducci\u00f3n e Interpretaci\u00f3n<\/strong>. En esta ocasi\u00f3n han participado tres miembros de COMINTRAD, las Dras. Carmen \u00c1lvarez, Alice Stender y Christiane Limbach.<\/p>\n\n\n\n<p>La Dra. Carmen \u00c1lvarez-Garc\u00eda present\u00f3 su ponencia <strong>\u00abCombinaci\u00f3n de traducci\u00f3n humana y posedici\u00f3n de traducci\u00f3n autom\u00e1tica en la formaci\u00f3n inicial en traducci\u00f3n (alem\u00e1n-espa\u00f1ol)\u00bb<\/strong> en la que reflexiona sobre la idoneidad de incluir la posedici\u00f3n de traducciones autom\u00e1ticas en la ense\u00f1anza de la traducci\u00f3n en las primeras etapas del aprendizaje. La autora present\u00f3 los resultados de un an\u00e1lisis realizado sobre una actividad llevada al aula en la que se combinaron la traducci\u00f3n humana y la posedici\u00f3n de traducci\u00f3n autom\u00e1tica, empleando para ello dos fragmentos consecutivos de un mismo texto. Se utiliz\u00f3 un corpus conformado por los trabajos de evaluaci\u00f3n de un grupo de 55 alumnos de la asignatura obligatoria \u201cTraducci\u00f3n de textos alemanes\u201d, que supone el primer contacto con la formaci\u00f3n en traducci\u00f3n para los estudiantes del Grado en Lengua y Literatura Alemanas de la Universidad de Sevilla (Espa\u00f1a). Tanto las posediciones como las traducciones fueron sometidas a una evaluaci\u00f3n anal\u00edtica, para lo que se establecieron categor\u00edas de errores con calificaci\u00f3n num\u00e9rica, as\u00ed como calificaciones sumativas por aciertos, con la intenci\u00f3n de otorgarles una nota final a cada proceso y comparar los resultados. De esta manera, se pretendi\u00f3 llegar a conclusiones sobre las diferencias en la calidad del texto producido por un alumno principiante cuando posedita una traducci\u00f3n autom\u00e1tica y cuando traduce sin empleo de motores autom\u00e1ticos.<\/p>\n\n\n\n<p>Por su parte, las Dras. Alice Stender y Christiane Limbach presentaron su ponencia <strong>\u00abInterpreting and ethical dilema: The case of the interpreter Missandei in the series Game of Thrones approached from different ethical codes\u00bb.<\/strong> En ella reflexionan sobre los problemas tan complejos a los que los int\u00e9rpretes se enfrentan y que tienen que abordar en su profesi\u00f3n. Para ello cogen como ejemplo a Missandei, el int\u00e9rprete de la famosa serie Juego de Tronos y se centran concretamente en su papel en el tercer cap\u00edtulo de la tercera temporada. Daenerys quiere comprar al ej\u00e9rcito de Kraznys&nbsp;y negocian el precio. Mientras interpreta para&nbsp;Kraznys,&nbsp;Missandei&nbsp;se enfrenta a numerosos retos entre los que se incluyen el tono insultante utilizado para dirigirse a la otra parte, su mala educaci\u00f3n, sus comentarios sexuales hacia Daenerys, etc.&nbsp;Aunque su comportamiento a veces es exagerado, no resulta at\u00edpico. Para ello, y a fin de entender la ayuda que pueden obtener los int\u00e9rpretes profesionales de los c\u00f3digos \u00e9ticos y c\u00f3mo pueden servirles de gu\u00eda en situaciones dif\u00edciles, se eval\u00faan distintos c\u00f3digos \u00e9ticos como el de the UK Institution of Translation and Interpreting, el c\u00f3digo de the UK\u2019s National Register of the Public Service Interpreters, el de the United Nations Mechanism for International Criminal Tribunals, el c\u00f3digo de ASATI, el de AIIC y el de Asetrad.   <\/p>\n\n\n\n<div class=\"wp-block-coblocks-gallery-carousel alignwide\"><div class=\"is-cropped coblocks-gallery has-caption-style-dark has-horizontal-gutter\"><div class=\"has-carousel has-carousel-lrg\" style=\"height:400px\" data-flickity=\"{&quot;autoPlay&quot;:false,&quot;draggable&quot;:true,&quot;pageDots&quot;:false,&quot;prevNextButtons&quot;:true,&quot;wrapAround&quot;:true,&quot;cellAlign&quot;:&quot;center&quot;,&quot;pauseAutoPlayOnHover&quot;:false,&quot;freeScroll&quot;:false,&quot;arrowShape&quot;:{&quot;x0&quot;:10,&quot;x1&quot;:60,&quot;y1&quot;:50,&quot;x2&quot;:65,&quot;y2&quot;:45,&quot;x3&quot;:20},&quot;thumbnails&quot;:false,&quot;responsiveHeight&quot;:false}\"><div class=\"coblocks-gallery--item\"><figure class=\"coblocks-gallery--figure has-margin-left-5 has-margin-left-mobile-5 has-margin-right-5 has-margin-right-mobile-5\"><img loading=\"lazy\" decoding=\"async\" width=\"1024\" height=\"691\" src=\"https:\/\/www.upo.es\/investiga\/comintrad\/wp-content\/uploads\/2019\/06\/Congreso-Entreculturas-1024x691.jpg\" alt=\"Cartel VII Congreso Entreculturas\" data-id=\"1505\" data-link=\"https:\/\/www.upo.es\/investiga\/comintrad\/alice-stender-christine-limbach-y-carmen-alvarez-presentan-sus-ponencias-en-el-7o-congreso-internacional-entreculturas-de-traduccion-e-interpretacion-de-la-universidad-de-malaga\/created-with-gimp-18\/\" class=\"wp-image-1505\" srcset=\"https:\/\/www.upo.es\/investiga\/comintrad\/wp-content\/uploads\/2019\/06\/Congreso-Entreculturas-1024x691.jpg 1024w, https:\/\/www.upo.es\/investiga\/comintrad\/wp-content\/uploads\/2019\/06\/Congreso-Entreculturas-300x203.jpg 300w, https:\/\/www.upo.es\/investiga\/comintrad\/wp-content\/uploads\/2019\/06\/Congreso-Entreculturas-768x518.jpg 768w, https:\/\/www.upo.es\/investiga\/comintrad\/wp-content\/uploads\/2019\/06\/Congreso-Entreculturas-540x365.jpg 540w, https:\/\/www.upo.es\/investiga\/comintrad\/wp-content\/uploads\/2019\/06\/Congreso-Entreculturas.jpg 1080w\" sizes=\"(max-width: 1024px) 100vw, 1024px\" \/><\/figure><\/div><div class=\"coblocks-gallery--item\"><figure class=\"coblocks-gallery--figure has-margin-left-5 has-margin-left-mobile-5 has-margin-right-5 has-margin-right-mobile-5\"><img loading=\"lazy\" decoding=\"async\" width=\"1024\" height=\"768\" src=\"https:\/\/www.upo.es\/investiga\/comintrad\/wp-content\/uploads\/2020\/11\/Congreso_Entreculturas_2019_2-Carmen-A\u0301lvarez-1-1024x768.jpg\" alt=\"\" data-id=\"1500\" data-link=\"https:\/\/www.upo.es\/investiga\/comintrad\/alice-stender-christine-limbach-y-carmen-alvarez-presentan-sus-ponencias-en-el-7o-congreso-internacional-entreculturas-de-traduccion-e-interpretacion-de-la-universidad-de-malaga\/congreso_entreculturas_2019_2-carmen-alvarez-1\/\" class=\"wp-image-1500\" srcset=\"https:\/\/www.upo.es\/investiga\/comintrad\/wp-content\/uploads\/2020\/11\/Congreso_Entreculturas_2019_2-Carmen-A\u0301lvarez-1-1024x768.jpg 1024w, https:\/\/www.upo.es\/investiga\/comintrad\/wp-content\/uploads\/2020\/11\/Congreso_Entreculturas_2019_2-Carmen-A\u0301lvarez-1-300x225.jpg 300w, https:\/\/www.upo.es\/investiga\/comintrad\/wp-content\/uploads\/2020\/11\/Congreso_Entreculturas_2019_2-Carmen-A\u0301lvarez-1-768x576.jpg 768w, https:\/\/www.upo.es\/investiga\/comintrad\/wp-content\/uploads\/2020\/11\/Congreso_Entreculturas_2019_2-Carmen-A\u0301lvarez-1-1536x1152.jpg 1536w, https:\/\/www.upo.es\/investiga\/comintrad\/wp-content\/uploads\/2020\/11\/Congreso_Entreculturas_2019_2-Carmen-A\u0301lvarez-1-540x405.jpg 540w, https:\/\/www.upo.es\/investiga\/comintrad\/wp-content\/uploads\/2020\/11\/Congreso_Entreculturas_2019_2-Carmen-A\u0301lvarez-1-1080x810.jpg 1080w, https:\/\/www.upo.es\/investiga\/comintrad\/wp-content\/uploads\/2020\/11\/Congreso_Entreculturas_2019_2-Carmen-A\u0301lvarez-1.jpg 1600w\" sizes=\"(max-width: 1024px) 100vw, 1024px\" \/><\/figure><\/div><div class=\"coblocks-gallery--item\"><figure class=\"coblocks-gallery--figure has-margin-left-5 has-margin-left-mobile-5 has-margin-right-5 has-margin-right-mobile-5\"><img loading=\"lazy\" decoding=\"async\" width=\"1024\" height=\"768\" src=\"https:\/\/www.upo.es\/investiga\/comintrad\/wp-content\/uploads\/2020\/11\/Congreso_Entreculturas_2019_4-Carmen-A\u0301lvarez-1-1024x768.jpg\" alt=\"\" data-id=\"1502\" data-link=\"https:\/\/www.upo.es\/investiga\/comintrad\/alice-stender-christine-limbach-y-carmen-alvarez-presentan-sus-ponencias-en-el-7o-congreso-internacional-entreculturas-de-traduccion-e-interpretacion-de-la-universidad-de-malaga\/congreso_entreculturas_2019_4-carmen-alvarez-1\/\" class=\"wp-image-1502\" srcset=\"https:\/\/www.upo.es\/investiga\/comintrad\/wp-content\/uploads\/2020\/11\/Congreso_Entreculturas_2019_4-Carmen-A\u0301lvarez-1-1024x768.jpg 1024w, https:\/\/www.upo.es\/investiga\/comintrad\/wp-content\/uploads\/2020\/11\/Congreso_Entreculturas_2019_4-Carmen-A\u0301lvarez-1-300x225.jpg 300w, https:\/\/www.upo.es\/investiga\/comintrad\/wp-content\/uploads\/2020\/11\/Congreso_Entreculturas_2019_4-Carmen-A\u0301lvarez-1-768x576.jpg 768w, https:\/\/www.upo.es\/investiga\/comintrad\/wp-content\/uploads\/2020\/11\/Congreso_Entreculturas_2019_4-Carmen-A\u0301lvarez-1-1536x1152.jpg 1536w, https:\/\/www.upo.es\/investiga\/comintrad\/wp-content\/uploads\/2020\/11\/Congreso_Entreculturas_2019_4-Carmen-A\u0301lvarez-1-2048x1536.jpg 2048w, https:\/\/www.upo.es\/investiga\/comintrad\/wp-content\/uploads\/2020\/11\/Congreso_Entreculturas_2019_4-Carmen-A\u0301lvarez-1-540x405.jpg 540w, https:\/\/www.upo.es\/investiga\/comintrad\/wp-content\/uploads\/2020\/11\/Congreso_Entreculturas_2019_4-Carmen-A\u0301lvarez-1-1080x810.jpg 1080w, https:\/\/www.upo.es\/investiga\/comintrad\/wp-content\/uploads\/2020\/11\/Congreso_Entreculturas_2019_4-Carmen-A\u0301lvarez-1-1980x1485.jpg 1980w\" sizes=\"(max-width: 1024px) 100vw, 1024px\" \/><\/figure><\/div><div class=\"coblocks-gallery--item\"><figure class=\"coblocks-gallery--figure has-margin-left-5 has-margin-left-mobile-5 has-margin-right-5 has-margin-right-mobile-5\"><img loading=\"lazy\" decoding=\"async\" width=\"1024\" height=\"768\" src=\"https:\/\/www.upo.es\/investiga\/comintrad\/wp-content\/uploads\/2020\/11\/Congreso_Entreculturas_2019_1-1024x768.jpg\" alt=\"\" data-id=\"1798\" data-link=\"https:\/\/www.upo.es\/investiga\/comintrad\/alice-stender-christine-limbach-y-carmen-alvarez-presentan-sus-ponencias-en-el-7o-congreso-internacional-entreculturas-de-traduccion-e-interpretacion-de-la-universidad-de-malaga\/congreso_entreculturas_2019_1\/\" class=\"wp-image-1798\" srcset=\"https:\/\/www.upo.es\/investiga\/comintrad\/wp-content\/uploads\/2020\/11\/Congreso_Entreculturas_2019_1-1024x768.jpg 1024w, https:\/\/www.upo.es\/investiga\/comintrad\/wp-content\/uploads\/2020\/11\/Congreso_Entreculturas_2019_1-300x225.jpg 300w, https:\/\/www.upo.es\/investiga\/comintrad\/wp-content\/uploads\/2020\/11\/Congreso_Entreculturas_2019_1-768x576.jpg 768w, https:\/\/www.upo.es\/investiga\/comintrad\/wp-content\/uploads\/2020\/11\/Congreso_Entreculturas_2019_1-1536x1152.jpg 1536w, https:\/\/www.upo.es\/investiga\/comintrad\/wp-content\/uploads\/2020\/11\/Congreso_Entreculturas_2019_1-540x405.jpg 540w, https:\/\/www.upo.es\/investiga\/comintrad\/wp-content\/uploads\/2020\/11\/Congreso_Entreculturas_2019_1-1080x810.jpg 1080w, https:\/\/www.upo.es\/investiga\/comintrad\/wp-content\/uploads\/2020\/11\/Congreso_Entreculturas_2019_1.jpg 1600w\" sizes=\"(max-width: 1024px) 100vw, 1024px\" \/><\/figure><\/div><\/div><\/div><figcaption class=\"coblocks-gallery--caption coblocks-gallery--primary-caption\">Alice Stender, Christiane Limbach y Carmen \u00c1lvarez en el VII Congreso Internacional Entreculturas, Universidad de M\u00e1laga<\/figcaption><\/div>\n\n\n\n<div style=\"height:57px\" aria-hidden=\"true\" class=\"wp-block-spacer\"><\/div>\n\n\n\n<p><strong>Comparte esta noticia:<\/strong><\/p>\n\n\n","protected":false},"excerpt":{"rendered":"<p>Durante los d\u00edas 26, 27 y 28 de junio se ha celebrado en la Universidad de M\u00e1laga el 7\u00ba Congreso Internacional Entreculturas de Traducci\u00f3n e Interpretaci\u00f3n. En esta&hellip;<\/p>\n","protected":false},"author":1,"featured_media":1505,"comment_status":"closed","ping_status":"open","sticky":false,"template":"","format":"standard","meta":{"footnotes":""},"categories":[208,89,21],"tags":[232,113,136,118,202,203,154,201,204],"class_list":["post-1496","post","type-post","status-publish","format-standard","has-post-thumbnail","hentry","category-actividades","category-eventos","category-noticias","tag-232","tag-alice-stender","tag-carmen-alvarez-es","tag-christiane-limbach","tag-didactica-de-la-tei","tag-formacion-en-traduccion","tag-interpretacion","tag-posedicion","tag-traduccion-automatica"],"_links":{"self":[{"href":"https:\/\/www.upo.es\/investiga\/comintrad\/wp-json\/wp\/v2\/posts\/1496"}],"collection":[{"href":"https:\/\/www.upo.es\/investiga\/comintrad\/wp-json\/wp\/v2\/posts"}],"about":[{"href":"https:\/\/www.upo.es\/investiga\/comintrad\/wp-json\/wp\/v2\/types\/post"}],"author":[{"embeddable":true,"href":"https:\/\/www.upo.es\/investiga\/comintrad\/wp-json\/wp\/v2\/users\/1"}],"replies":[{"embeddable":true,"href":"https:\/\/www.upo.es\/investiga\/comintrad\/wp-json\/wp\/v2\/comments?post=1496"}],"version-history":[{"count":23,"href":"https:\/\/www.upo.es\/investiga\/comintrad\/wp-json\/wp\/v2\/posts\/1496\/revisions"}],"predecessor-version":[{"id":4285,"href":"https:\/\/www.upo.es\/investiga\/comintrad\/wp-json\/wp\/v2\/posts\/1496\/revisions\/4285"}],"wp:featuredmedia":[{"embeddable":true,"href":"https:\/\/www.upo.es\/investiga\/comintrad\/wp-json\/wp\/v2\/media\/1505"}],"wp:attachment":[{"href":"https:\/\/www.upo.es\/investiga\/comintrad\/wp-json\/wp\/v2\/media?parent=1496"}],"wp:term":[{"taxonomy":"category","embeddable":true,"href":"https:\/\/www.upo.es\/investiga\/comintrad\/wp-json\/wp\/v2\/categories?post=1496"},{"taxonomy":"post_tag","embeddable":true,"href":"https:\/\/www.upo.es\/investiga\/comintrad\/wp-json\/wp\/v2\/tags?post=1496"}],"curies":[{"name":"wp","href":"https:\/\/api.w.org\/{rel}","templated":true}]}}