{"id":1614,"date":"2019-10-20T15:25:27","date_gmt":"2019-10-20T13:25:27","guid":{"rendered":"https:\/\/www.upo.es\/investiga\/comintrad\/?p=1614"},"modified":"2021-02-16T22:39:10","modified_gmt":"2021-02-16T21:39:10","slug":"christiane-limbach-participa-en-el-x-congreso-de-la-federacion-de-asociaciones-de-germanistas-en-espana","status":"publish","type":"post","link":"https:\/\/www.upo.es\/investiga\/comintrad\/christiane-limbach-participa-en-el-x-congreso-de-la-federacion-de-asociaciones-de-germanistas-en-espana\/","title":{"rendered":"Christiane Limbach participa en el X Congreso de la Federaci\u00f3n de Asociaciones de Germanistas en Espa\u00f1a"},"content":{"rendered":"\n<p>La Dra. Christiane Limbach ha participado en el <em>X Congreso de la Federaci\u00f3n de Asociaciones de Germanistas en Espa\u00f1a (FAGE): \u00ab\u00bf\u00a1Qui\u00e9n la sigue, la consigue?! Alem\u00e1n en el trabajo, la profesi\u00f3n y la investigaci\u00f3n\u00bb<\/em>. <\/p>\n\n\n\n<p>El evento, que ha tenido lugar en Logro\u00f1o entre el 17 y el 19 de Octubre,  ha reunido a expertos para la analizar la situaci\u00f3n de la lengua alemana en Espa\u00f1a en los \u00faltimos a\u00f1os, con el objetivo de averiguar si mantiene su atractivo en el \u00e1mbito del trabajo, la profesi\u00f3n y la investigaci\u00f3n. Al mismo tiempo, ha puesto de manifiesto la necesidad de elaborarse estrategias y definir metas del futuro para mejorar la posici\u00f3n de la lengua y cultura alemanas. Este congreso ha querido ser un lugar de encuentro donde expertos en germanistas pudieran intercambiar experiencias, proyectos, deseos y sue\u00f1os, en todas sus secciones: alem\u00e1n como lengua extranjera\/did\u00e1ctica, ling\u00fc\u00edstica, literatura, traducci\u00f3n\/interpretaci\u00f3n y estudios culturales. Pero no solamente dentro de estas secciones, sino tambi\u00e9n de manera interdisciplinar entre las mismas.<\/p>\n\n\n\n<p>La Dra. Christiane Limbach ha participado con la ponencia \u00ab\u00dcbersetzen und Barrierefreiheit: ein wachsender Arbeitsmarkt f\u00fcr \u00dcbersetzer (Traducci\u00f3n y accesibilidad: un mercado laboral creciente para traductores). <\/p>\n\n\n\n<figure class=\"wp-block-image size-large\"><img loading=\"lazy\" decoding=\"async\" width=\"1024\" height=\"768\" src=\"https:\/\/www.upo.es\/investiga\/comintrad\/wp-content\/uploads\/2020\/11\/20191018_163629-Chris-Limbach-1024x768.jpg\" alt=\"\" class=\"wp-image-1617\" srcset=\"https:\/\/www.upo.es\/investiga\/comintrad\/wp-content\/uploads\/2020\/11\/20191018_163629-Chris-Limbach-1024x768.jpg 1024w, https:\/\/www.upo.es\/investiga\/comintrad\/wp-content\/uploads\/2020\/11\/20191018_163629-Chris-Limbach-300x225.jpg 300w, https:\/\/www.upo.es\/investiga\/comintrad\/wp-content\/uploads\/2020\/11\/20191018_163629-Chris-Limbach-768x576.jpg 768w, https:\/\/www.upo.es\/investiga\/comintrad\/wp-content\/uploads\/2020\/11\/20191018_163629-Chris-Limbach-1536x1152.jpg 1536w, https:\/\/www.upo.es\/investiga\/comintrad\/wp-content\/uploads\/2020\/11\/20191018_163629-Chris-Limbach-2048x1536.jpg 2048w, https:\/\/www.upo.es\/investiga\/comintrad\/wp-content\/uploads\/2020\/11\/20191018_163629-Chris-Limbach-540x405.jpg 540w, https:\/\/www.upo.es\/investiga\/comintrad\/wp-content\/uploads\/2020\/11\/20191018_163629-Chris-Limbach-1080x810.jpg 1080w, https:\/\/www.upo.es\/investiga\/comintrad\/wp-content\/uploads\/2020\/11\/20191018_163629-Chris-Limbach-1980x1485.jpg 1980w\" sizes=\"(max-width: 1024px) 100vw, 1024px\" \/><\/figure>\n\n\n\n<div style=\"height:57px\" aria-hidden=\"true\" class=\"wp-block-spacer\"><\/div>\n\n\n\n<p><strong>Comparte esta noticia:<\/strong><\/p>\n\n\n","protected":false},"excerpt":{"rendered":"<p>La Dra. Christiane Limbach ha participado en el X Congreso de la Federaci\u00f3n de Asociaciones de Germanistas en Espa\u00f1a (FAGE): \u00ab\u00bf\u00a1Qui\u00e9n la sigue, la consigue?! Alem\u00e1n en el&hellip;<\/p>\n","protected":false},"author":1,"featured_media":1619,"comment_status":"closed","ping_status":"open","sticky":false,"template":"","format":"standard","meta":{"footnotes":""},"categories":[208,89,21],"tags":[232,118,111],"class_list":["post-1614","post","type-post","status-publish","format-standard","has-post-thumbnail","hentry","category-actividades","category-eventos","category-noticias","tag-232","tag-christiane-limbach","tag-traduccion-accesible"],"_links":{"self":[{"href":"https:\/\/www.upo.es\/investiga\/comintrad\/wp-json\/wp\/v2\/posts\/1614"}],"collection":[{"href":"https:\/\/www.upo.es\/investiga\/comintrad\/wp-json\/wp\/v2\/posts"}],"about":[{"href":"https:\/\/www.upo.es\/investiga\/comintrad\/wp-json\/wp\/v2\/types\/post"}],"author":[{"embeddable":true,"href":"https:\/\/www.upo.es\/investiga\/comintrad\/wp-json\/wp\/v2\/users\/1"}],"replies":[{"embeddable":true,"href":"https:\/\/www.upo.es\/investiga\/comintrad\/wp-json\/wp\/v2\/comments?post=1614"}],"version-history":[{"count":6,"href":"https:\/\/www.upo.es\/investiga\/comintrad\/wp-json\/wp\/v2\/posts\/1614\/revisions"}],"predecessor-version":[{"id":2586,"href":"https:\/\/www.upo.es\/investiga\/comintrad\/wp-json\/wp\/v2\/posts\/1614\/revisions\/2586"}],"wp:featuredmedia":[{"embeddable":true,"href":"https:\/\/www.upo.es\/investiga\/comintrad\/wp-json\/wp\/v2\/media\/1619"}],"wp:attachment":[{"href":"https:\/\/www.upo.es\/investiga\/comintrad\/wp-json\/wp\/v2\/media?parent=1614"}],"wp:term":[{"taxonomy":"category","embeddable":true,"href":"https:\/\/www.upo.es\/investiga\/comintrad\/wp-json\/wp\/v2\/categories?post=1614"},{"taxonomy":"post_tag","embeddable":true,"href":"https:\/\/www.upo.es\/investiga\/comintrad\/wp-json\/wp\/v2\/tags?post=1614"}],"curies":[{"name":"wp","href":"https:\/\/api.w.org\/{rel}","templated":true}]}}