{"id":1646,"date":"2020-02-05T18:57:00","date_gmt":"2020-02-05T17:57:00","guid":{"rendered":"https:\/\/www.upo.es\/investiga\/comintrad\/?p=1646"},"modified":"2021-03-17T17:54:55","modified_gmt":"2021-03-17T16:54:55","slug":"ana-medina-y-patricia-balaguer-colaboran-con-el-programa-fevida-de-la-upo","status":"publish","type":"post","link":"https:\/\/www.upo.es\/investiga\/comintrad\/ana-medina-y-patricia-balaguer-colaboran-con-el-programa-fevida-de-la-upo\/","title":{"rendered":"Ana Medina y Patricia Balaguer colaboran con el programa FEVIDA de la UPO"},"content":{"rendered":"\n<p>Las profesoras Ana Medina Reguera y Patricia Balaguer colaboran desde febrero de 2020 con el programa FEVIDA de la UPO mediante la validaci\u00f3n de material acad\u00e9mico para su adaptaci\u00f3n a lectura f\u00e1cil. FEVIDA es un T\u00edtulo Propio de Formaci\u00f3n para el empleo y la vida aut\u00f3noma de personas con diversidad funcional cognitiva de la Universidad Pablo de Olavide. <\/p>\n\n\n\n<p>La lectura f\u00e1cil es un m\u00e9todo para redactar, dise\u00f1ar, maquetar, adaptar, traducir o validar textos siguiendo un conjunto de pautas y recomendaciones que aseguran la comprensibilidad de los mismos, destinado a hacer visible la informaci\u00f3n a las personas con dificultades de comprensi\u00f3n lectora. Es, por tanto, una herramienta de accesibilidad cognitiva y est\u00e1 considerada un producto de apoyo. La accesibilidad cognitiva es una forma de proporcionar informaci\u00f3n que las personas entiendan de manera clara, que se puede aplicar a cualquier \u00e1rea y que puede ser \u00fatil para todas las personas, aunque no tengan discapacidad.<\/p>\n\n\n\n<p>FEVIDA est\u00e1 financiado por la Fundaci\u00f3n ONCE, gestionado por la Fundaci\u00f3n Universidad Pablo de Olavide y cuenta con la colaboraci\u00f3n de entidades como Down Sevilla y la Asociaci\u00f3n Paz y Bien.<\/p>\n\n\n\n<figure class=\"wp-block-image size-large\"><img loading=\"lazy\" decoding=\"async\" width=\"1024\" height=\"524\" src=\"https:\/\/www.upo.es\/investiga\/comintrad\/wp-content\/uploads\/2020\/02\/89543312_2593191470960079_341690615769071616_o-1024x524.jpg\" alt=\"Foto grupal reuni\u00f3n FEVIDA\" class=\"wp-image-1683\" srcset=\"https:\/\/www.upo.es\/investiga\/comintrad\/wp-content\/uploads\/2020\/02\/89543312_2593191470960079_341690615769071616_o-1024x524.jpg 1024w, https:\/\/www.upo.es\/investiga\/comintrad\/wp-content\/uploads\/2020\/02\/89543312_2593191470960079_341690615769071616_o-300x154.jpg 300w, https:\/\/www.upo.es\/investiga\/comintrad\/wp-content\/uploads\/2020\/02\/89543312_2593191470960079_341690615769071616_o-768x393.jpg 768w, https:\/\/www.upo.es\/investiga\/comintrad\/wp-content\/uploads\/2020\/02\/89543312_2593191470960079_341690615769071616_o-540x276.jpg 540w, https:\/\/www.upo.es\/investiga\/comintrad\/wp-content\/uploads\/2020\/02\/89543312_2593191470960079_341690615769071616_o-1080x553.jpg 1080w, https:\/\/www.upo.es\/investiga\/comintrad\/wp-content\/uploads\/2020\/02\/89543312_2593191470960079_341690615769071616_o.jpg 1200w\" sizes=\"(max-width: 1024px) 100vw, 1024px\" \/><figcaption>De izqda a derecha, Patricia Balaguer, Ana Medina y miembros del equipo del programa FEVIDA<\/figcaption><\/figure>\n\n\n\n<div style=\"height:57px\" aria-hidden=\"true\" class=\"wp-block-spacer\"><\/div>\n\n\n\n<p><strong>Comparte esta noticia:<\/strong><\/p>\n\n\n","protected":false},"excerpt":{"rendered":"<p>Las profesoras Ana Medina Reguera y Patricia Balaguer colaboran desde febrero de 2020 con el programa FEVIDA de la UPO mediante la validaci\u00f3n de material acad\u00e9mico para su&hellip;<\/p>\n","protected":false},"author":1,"featured_media":1686,"comment_status":"closed","ping_status":"open","sticky":false,"template":"","format":"standard","meta":{"footnotes":""},"categories":[21],"tags":[230,144,289,112,122,111],"class_list":["post-1646","post","type-post","status-publish","format-standard","has-post-thumbnail","hentry","category-noticias","tag-230","tag-ana-medina-es","tag-fevida","tag-lectura-facil","tag-patricia-balaguer-es","tag-traduccion-accesible"],"_links":{"self":[{"href":"https:\/\/www.upo.es\/investiga\/comintrad\/wp-json\/wp\/v2\/posts\/1646"}],"collection":[{"href":"https:\/\/www.upo.es\/investiga\/comintrad\/wp-json\/wp\/v2\/posts"}],"about":[{"href":"https:\/\/www.upo.es\/investiga\/comintrad\/wp-json\/wp\/v2\/types\/post"}],"author":[{"embeddable":true,"href":"https:\/\/www.upo.es\/investiga\/comintrad\/wp-json\/wp\/v2\/users\/1"}],"replies":[{"embeddable":true,"href":"https:\/\/www.upo.es\/investiga\/comintrad\/wp-json\/wp\/v2\/comments?post=1646"}],"version-history":[{"count":6,"href":"https:\/\/www.upo.es\/investiga\/comintrad\/wp-json\/wp\/v2\/posts\/1646\/revisions"}],"predecessor-version":[{"id":2161,"href":"https:\/\/www.upo.es\/investiga\/comintrad\/wp-json\/wp\/v2\/posts\/1646\/revisions\/2161"}],"wp:featuredmedia":[{"embeddable":true,"href":"https:\/\/www.upo.es\/investiga\/comintrad\/wp-json\/wp\/v2\/media\/1686"}],"wp:attachment":[{"href":"https:\/\/www.upo.es\/investiga\/comintrad\/wp-json\/wp\/v2\/media?parent=1646"}],"wp:term":[{"taxonomy":"category","embeddable":true,"href":"https:\/\/www.upo.es\/investiga\/comintrad\/wp-json\/wp\/v2\/categories?post=1646"},{"taxonomy":"post_tag","embeddable":true,"href":"https:\/\/www.upo.es\/investiga\/comintrad\/wp-json\/wp\/v2\/tags?post=1646"}],"curies":[{"name":"wp","href":"https:\/\/api.w.org\/{rel}","templated":true}]}}