{"id":1660,"date":"2018-06-30T20:31:00","date_gmt":"2018-06-30T18:31:00","guid":{"rendered":"https:\/\/www.upo.es\/investiga\/comintrad\/?p=1660"},"modified":"2021-03-17T17:58:45","modified_gmt":"2021-03-17T16:58:45","slug":"ana-medina-reguera-cristina-ramirez-delgado-y-alice-stender-participan-en-el-iii-congreso-internacional-de-traduccion-economica-comercial-financiera-e-institucional-de-la-universidad-de-alicante","status":"publish","type":"post","link":"https:\/\/www.upo.es\/investiga\/comintrad\/ana-medina-reguera-cristina-ramirez-delgado-y-alice-stender-participan-en-el-iii-congreso-internacional-de-traduccion-economica-comercial-financiera-e-institucional-de-la-universidad-de-alicante\/","title":{"rendered":"Ana Medina Reguera, Cristina Ramirez Delgado y Alice Stender participan en el III Congreso Internacional de Traducci\u00f3n Econ\u00f3mica, Comercial, Financiera e Institucional de la Universidad de Alicante"},"content":{"rendered":"\n<p>Durante los d\u00edas 27, 28 y 29 de junio ha tenido lugar en Alicante el <strong>III Congreso Internacional de Traducci\u00f3n Econ\u00f3mica, Comercial, Financiera e Institucional de la Universidad de Alicante<\/strong>. Este evento ha reunido a profesionales de la traducci\u00f3n de universidades de todo el mundo especializados en la traducci\u00f3n econ\u00f3mica, comercial, financiera e institucional. <\/p>\n\n\n\n<p>La traducci\u00f3n econ\u00f3mica, comercial, financiera e institucional desempe\u00f1a un papel principal, materializado, en el mercado profesional de la traducci\u00f3n, en un volumen de trabajo que supera otros tipos de traducci\u00f3n, como la traducci\u00f3n literaria, menos accesible a la mayor parte   de los traductores. Muchos de los centros de formaci\u00f3n de traductores e int\u00e9rpretes son conscientes de esta realidad y de la consecuente necesidad de formar en este \u00e1mbito. As\u00ed lo demuestran sus planes de estudio, que incluyen asignaturas no solo de traducci\u00f3n especializada, sino tambi\u00e9n de traducci\u00f3n econ\u00f3mica o institucional. No obstante, si bien son cada vez m\u00e1s los formadores e investigadores que estudian los entresijos de este tipo de traducci\u00f3n en relaci\u00f3n con los distintos elementos con los que interact\u00faa la traducci\u00f3n, como la terminolog\u00eda, las nuevas tecnolog\u00edas, la docencia, el an\u00e1lisis contrastivo, los encargos de traducci\u00f3n, etc., no parece que, a d\u00eda de hoy, la producci\u00f3n investigadora en este tipo de traducci\u00f3n tenga el mismo volumen que, por ejemplo, la referida a la traducci\u00f3n literaria.<\/p>\n\n\n\n<p>Entre los ponentes del congreso se encontraban tres profesoras del Departamento de Filolog\u00eda y Traducci\u00f3n de la UPO y miembros de COMINTRAD. Las Dras. Ana Medina Reguera y Cristina Ram\u00edrez Delgado (Universidad Pablo de Olavide, Spain) presentaron su ponencia \u00abEstudio de la calidad de la traducci\u00f3n de sitios web corporativos sobre el aceite de oliva (OLICORP)\u00bb. Por su parte, las Dras. Alice Stender y Ana Medina presentaron su ponencia \u00abLas siglas y abreviaturas de la crisis econ\u00f3mica en alem\u00e1n y espa\u00f1ol en contraste\u00bb. <\/p>\n\n\n\n<div class=\"wp-block-coblocks-gallery-carousel\"><div class=\"is-cropped coblocks-gallery has-no-alignment has-caption-style-dark has-horizontal-gutter\"><div class=\"has-carousel has-carousel-lrg\" style=\"height:400px\" data-flickity=\"{&quot;autoPlay&quot;:false,&quot;draggable&quot;:true,&quot;pageDots&quot;:false,&quot;prevNextButtons&quot;:true,&quot;wrapAround&quot;:true,&quot;cellAlign&quot;:&quot;center&quot;,&quot;pauseAutoPlayOnHover&quot;:false,&quot;freeScroll&quot;:false,&quot;arrowShape&quot;:{&quot;x0&quot;:10,&quot;x1&quot;:60,&quot;y1&quot;:50,&quot;x2&quot;:65,&quot;y2&quot;:45,&quot;x3&quot;:20},&quot;thumbnails&quot;:false,&quot;responsiveHeight&quot;:false}\"><div class=\"coblocks-gallery--item\"><figure class=\"coblocks-gallery--figure has-margin-left-5 has-margin-left-mobile-5 has-margin-right-5 has-margin-right-mobile-5\"><img loading=\"lazy\" decoding=\"async\" width=\"1024\" height=\"768\" src=\"https:\/\/www.upo.es\/investiga\/comintrad\/wp-content\/uploads\/2020\/11\/dddc3f05-6cb2-4d96-8785-e605fa493c00-1-1024x768.jpg\" alt=\"\" data-id=\"1665\" data-link=\"https:\/\/www.upo.es\/investiga\/comintrad\/ana-medina-reguera-cristina-ramirez-delgado-y-alice-stender-participan-en-el-iii-congreso-internacional-de-traduccion-economica-comercial-financiera-e-institucional-de-la-universidad-de-alicante\/dddc3f05-6cb2-4d96-8785-e605fa493c00-1\/\" class=\"wp-image-1665\" srcset=\"https:\/\/www.upo.es\/investiga\/comintrad\/wp-content\/uploads\/2020\/11\/dddc3f05-6cb2-4d96-8785-e605fa493c00-1-1024x768.jpg 1024w, https:\/\/www.upo.es\/investiga\/comintrad\/wp-content\/uploads\/2020\/11\/dddc3f05-6cb2-4d96-8785-e605fa493c00-1-300x225.jpg 300w, https:\/\/www.upo.es\/investiga\/comintrad\/wp-content\/uploads\/2020\/11\/dddc3f05-6cb2-4d96-8785-e605fa493c00-1-768x576.jpg 768w, https:\/\/www.upo.es\/investiga\/comintrad\/wp-content\/uploads\/2020\/11\/dddc3f05-6cb2-4d96-8785-e605fa493c00-1-1536x1152.jpg 1536w, https:\/\/www.upo.es\/investiga\/comintrad\/wp-content\/uploads\/2020\/11\/dddc3f05-6cb2-4d96-8785-e605fa493c00-1-540x405.jpg 540w, https:\/\/www.upo.es\/investiga\/comintrad\/wp-content\/uploads\/2020\/11\/dddc3f05-6cb2-4d96-8785-e605fa493c00-1-1080x810.jpg 1080w, https:\/\/www.upo.es\/investiga\/comintrad\/wp-content\/uploads\/2020\/11\/dddc3f05-6cb2-4d96-8785-e605fa493c00-1.jpg 1600w\" sizes=\"(max-width: 1024px) 100vw, 1024px\" \/><\/figure><\/div><div class=\"coblocks-gallery--item\"><figure class=\"coblocks-gallery--figure has-margin-left-5 has-margin-left-mobile-5 has-margin-right-5 has-margin-right-mobile-5\"><img loading=\"lazy\" decoding=\"async\" width=\"1024\" height=\"768\" src=\"https:\/\/www.upo.es\/investiga\/comintrad\/wp-content\/uploads\/2020\/11\/PHOTO-2018-06-28-11-12-21-1024x768.jpg\" alt=\"\" data-id=\"1666\" data-link=\"https:\/\/www.upo.es\/investiga\/comintrad\/ana-medina-reguera-cristina-ramirez-delgado-y-alice-stender-participan-en-el-iii-congreso-internacional-de-traduccion-economica-comercial-financiera-e-institucional-de-la-universidad-de-alicante\/photo-2018-06-28-11-12-21\/\" class=\"wp-image-1666\" srcset=\"https:\/\/www.upo.es\/investiga\/comintrad\/wp-content\/uploads\/2020\/11\/PHOTO-2018-06-28-11-12-21-1024x768.jpg 1024w, https:\/\/www.upo.es\/investiga\/comintrad\/wp-content\/uploads\/2020\/11\/PHOTO-2018-06-28-11-12-21-300x225.jpg 300w, https:\/\/www.upo.es\/investiga\/comintrad\/wp-content\/uploads\/2020\/11\/PHOTO-2018-06-28-11-12-21-768x576.jpg 768w, https:\/\/www.upo.es\/investiga\/comintrad\/wp-content\/uploads\/2020\/11\/PHOTO-2018-06-28-11-12-21-1536x1152.jpg 1536w, https:\/\/www.upo.es\/investiga\/comintrad\/wp-content\/uploads\/2020\/11\/PHOTO-2018-06-28-11-12-21-540x405.jpg 540w, https:\/\/www.upo.es\/investiga\/comintrad\/wp-content\/uploads\/2020\/11\/PHOTO-2018-06-28-11-12-21-1080x810.jpg 1080w, https:\/\/www.upo.es\/investiga\/comintrad\/wp-content\/uploads\/2020\/11\/PHOTO-2018-06-28-11-12-21.jpg 1600w\" sizes=\"(max-width: 1024px) 100vw, 1024px\" \/><\/figure><\/div><\/div><\/div><\/div>\n\n\n\n<div style=\"height:57px\" aria-hidden=\"true\" class=\"wp-block-spacer\"><\/div>\n\n\n\n<p><strong>Comparte esta noticia:<\/strong><\/p>\n\n\n","protected":false},"excerpt":{"rendered":"<p>Durante los d\u00edas 27, 28 y 29 de junio ha tenido lugar en Alicante el III Congreso Internacional de Traducci\u00f3n Econ\u00f3mica, Comercial, Financiera e Institucional de la Universidad&hellip;<\/p>\n","protected":false},"author":1,"featured_media":1669,"comment_status":"closed","ping_status":"open","sticky":false,"template":"","format":"standard","meta":{"footnotes":""},"categories":[208,89,21],"tags":[234,144,293,128,101,164],"class_list":["post-1660","post","type-post","status-publish","format-standard","has-post-thumbnail","hentry","category-actividades","category-eventos","category-noticias","tag-234","tag-ana-medina-es","tag-congreso","tag-cristina-ramirez","tag-localizacion-web","tag-traduccion-economica"],"_links":{"self":[{"href":"https:\/\/www.upo.es\/investiga\/comintrad\/wp-json\/wp\/v2\/posts\/1660"}],"collection":[{"href":"https:\/\/www.upo.es\/investiga\/comintrad\/wp-json\/wp\/v2\/posts"}],"about":[{"href":"https:\/\/www.upo.es\/investiga\/comintrad\/wp-json\/wp\/v2\/types\/post"}],"author":[{"embeddable":true,"href":"https:\/\/www.upo.es\/investiga\/comintrad\/wp-json\/wp\/v2\/users\/1"}],"replies":[{"embeddable":true,"href":"https:\/\/www.upo.es\/investiga\/comintrad\/wp-json\/wp\/v2\/comments?post=1660"}],"version-history":[{"count":8,"href":"https:\/\/www.upo.es\/investiga\/comintrad\/wp-json\/wp\/v2\/posts\/1660\/revisions"}],"predecessor-version":[{"id":2592,"href":"https:\/\/www.upo.es\/investiga\/comintrad\/wp-json\/wp\/v2\/posts\/1660\/revisions\/2592"}],"wp:featuredmedia":[{"embeddable":true,"href":"https:\/\/www.upo.es\/investiga\/comintrad\/wp-json\/wp\/v2\/media\/1669"}],"wp:attachment":[{"href":"https:\/\/www.upo.es\/investiga\/comintrad\/wp-json\/wp\/v2\/media?parent=1660"}],"wp:term":[{"taxonomy":"category","embeddable":true,"href":"https:\/\/www.upo.es\/investiga\/comintrad\/wp-json\/wp\/v2\/categories?post=1660"},{"taxonomy":"post_tag","embeddable":true,"href":"https:\/\/www.upo.es\/investiga\/comintrad\/wp-json\/wp\/v2\/tags?post=1660"}],"curies":[{"name":"wp","href":"https:\/\/api.w.org\/{rel}","templated":true}]}}