{"id":1712,"date":"2019-09-09T20:04:27","date_gmt":"2019-09-09T18:04:27","guid":{"rendered":"https:\/\/www.upo.es\/investiga\/comintrad\/?p=1712"},"modified":"2022-07-08T15:28:06","modified_gmt":"2022-07-08T13:28:06","slug":"ana-medina-hace-posible-que-rocio-herrezuelo-presente-su-tfg","status":"publish","type":"post","link":"https:\/\/www.upo.es\/investiga\/comintrad\/ana-medina-hace-posible-que-rocio-herrezuelo-presente-su-tfg\/","title":{"rendered":"Ana Medina hace posible que Roc\u00edo Herrezuelo presente su TFG con voz artificial"},"content":{"rendered":"\n<figure class=\"wp-block-image size-large\"><img loading=\"lazy\" decoding=\"async\" width=\"1024\" height=\"691\" src=\"https:\/\/www.upo.es\/investiga\/comintrad\/wp-content\/uploads\/2019\/09\/Rocio-Herrezuelo-1024x691.jpg\" alt=\"Rocio Herrezuelo presenta su TFG\" class=\"wp-image-1719\" srcset=\"https:\/\/www.upo.es\/investiga\/comintrad\/wp-content\/uploads\/2019\/09\/Rocio-Herrezuelo-1024x691.jpg 1024w, https:\/\/www.upo.es\/investiga\/comintrad\/wp-content\/uploads\/2019\/09\/Rocio-Herrezuelo-300x203.jpg 300w, https:\/\/www.upo.es\/investiga\/comintrad\/wp-content\/uploads\/2019\/09\/Rocio-Herrezuelo-768x518.jpg 768w, https:\/\/www.upo.es\/investiga\/comintrad\/wp-content\/uploads\/2019\/09\/Rocio-Herrezuelo-540x365.jpg 540w, https:\/\/www.upo.es\/investiga\/comintrad\/wp-content\/uploads\/2019\/09\/Rocio-Herrezuelo.jpg 1080w\" sizes=\"(max-width: 1024px) 100vw, 1024px\" \/><\/figure>\n\n\n\n<p>La estudiante de la Universidad Pablo de Olavide <strong>Roc\u00edo Herrezuelo Guzm\u00e1n<\/strong>, con un 92% de discapacidad reconocida, ha defendido su trabajo de fin de grado titulado titulado \u00abDesmontando estereotipos. An\u00e1lisis de la obra de Barbara Kruger desde una perspectiva de g\u00e9nero\u00bb, tutorizado por la profesora del Departamento de Geograf\u00eda e Historia Marian P\u00e9rez Bernal. En \u00e9l se analizan las fotograf\u00edas de la artista estadounidense y su relaci\u00f3n con las corrientes feministas de los a\u00f1os 70 y 80. <\/p>\n\n\n\n<p>Rocio tiene todos sus miembros afectados por una par\u00e1lisis cerebral desde su nacimiento y necesita ayuda para realizar las actividades b\u00e1sicas de la vida diaria y requiere del apoyo continuo de otra persona. Su discapacidad motora le afecta tambi\u00e9n a los m\u00fasculos fonoarticulatorios, con la consecuente disartria -dificultad para articular sonidos y palabras causada por una par\u00e1lisis o una ataxia de los centros nerviosos que rigen los \u00f3rganos fonatorios.<\/p>\n\n\n\n<p>Para poder presentar su trabajo Rocio cont\u00f3 con el<strong> <\/strong>software Grid3 de la empresa brit\u00e1nica Smartbox y su distribuidora en Espa\u00f1a BJ-Adaptaciones, con la que la UPO tiene un convenio de colaboraci\u00f3n desde 2016. Este programa posibilita la comunicaci\u00f3n mediante voces sint\u00e9ticas y digitalizadas, teclados predictivos y accesos con conmutadores o lectores oculares. <\/p>\n\n\n\n<p>La egresada recibi\u00f3 la ayuda de la Dra. Ana Medina Reguera, directora de COMINTRAD y especialista en comunicaci\u00f3n aumentativa, a la hora de instalar el software y elegir la voz que ella deseaba. Tal y como explica Medina \u00abRoc\u00edo ha podido defender su trabajo con la misma autonom\u00eda que cualquier otro estudiante. Se trata de una herramienta de inclusi\u00f3n muy potente para darle voz en este momento tan importante de su vida acad\u00e9mica y me parec\u00eda fundamental para poner fin a todo el proceso\u201d. <\/p>\n\n\n\n<div style=\"height:57px\" aria-hidden=\"true\" class=\"wp-block-spacer\"><\/div>\n\n\n\n<p><strong>Comparte esta noticia:<\/strong><\/p>\n\n\n","protected":false},"excerpt":{"rendered":"<p>La estudiante de la Universidad Pablo de Olavide Roc\u00edo Herrezuelo Guzm\u00e1n, con un 92% de discapacidad reconocida, ha defendido su trabajo de fin de grado titulado titulado \u00abDesmontando&hellip;<\/p>\n","protected":false},"author":1,"featured_media":1719,"comment_status":"closed","ping_status":"open","sticky":false,"template":"","format":"standard","meta":{"footnotes":""},"categories":[21],"tags":[232,144,291,178],"class_list":["post-1712","post","type-post","status-publish","format-standard","has-post-thumbnail","hentry","category-noticias","tag-232","tag-ana-medina-es","tag-caa","tag-comunicacion-aumentativa"],"_links":{"self":[{"href":"https:\/\/www.upo.es\/investiga\/comintrad\/wp-json\/wp\/v2\/posts\/1712"}],"collection":[{"href":"https:\/\/www.upo.es\/investiga\/comintrad\/wp-json\/wp\/v2\/posts"}],"about":[{"href":"https:\/\/www.upo.es\/investiga\/comintrad\/wp-json\/wp\/v2\/types\/post"}],"author":[{"embeddable":true,"href":"https:\/\/www.upo.es\/investiga\/comintrad\/wp-json\/wp\/v2\/users\/1"}],"replies":[{"embeddable":true,"href":"https:\/\/www.upo.es\/investiga\/comintrad\/wp-json\/wp\/v2\/comments?post=1712"}],"version-history":[{"count":7,"href":"https:\/\/www.upo.es\/investiga\/comintrad\/wp-json\/wp\/v2\/posts\/1712\/revisions"}],"predecessor-version":[{"id":5229,"href":"https:\/\/www.upo.es\/investiga\/comintrad\/wp-json\/wp\/v2\/posts\/1712\/revisions\/5229"}],"wp:featuredmedia":[{"embeddable":true,"href":"https:\/\/www.upo.es\/investiga\/comintrad\/wp-json\/wp\/v2\/media\/1719"}],"wp:attachment":[{"href":"https:\/\/www.upo.es\/investiga\/comintrad\/wp-json\/wp\/v2\/media?parent=1712"}],"wp:term":[{"taxonomy":"category","embeddable":true,"href":"https:\/\/www.upo.es\/investiga\/comintrad\/wp-json\/wp\/v2\/categories?post=1712"},{"taxonomy":"post_tag","embeddable":true,"href":"https:\/\/www.upo.es\/investiga\/comintrad\/wp-json\/wp\/v2\/tags?post=1712"}],"curies":[{"name":"wp","href":"https:\/\/api.w.org\/{rel}","templated":true}]}}