{"id":1748,"date":"2019-04-09T19:55:00","date_gmt":"2019-04-09T17:55:00","guid":{"rendered":"https:\/\/www.upo.es\/investiga\/comintrad\/?p=1748"},"modified":"2021-03-17T17:57:07","modified_gmt":"2021-03-17T16:57:07","slug":"clementina-persaud-y-cristina-ramirez-organizan-la-i-jornada-de-liderazgo-en-traduccion-e-interpretacion-de-la-upo","status":"publish","type":"post","link":"https:\/\/www.upo.es\/investiga\/comintrad\/clementina-persaud-y-cristina-ramirez-organizan-la-i-jornada-de-liderazgo-en-traduccion-e-interpretacion-de-la-upo\/","title":{"rendered":"Clementina Persaud y Cristina Ram\u00edrez organizan la I Jornada de Liderazgo en Traducci\u00f3n e Interpretaci\u00f3n de la UPO"},"content":{"rendered":"\n<figure class=\"wp-block-image size-large\"><img loading=\"lazy\" decoding=\"async\" width=\"1024\" height=\"691\" src=\"https:\/\/www.upo.es\/investiga\/comintrad\/wp-content\/uploads\/2019\/04\/Jornadas-Traduccio\u0301n-y-Liderazgo-II-1024x691.jpg\" alt=\"Jornadas Traduccio\u0301n y Liderazgo II\" class=\"wp-image-1752\" srcset=\"https:\/\/www.upo.es\/investiga\/comintrad\/wp-content\/uploads\/2019\/04\/Jornadas-Traduccio\u0301n-y-Liderazgo-II-1024x691.jpg 1024w, https:\/\/www.upo.es\/investiga\/comintrad\/wp-content\/uploads\/2019\/04\/Jornadas-Traduccio\u0301n-y-Liderazgo-II-300x203.jpg 300w, https:\/\/www.upo.es\/investiga\/comintrad\/wp-content\/uploads\/2019\/04\/Jornadas-Traduccio\u0301n-y-Liderazgo-II-768x518.jpg 768w, https:\/\/www.upo.es\/investiga\/comintrad\/wp-content\/uploads\/2019\/04\/Jornadas-Traduccio\u0301n-y-Liderazgo-II-540x365.jpg 540w, https:\/\/www.upo.es\/investiga\/comintrad\/wp-content\/uploads\/2019\/04\/Jornadas-Traduccio\u0301n-y-Liderazgo-II.jpg 1080w\" sizes=\"(max-width: 1024px) 100vw, 1024px\" \/><\/figure>\n\n\n\n<p>El martes 23 de abril de 2019 se celebrar\u00e1 la <strong>I Jornada de Liderazgo en Traducci\u00f3n e Interpretaci\u00f3n<\/strong> de la Facultad de Humanidades, organizada por el \u00c1rea de Traducci\u00f3n e Interpretaci\u00f3n.<\/p>\n\n\n\n<p>La actividad tendr\u00e1 lugar ente las 10.00 y 14.30 en la Sala de Grados del Edificio 7 y contar\u00e1 con una mesa redonda titulada \u00abAn\u00e1lisis y reflexi\u00f3n en torno a la Traducci\u00f3n y a la Interpretaci\u00f3n en el \u00e1mbito universitario\u00bb, una conferencia por parte de Jes\u00fas Marot titulada \u00abProcesos creativos y liderazgo en localizaci\u00f3n: marketing implementation\u00bb y una conferencia taller a manos de Ana L\u00f3pez-Sousa titulada \u00abCoaching para traductores e int\u00e9rpretes\u00bb. <\/p>\n\n\n\n<p>La actividad ha sido coordinada por Clementina Persaud, Gustavo Filsinger, Elisa Alonso, Isabel Briales, Elena de la Cova y Cristina Ram\u00edrez. <\/p>\n\n\n\n<div style=\"height:57px\" aria-hidden=\"true\" class=\"wp-block-spacer\"><\/div>\n\n\n\n<p><strong>Comparte esta noticia:<\/strong><\/p>\n\n\n","protected":false},"excerpt":{"rendered":"<p>El martes 23 de abril de 2019 se celebrar\u00e1 la I Jornada de Liderazgo en Traducci\u00f3n e Interpretaci\u00f3n de la Facultad de Humanidades, organizada por el \u00c1rea de&hellip;<\/p>\n","protected":false},"author":1,"featured_media":1752,"comment_status":"closed","ping_status":"open","sticky":false,"template":"","format":"standard","meta":{"footnotes":""},"categories":[89,24,21],"tags":[232,140,128,186],"class_list":["post-1748","post","type-post","status-publish","format-standard","has-post-thumbnail","hentry","category-eventos","category-jornadas","category-noticias","tag-232","tag-clementina-persaud-es","tag-cristina-ramirez","tag-liderazgo"],"_links":{"self":[{"href":"https:\/\/www.upo.es\/investiga\/comintrad\/wp-json\/wp\/v2\/posts\/1748"}],"collection":[{"href":"https:\/\/www.upo.es\/investiga\/comintrad\/wp-json\/wp\/v2\/posts"}],"about":[{"href":"https:\/\/www.upo.es\/investiga\/comintrad\/wp-json\/wp\/v2\/types\/post"}],"author":[{"embeddable":true,"href":"https:\/\/www.upo.es\/investiga\/comintrad\/wp-json\/wp\/v2\/users\/1"}],"replies":[{"embeddable":true,"href":"https:\/\/www.upo.es\/investiga\/comintrad\/wp-json\/wp\/v2\/comments?post=1748"}],"version-history":[{"count":4,"href":"https:\/\/www.upo.es\/investiga\/comintrad\/wp-json\/wp\/v2\/posts\/1748\/revisions"}],"predecessor-version":[{"id":3176,"href":"https:\/\/www.upo.es\/investiga\/comintrad\/wp-json\/wp\/v2\/posts\/1748\/revisions\/3176"}],"wp:featuredmedia":[{"embeddable":true,"href":"https:\/\/www.upo.es\/investiga\/comintrad\/wp-json\/wp\/v2\/media\/1752"}],"wp:attachment":[{"href":"https:\/\/www.upo.es\/investiga\/comintrad\/wp-json\/wp\/v2\/media?parent=1748"}],"wp:term":[{"taxonomy":"category","embeddable":true,"href":"https:\/\/www.upo.es\/investiga\/comintrad\/wp-json\/wp\/v2\/categories?post=1748"},{"taxonomy":"post_tag","embeddable":true,"href":"https:\/\/www.upo.es\/investiga\/comintrad\/wp-json\/wp\/v2\/tags?post=1748"}],"curies":[{"name":"wp","href":"https:\/\/api.w.org\/{rel}","templated":true}]}}