{"id":2287,"date":"2020-11-23T18:32:00","date_gmt":"2020-11-23T17:32:00","guid":{"rendered":"https:\/\/www.upo.es\/investiga\/comintrad\/?p=2287"},"modified":"2021-03-23T13:45:20","modified_gmt":"2021-03-23T12:45:20","slug":"comintrad-organiza-las-jornadas-lectura-facil-experiencias-desde-la-investigacion-y-el-mundo-editorial","status":"publish","type":"post","link":"https:\/\/www.upo.es\/investiga\/comintrad\/comintrad-organiza-las-jornadas-lectura-facil-experiencias-desde-la-investigacion-y-el-mundo-editorial\/","title":{"rendered":"COMINTRAD organiza la jornada Lectura F\u00e1cil: Experiencias desde la investigaci\u00f3n y el mundo editorial"},"content":{"rendered":"\n<p>Los d\u00edas 30 de noviembre y 1 de diciembre tendr\u00e1 lugar de forma virtual la Jornada <em><a href=\"https:\/\/www.upo.es\/investiga\/comintrad\/jornadas-de-lectura-facil\/\" data-type=\"page\" data-id=\"2780\">Lectura F\u00e1cil: Experiencias desde la investigaci\u00f3n y el mundo editorial<\/a><\/em> organizadas por el grupo de investigaci\u00f3n COMINTRAD y financiadas por el Dpto. de Filolog\u00eda y Traducci\u00f3n de Universidad Pablo de Olavide.<\/p>\n\n\n\n<p>La actividad contar\u00e1 con la presencia de expertos en lectura f\u00e1cil de diferentes asociaciones e instituciones entre los que se encuentran Blanca Mata (Lectura F\u00e1cil Euskadi), Laia Vidal (Associaci\u00f3 Lectura F\u00e0cil), \u00c1ngela Pajuelo Ben\u00edtez (Dilee Lectura F\u00e1cil), David Mart\u00ednez (Fundaci\u00f3n Impulsa Castilla La Mancha), N\u00faria Casals (La mar de f\u00e1cil), N\u00faria Mart\u00ed y Ana Crespo (Escritora y traductora). <\/p>\n\n\n\n<p>La actividad est\u00e1 abierta a toda la comunidad universitaria. Puedes inscribirte y acceder al aula virtual en el siguiente <a href=\"https:\/\/bit.ly\/2Hxwqlo\" target=\"_blank\" rel=\"noreferrer noopener\">enlace<\/a>. <\/p>\n\n\n\n<p>A continuaci\u00f3n puedes ver el programa completo de estas jornadas. <\/p>\n\n\n\n<figure class=\"wp-block-image size-large is-style-default\"><a href=\"https:\/\/bit.ly\/2Hxwqlo\"><img loading=\"lazy\" decoding=\"async\" width=\"1024\" height=\"1024\" src=\"https:\/\/www.upo.es\/investiga\/comintrad\/wp-content\/uploads\/2020\/11\/Lectura-Facil-1024x1024.jpeg\" alt=\"\" class=\"wp-image-2294\" srcset=\"https:\/\/www.upo.es\/investiga\/comintrad\/wp-content\/uploads\/2020\/11\/Lectura-Facil.jpeg 1024w, https:\/\/www.upo.es\/investiga\/comintrad\/wp-content\/uploads\/2020\/11\/Lectura-Facil-300x300.jpeg 300w, https:\/\/www.upo.es\/investiga\/comintrad\/wp-content\/uploads\/2020\/11\/Lectura-Facil-150x150.jpeg 150w, https:\/\/www.upo.es\/investiga\/comintrad\/wp-content\/uploads\/2020\/11\/Lectura-Facil-768x768.jpeg 768w, https:\/\/www.upo.es\/investiga\/comintrad\/wp-content\/uploads\/2020\/11\/Lectura-Facil-540x540.jpeg 540w\" sizes=\"(max-width: 1024px) 100vw, 1024px\" \/><\/a><\/figure>\n\n\n\n<div style=\"height:31px\" aria-hidden=\"true\" class=\"wp-block-spacer\"><\/div>\n\n\n\n<p><strong> Comparte esta noticia:<\/strong><\/p>\n\n\n","protected":false},"excerpt":{"rendered":"<p>Los d\u00edas 30 de noviembre y 1 de diciembre tendr\u00e1 lugar de forma virtual la Jornada Lectura F\u00e1cil: Experiencias desde la investigaci\u00f3n y el mundo editorial organizadas por&hellip;<\/p>\n","protected":false},"author":1,"featured_media":0,"comment_status":"closed","ping_status":"open","sticky":false,"template":"","format":"standard","meta":{"footnotes":""},"categories":[208,89,21],"tags":[230,156,112,339],"class_list":["post-2287","post","type-post","status-publish","format-standard","has-post-thumbnail","hentry","category-actividades","category-eventos","category-noticias","tag-230","tag-jornadas","tag-lectura-facil","tag-video"],"_links":{"self":[{"href":"https:\/\/www.upo.es\/investiga\/comintrad\/wp-json\/wp\/v2\/posts\/2287"}],"collection":[{"href":"https:\/\/www.upo.es\/investiga\/comintrad\/wp-json\/wp\/v2\/posts"}],"about":[{"href":"https:\/\/www.upo.es\/investiga\/comintrad\/wp-json\/wp\/v2\/types\/post"}],"author":[{"embeddable":true,"href":"https:\/\/www.upo.es\/investiga\/comintrad\/wp-json\/wp\/v2\/users\/1"}],"replies":[{"embeddable":true,"href":"https:\/\/www.upo.es\/investiga\/comintrad\/wp-json\/wp\/v2\/comments?post=2287"}],"version-history":[{"count":10,"href":"https:\/\/www.upo.es\/investiga\/comintrad\/wp-json\/wp\/v2\/posts\/2287\/revisions"}],"predecessor-version":[{"id":4439,"href":"https:\/\/www.upo.es\/investiga\/comintrad\/wp-json\/wp\/v2\/posts\/2287\/revisions\/4439"}],"wp:attachment":[{"href":"https:\/\/www.upo.es\/investiga\/comintrad\/wp-json\/wp\/v2\/media?parent=2287"}],"wp:term":[{"taxonomy":"category","embeddable":true,"href":"https:\/\/www.upo.es\/investiga\/comintrad\/wp-json\/wp\/v2\/categories?post=2287"},{"taxonomy":"post_tag","embeddable":true,"href":"https:\/\/www.upo.es\/investiga\/comintrad\/wp-json\/wp\/v2\/tags?post=2287"}],"curies":[{"name":"wp","href":"https:\/\/api.w.org\/{rel}","templated":true}]}}