{"id":2333,"date":"2009-09-30T21:19:00","date_gmt":"2009-09-30T19:19:00","guid":{"rendered":"https:\/\/www.upo.es\/investiga\/comintrad\/tacto-copy\/"},"modified":"2021-03-23T13:41:00","modified_gmt":"2021-03-23T12:41:00","slug":"tracce","status":"publish","type":"post","link":"https:\/\/www.upo.es\/investiga\/comintrad\/tracce\/","title":{"rendered":"Evaluaci\u00f3n y gesti\u00f3n de los recursos de accesibilidad para discapacitados sensoriales a trav\u00e9s de la traducci\u00f3n audiovisual: la audiodescripci\u00f3n para ciegos"},"content":{"rendered":"\n<figure class=\"wp-block-image size-large is-resized\"><img loading=\"lazy\" decoding=\"async\" src=\"https:\/\/www.upo.es\/investiga\/comintrad\/wp-content\/uploads\/2020\/11\/Traccelogo-1024x691.jpg\" alt=\"Logo en el que se leen las palabras TRACCE y en el que la segunda C es unos auriculares\" class=\"wp-image-2391\" width=\"322\" height=\"217\" srcset=\"https:\/\/www.upo.es\/investiga\/comintrad\/wp-content\/uploads\/2020\/11\/Traccelogo-1024x691.jpg 1024w, https:\/\/www.upo.es\/investiga\/comintrad\/wp-content\/uploads\/2020\/11\/Traccelogo-300x203.jpg 300w, https:\/\/www.upo.es\/investiga\/comintrad\/wp-content\/uploads\/2020\/11\/Traccelogo-768x518.jpg 768w, https:\/\/www.upo.es\/investiga\/comintrad\/wp-content\/uploads\/2020\/11\/Traccelogo-540x365.jpg 540w, https:\/\/www.upo.es\/investiga\/comintrad\/wp-content\/uploads\/2020\/11\/Traccelogo.jpg 1080w\" sizes=\"(max-width: 322px) 100vw, 322px\" \/><\/figure>\n\n\n\n<h2 class=\"wp-block-heading\">Ficha t\u00e9cnica<\/h2>\n\n\n\n<figure class=\"wp-block-table is-style-regular\"><table class=\"has-subtle-light-gray-background-color has-fixed-layout has-background\"><tbody><tr><td class=\"has-text-align-left\" data-align=\"left\"><strong>Titulo del Proyecto:<\/strong><\/td><td>Evaluaci\u00f3n y gesti\u00f3n de los recursos de accesibilidad para discapacitados sensoriales a trav\u00e9s de la traducci\u00f3n audiovisual: la audiodescripci\u00f3n para ciegos<\/td><\/tr><tr><td class=\"has-text-align-left\" data-align=\"left\"><strong>Tipo de Proyecto:<\/strong><\/td><td>Proyecto I+D de la Universidad de Granada<\/td><\/tr><tr><td class=\"has-text-align-left\" data-align=\"left\"><strong>Fecha de Inicio:<\/strong><\/td><td>Octubre 2006<\/td><\/tr><tr><td class=\"has-text-align-left\" data-align=\"left\"><strong>Fecha de Finalizaci\u00f3n:<\/strong><\/td><td>Septiembre 2009<\/td><\/tr><tr><td class=\"has-text-align-left\" data-align=\"left\"><strong>Investigadora principal:<\/strong><\/td><td>Dra. Catalina Jim\u00e9nez Hurtado<\/td><\/tr><tr><td class=\"has-text-align-left\" data-align=\"left\"><strong>Participantes:<\/strong><\/td><td><a href=\"https:\/\/www.upo.es\/investiga\/comintrad\/ana-maria-medina-reguera\/\" data-type=\"post\" data-id=\"80\">Dra Ana Medina Reguera,<\/a> <a href=\"https:\/\/www.upo.es\/investiga\/comintrad\/christiane-limbach\/\" data-type=\"post\" data-id=\"92\">Dra Christiane Limbach<\/a> y el grupo de investigaci\u00f3n TRACCE<\/td><\/tr><tr><td class=\"has-text-align-left\" data-align=\"left\"><strong>Financiado por:<\/strong><\/td><td>Ministerio de Educaci\u00f3n y Ciencia<\/td><\/tr><tr><td class=\"has-text-align-left\" data-align=\"left\"><strong>Descripci\u00f3n: <\/strong><\/td><td>El proyecto TRACCE (c\u00f3digo SEJ2006-01829\/PSIC) fue un proyecto I+D coordinado por la investigadora principal Dra. Catalina Jim\u00e9nez Hurtado y subvencionado con una cuant\u00eda de 36000 euros. En los inicios de los proyectos TRACCE y AMATRA el \u00e1mbito concreto de la accesibilidad de las personas con discapacidad sensorial a los medios audiovisuales se caracterizaba por una falta de normalizaci\u00f3n espec\u00edfica y una escasez manifiesta de estudios e investigaciones que permitieran fijar unos criterios y unas pautas para establecer normas e indicadores de calidad, \u00e9xito y expectativas. <br><br>Por ello, ambos proyectos se propusieron entre otros como objetivo principal realizar una evaluaci\u00f3n profunda de la situaci\u00f3n actual en Espa\u00f1a de la audiodescripci\u00f3n para ciegos, siguiendo una metodolog\u00eda cient\u00edfica apropiada que tuviera en cuenta no s\u00f3lo los aspectos t\u00e9cnicos y tecnol\u00f3gicos, sino los contextuales, pragm\u00e1ticos, culturales, funcionales y ling\u00fc\u00edsticos que determinan e influyen en la recepci\u00f3n por parte de las personas ciegas de este producto audiovisual espec\u00edfico. <br><br>Para lograr este objetivo se puso en pr\u00e1ctica una metodolog\u00eda de investigaci\u00f3n combinada que integra una v\u00eda experimental, enmarcada dentro de los Estudios de Recepci\u00f3n de Traducci\u00f3n Audiovisual (Chaume 2004, Fuentes 2000), y otra descriptiva, fundamentada en la Ling\u00fc\u00edstica de Corpus Multimodal y el An\u00e1lisis del Discurso Multimodal (Baldry y Thibault 2006; O\u2019Halloran 2004).<\/td><\/tr><tr><td class=\"has-text-align-left\" data-align=\"left\"><strong>M\u00e1s informaci\u00f3n en:<\/strong><\/td><td><a href=\"https:\/\/tracce.ugr.es\/tracce-amatra\/\" target=\"_blank\" rel=\"noreferrer noopener\">Tracce y Amatra<\/a><\/td><\/tr><\/tbody><\/table><\/figure>\n","protected":false},"excerpt":{"rendered":"<p>Ficha t\u00e9cnica Titulo del Proyecto: Evaluaci\u00f3n y gesti\u00f3n de los recursos de accesibilidad para discapacitados sensoriales a trav\u00e9s de la traducci\u00f3n audiovisual: la audiodescripci\u00f3n para ciegos Tipo de&hellip;<\/p>\n","protected":false},"author":1,"featured_media":2391,"comment_status":"closed","ping_status":"open","sticky":false,"template":"","format":"standard","meta":{"footnotes":""},"categories":[210,85,223],"tags":[319,111,273],"class_list":["post-2333","post","type-post","status-publish","format-standard","has-post-thumbnail","hentry","category-investigacion-otros","category-proyectos","category-proyectos-otros","tag-audiodescripcion","tag-traduccion-accesible","tag-traduccion-audiovisual"],"_links":{"self":[{"href":"https:\/\/www.upo.es\/investiga\/comintrad\/wp-json\/wp\/v2\/posts\/2333"}],"collection":[{"href":"https:\/\/www.upo.es\/investiga\/comintrad\/wp-json\/wp\/v2\/posts"}],"about":[{"href":"https:\/\/www.upo.es\/investiga\/comintrad\/wp-json\/wp\/v2\/types\/post"}],"author":[{"embeddable":true,"href":"https:\/\/www.upo.es\/investiga\/comintrad\/wp-json\/wp\/v2\/users\/1"}],"replies":[{"embeddable":true,"href":"https:\/\/www.upo.es\/investiga\/comintrad\/wp-json\/wp\/v2\/comments?post=2333"}],"version-history":[{"count":11,"href":"https:\/\/www.upo.es\/investiga\/comintrad\/wp-json\/wp\/v2\/posts\/2333\/revisions"}],"predecessor-version":[{"id":4434,"href":"https:\/\/www.upo.es\/investiga\/comintrad\/wp-json\/wp\/v2\/posts\/2333\/revisions\/4434"}],"wp:featuredmedia":[{"embeddable":true,"href":"https:\/\/www.upo.es\/investiga\/comintrad\/wp-json\/wp\/v2\/media\/2391"}],"wp:attachment":[{"href":"https:\/\/www.upo.es\/investiga\/comintrad\/wp-json\/wp\/v2\/media?parent=2333"}],"wp:term":[{"taxonomy":"category","embeddable":true,"href":"https:\/\/www.upo.es\/investiga\/comintrad\/wp-json\/wp\/v2\/categories?post=2333"},{"taxonomy":"post_tag","embeddable":true,"href":"https:\/\/www.upo.es\/investiga\/comintrad\/wp-json\/wp\/v2\/tags?post=2333"}],"curies":[{"name":"wp","href":"https:\/\/api.w.org\/{rel}","templated":true}]}}