{"id":2341,"date":"2013-12-31T21:28:58","date_gmt":"2013-12-31T20:28:58","guid":{"rendered":"https:\/\/www.upo.es\/investiga\/comintrad\/tacto-copy-copy-copy\/"},"modified":"2021-03-23T13:38:43","modified_gmt":"2021-03-23T12:38:43","slug":"pra2","status":"publish","type":"post","link":"https:\/\/www.upo.es\/investiga\/comintrad\/pra2\/","title":{"rendered":"Plataforma de Recursos Audiovisuales Accesibles. Investigaci\u00f3n, Formaci\u00f3n y Profesionalizaci\u00f3n. Pra2"},"content":{"rendered":"\n<figure class=\"wp-block-image size-large is-resized\"><img loading=\"lazy\" decoding=\"async\" src=\"https:\/\/www.upo.es\/investiga\/comintrad\/wp-content\/uploads\/2020\/11\/PRA2-1024x691.jpg\" alt=\"Logo Proyecto PRA2\" class=\"wp-image-2373\" width=\"368\" height=\"248\" srcset=\"https:\/\/www.upo.es\/investiga\/comintrad\/wp-content\/uploads\/2020\/11\/PRA2-1024x691.jpg 1024w, https:\/\/www.upo.es\/investiga\/comintrad\/wp-content\/uploads\/2020\/11\/PRA2-300x203.jpg 300w, https:\/\/www.upo.es\/investiga\/comintrad\/wp-content\/uploads\/2020\/11\/PRA2-768x518.jpg 768w, https:\/\/www.upo.es\/investiga\/comintrad\/wp-content\/uploads\/2020\/11\/PRA2-540x365.jpg 540w, https:\/\/www.upo.es\/investiga\/comintrad\/wp-content\/uploads\/2020\/11\/PRA2.jpg 1080w\" sizes=\"(max-width: 368px) 100vw, 368px\" \/><\/figure>\n\n\n\n<h2 class=\"wp-block-heading\">Ficha t\u00e9cnica<\/h2>\n\n\n\n<figure class=\"wp-block-table is-style-regular\"><table class=\"has-subtle-light-gray-background-color has-fixed-layout has-background\"><tbody><tr><td class=\"has-text-align-left\" data-align=\"left\"><strong>Titulo del Proyecto:<\/strong><\/td><td>Plataforma de Recursos Audiovisuales Accesibles. Investigaci\u00f3n, Formaci\u00f3n Y Profesionalizaci\u00f3n. Pra2<\/td><\/tr><tr><td class=\"has-text-align-left\" data-align=\"left\"><strong>Tipo de Proyecto:<\/strong><\/td><td>Proyecto I+D de la Universidad de Granada<\/td><\/tr><tr><td class=\"has-text-align-left\" data-align=\"left\"><strong>Fecha de Inicio:<\/strong><\/td><td>Enero 2011<\/td><\/tr><tr><td class=\"has-text-align-left\" data-align=\"left\"><strong>Fecha de Finalizaci\u00f3n:<\/strong><\/td><td>Diciembre 2013<\/td><\/tr><tr><td class=\"has-text-align-left\" data-align=\"left\"><strong>Investigadora principal:<\/strong><\/td><td>Dra. Catalina Jim\u00e9nez Hurtado<\/td><\/tr><tr><td class=\"has-text-align-left\" data-align=\"left\"><strong>Participantes:<\/strong><\/td><td><a rel=\"noreferrer noopener\" href=\"https:\/\/www.upo.es\/investiga\/comintrad\/christiane-limbach\/\" target=\"_blank\">Christiane Limbach<\/a> y el grupo de Investigaci\u00f3n TRACCE de la Universidad de Granada <\/td><\/tr><tr><td class=\"has-text-align-left\" data-align=\"left\"><strong>Financiado por:<\/strong><\/td><td>Ministerio de Econom\u00eda y Competitividad 2010<\/td><\/tr><tr><td class=\"has-text-align-left\" data-align=\"left\"><strong>Descripci\u00f3n: <\/strong><\/td><td>El proyecto PRA2 (2011-2013) ha tenido como objetivo principal la creaci\u00f3n de una plataforma de acceso libre a contenidos audiovisuales accesibles para personas ciegas y sordas por medio de la audiodescripci\u00f3n, el subtitulado para personas sordas y la interpretaci\u00f3n en lengua de signos. <br><br>Esta plataforma se compone de dos secciones fundamentales: Accesibilidad auditiva y Accesibilidad visual, cada una de las cuales contiene a su vez una base de datos de recursos accesibles y una serie de estudios de recepci\u00f3n. <br><br>Hay tres tipos de cuestionarios: sobre el perfil del usuario, la experiencia previa y gustos en relaci\u00f3n con la accesibilidad en cada \u00e1mbito concreto (cine, museos, monumentos, espacios naturales), as\u00ed como la evaluaci\u00f3n del recurso accesible. <br><br>El objetivo de la creaci\u00f3n de la plataforma es triple: Aumentar la visibilidad de las pr\u00e1cticas de mejora de la accesibilidad a la cultura por medio de la traducci\u00f3n y la interpretaci\u00f3n; crear un repositorio de referencia de los materiales accesibles existentes en la actualidad para su consulta por parte de las personas con discapacidad sensorial, as\u00ed como por profesionales y formadores en el \u00e1mbito de la traducci\u00f3n y la interpretaci\u00f3n accesibles y facilitar la evaluaci\u00f3n de dicho material accesible por medio de estudios recepci\u00f3n en l\u00ednea. <br><br>La Dra. Christiane Limbach fue contratada dos veces por convocatoria p\u00fablica como investigadora en el proyecto de investigaci\u00f3n PRA2 (Plataforma de Recursos Audiovisuales Accesibles. Investigaci\u00f3n, formaci\u00f3n y profesionalizaci\u00f3n, financiado por el Ministerio de Econom\u00eda y Competitividad con 42 350 \u20ac y ha desarrollado una l\u00ednea de investigaci\u00f3n innovadora en el marco de este proyecto por la que se mide, desde diferentes \u00e1mbitos y par\u00e1metros la adecuaci\u00f3n de los distintos tipos de texto. Asimismo, ha coordinado el \u00e1rea de alem\u00e1n..<\/td><\/tr><tr><td class=\"has-text-align-left\" data-align=\"left\"><strong>M\u00e1s informaci\u00f3n en:<\/strong><\/td><td><a href=\"https:\/\/tracce.ugr.es\/plataforma-pra2\/\" target=\"_blank\" rel=\"noreferrer noopener\">Pra2<\/a><\/td><\/tr><\/tbody><\/table><\/figure>\n","protected":false},"excerpt":{"rendered":"<p>Ficha t\u00e9cnica Titulo del Proyecto: Plataforma de Recursos Audiovisuales Accesibles. Investigaci\u00f3n, Formaci\u00f3n Y Profesionalizaci\u00f3n. Pra2 Tipo de Proyecto: Proyecto I+D de la Universidad de Granada Fecha de Inicio:&hellip;<\/p>\n","protected":false},"author":1,"featured_media":2373,"comment_status":"closed","ping_status":"open","sticky":false,"template":"","format":"standard","meta":{"footnotes":""},"categories":[210,85,223],"tags":[118],"class_list":["post-2341","post","type-post","status-publish","format-standard","has-post-thumbnail","hentry","category-investigacion-otros","category-proyectos","category-proyectos-otros","tag-christiane-limbach"],"_links":{"self":[{"href":"https:\/\/www.upo.es\/investiga\/comintrad\/wp-json\/wp\/v2\/posts\/2341"}],"collection":[{"href":"https:\/\/www.upo.es\/investiga\/comintrad\/wp-json\/wp\/v2\/posts"}],"about":[{"href":"https:\/\/www.upo.es\/investiga\/comintrad\/wp-json\/wp\/v2\/types\/post"}],"author":[{"embeddable":true,"href":"https:\/\/www.upo.es\/investiga\/comintrad\/wp-json\/wp\/v2\/users\/1"}],"replies":[{"embeddable":true,"href":"https:\/\/www.upo.es\/investiga\/comintrad\/wp-json\/wp\/v2\/comments?post=2341"}],"version-history":[{"count":13,"href":"https:\/\/www.upo.es\/investiga\/comintrad\/wp-json\/wp\/v2\/posts\/2341\/revisions"}],"predecessor-version":[{"id":4430,"href":"https:\/\/www.upo.es\/investiga\/comintrad\/wp-json\/wp\/v2\/posts\/2341\/revisions\/4430"}],"wp:featuredmedia":[{"embeddable":true,"href":"https:\/\/www.upo.es\/investiga\/comintrad\/wp-json\/wp\/v2\/media\/2373"}],"wp:attachment":[{"href":"https:\/\/www.upo.es\/investiga\/comintrad\/wp-json\/wp\/v2\/media?parent=2341"}],"wp:term":[{"taxonomy":"category","embeddable":true,"href":"https:\/\/www.upo.es\/investiga\/comintrad\/wp-json\/wp\/v2\/categories?post=2341"},{"taxonomy":"post_tag","embeddable":true,"href":"https:\/\/www.upo.es\/investiga\/comintrad\/wp-json\/wp\/v2\/tags?post=2341"}],"curies":[{"name":"wp","href":"https:\/\/api.w.org\/{rel}","templated":true}]}}