{"id":3367,"date":"2017-09-28T13:29:00","date_gmt":"2017-09-28T11:29:00","guid":{"rendered":"https:\/\/www.upo.es\/investiga\/comintrad\/?p=3367"},"modified":"2021-03-17T18:01:27","modified_gmt":"2021-03-17T17:01:27","slug":"ana-medina-reguera-imparte-una-conferencia-y-taller-sobre-traduccion-accesible-en-la-universidad-de-granada","status":"publish","type":"post","link":"https:\/\/www.upo.es\/investiga\/comintrad\/ana-medina-reguera-imparte-una-conferencia-y-taller-sobre-traduccion-accesible-en-la-universidad-de-granada\/","title":{"rendered":"Ana Medina Reguera imparte una conferencia y taller sobre traducci\u00f3n accesible en la Universidad de Granada"},"content":{"rendered":"\n<figure class=\"wp-block-image size-large is-resized\"><img loading=\"lazy\" decoding=\"async\" src=\"https:\/\/www.upo.es\/investiga\/comintrad\/wp-content\/uploads\/2017\/09\/Ana-en-la-UGR-Ana-Medina-Reguera.jpg\" alt=\"Ana en la UGR - Ana Medina Reguera\" class=\"wp-image-3369\" width=\"607\" height=\"494\" srcset=\"https:\/\/www.upo.es\/investiga\/comintrad\/wp-content\/uploads\/2017\/09\/Ana-en-la-UGR-Ana-Medina-Reguera.jpg 960w, https:\/\/www.upo.es\/investiga\/comintrad\/wp-content\/uploads\/2017\/09\/Ana-en-la-UGR-Ana-Medina-Reguera-300x244.jpg 300w, https:\/\/www.upo.es\/investiga\/comintrad\/wp-content\/uploads\/2017\/09\/Ana-en-la-UGR-Ana-Medina-Reguera-768x626.jpg 768w, https:\/\/www.upo.es\/investiga\/comintrad\/wp-content\/uploads\/2017\/09\/Ana-en-la-UGR-Ana-Medina-Reguera-540x440.jpg 540w\" sizes=\"(max-width: 607px) 100vw, 607px\" \/><\/figure>\n\n\n\n<p>La Dra. Ana Medina Reguera imparti\u00f3 el pasado 28 de septiembre en la Facultad de Traducci\u00f3n e Interpretaci\u00f3n de la Universidad de Granada una conferencia y taller titulados \u00abTraducci\u00f3n accesible: Comunicaci\u00f3n Aumentativa y Alternativa\u00bb. <\/p>\n\n\n\n<p>La actividad estaba organizada por el grupo de investigaci\u00f3n TRACCE, dirigido por la Dra. Catalina Jim\u00e9nez Hurtado.<\/p>\n","protected":false},"excerpt":{"rendered":"<p>La Dra. Ana Medina Reguera imparti\u00f3 el pasado 28 de septiembre en la Facultad de Traducci\u00f3n e Interpretaci\u00f3n de la Universidad de Granada una conferencia y taller titulados&hellip;<\/p>\n","protected":false},"author":1,"featured_media":3369,"comment_status":"closed","ping_status":"open","sticky":false,"template":"","format":"standard","meta":{"footnotes":""},"categories":[21],"tags":[236,144,111],"class_list":["post-3367","post","type-post","status-publish","format-standard","has-post-thumbnail","hentry","category-noticias","tag-236","tag-ana-medina-es","tag-traduccion-accesible"],"_links":{"self":[{"href":"https:\/\/www.upo.es\/investiga\/comintrad\/wp-json\/wp\/v2\/posts\/3367"}],"collection":[{"href":"https:\/\/www.upo.es\/investiga\/comintrad\/wp-json\/wp\/v2\/posts"}],"about":[{"href":"https:\/\/www.upo.es\/investiga\/comintrad\/wp-json\/wp\/v2\/types\/post"}],"author":[{"embeddable":true,"href":"https:\/\/www.upo.es\/investiga\/comintrad\/wp-json\/wp\/v2\/users\/1"}],"replies":[{"embeddable":true,"href":"https:\/\/www.upo.es\/investiga\/comintrad\/wp-json\/wp\/v2\/comments?post=3367"}],"version-history":[{"count":4,"href":"https:\/\/www.upo.es\/investiga\/comintrad\/wp-json\/wp\/v2\/posts\/3367\/revisions"}],"predecessor-version":[{"id":3372,"href":"https:\/\/www.upo.es\/investiga\/comintrad\/wp-json\/wp\/v2\/posts\/3367\/revisions\/3372"}],"wp:featuredmedia":[{"embeddable":true,"href":"https:\/\/www.upo.es\/investiga\/comintrad\/wp-json\/wp\/v2\/media\/3369"}],"wp:attachment":[{"href":"https:\/\/www.upo.es\/investiga\/comintrad\/wp-json\/wp\/v2\/media?parent=3367"}],"wp:term":[{"taxonomy":"category","embeddable":true,"href":"https:\/\/www.upo.es\/investiga\/comintrad\/wp-json\/wp\/v2\/categories?post=3367"},{"taxonomy":"post_tag","embeddable":true,"href":"https:\/\/www.upo.es\/investiga\/comintrad\/wp-json\/wp\/v2\/tags?post=3367"}],"curies":[{"name":"wp","href":"https:\/\/api.w.org\/{rel}","templated":true}]}}