{"id":4570,"date":"2021-04-30T02:08:00","date_gmt":"2021-04-30T00:08:00","guid":{"rendered":"https:\/\/www.upo.es\/investiga\/comintrad\/?p=4570"},"modified":"2022-07-21T13:58:37","modified_gmt":"2022-07-21T11:58:37","slug":"ana-medina-ana-medina-participa-como-ponente-en-un-curso-sobre-diversidad-funcional-motorica-dirigido-a-profesores-del-centro-de-formacion-del-profesorado-de-cordoba","status":"publish","type":"post","link":"https:\/\/www.upo.es\/investiga\/comintrad\/ana-medina-ana-medina-participa-como-ponente-en-un-curso-sobre-diversidad-funcional-motorica-dirigido-a-profesores-del-centro-de-formacion-del-profesorado-de-cordoba\/","title":{"rendered":"Ana Medina participa como ponente en un curso sobre Diversidad Funcional Mot\u00f3rica dirigido a profesores del Centro de Formaci\u00f3n del Profesorado de C\u00f3rdoba"},"content":{"rendered":"\n<p>Ana Medina, directora del grupo COMINTRAD, participar\u00e1 en el Curso de formaci\u00f3n sobre diversidad funcional mot\u00f3rica titulado \u00abConceptualizaci\u00f3n, Valoraci\u00f3n e Intervenci\u00f3n Atenci\u00f3n Educativa Alumnado Discapacidad Mot\u00f3rica\u00bb para profesores del Centro de Formaci\u00f3n del Profesorado de C\u00f3rdoba. <\/p>\n\n\n\n<p>El curso est\u00e1 organizado por Ana Casas, Asesora de Necesidades Educativas Especiales del Centro de Profesorado de C\u00f3rdoba y se celebra de forma virtual durante el mes de mayo de 2021.<\/p>\n\n\n\n<figure class=\"wp-block-image size-large\"><img loading=\"lazy\" decoding=\"async\" width=\"768\" height=\"1024\" src=\"https:\/\/www.upo.es\/investiga\/comintrad\/wp-content\/uploads\/2021\/11\/curso-CEP-co\u0301rdoba-ana-casas-2-Ana-Medina-Reguera.jpeg\" alt=\"\" class=\"wp-image-4571\" srcset=\"https:\/\/www.upo.es\/investiga\/comintrad\/wp-content\/uploads\/2021\/11\/curso-CEP-co\u0301rdoba-ana-casas-2-Ana-Medina-Reguera.jpeg 768w, https:\/\/www.upo.es\/investiga\/comintrad\/wp-content\/uploads\/2021\/11\/curso-CEP-co\u0301rdoba-ana-casas-2-Ana-Medina-Reguera-225x300.jpeg 225w, https:\/\/www.upo.es\/investiga\/comintrad\/wp-content\/uploads\/2021\/11\/curso-CEP-co\u0301rdoba-ana-casas-2-Ana-Medina-Reguera-540x720.jpeg 540w\" sizes=\"(max-width: 768px) 100vw, 768px\" \/><\/figure>\n\n\n\n<p><strong>Comparte esta noticia:<\/strong><\/p>\n\n\n\n\n\n<div style=\"height:76px\" aria-hidden=\"true\" class=\"wp-block-spacer\"><\/div>\n","protected":false},"excerpt":{"rendered":"<p>Ana Medina, directora del grupo COMINTRAD, participar\u00e1 en el Curso de formaci\u00f3n sobre diversidad funcional mot\u00f3rica titulado \u00abConceptualizaci\u00f3n, Valoraci\u00f3n e Intervenci\u00f3n Atenci\u00f3n Educativa Alumnado Discapacidad Mot\u00f3rica\u00bb para profesores&hellip;<\/p>\n","protected":false},"author":1,"featured_media":4576,"comment_status":"closed","ping_status":"open","sticky":false,"template":"","format":"standard","meta":{"footnotes":""},"categories":[208,21],"tags":[353,144],"class_list":["post-4570","post","type-post","status-publish","format-standard","has-post-thumbnail","hentry","category-actividades","category-noticias","tag-353","tag-ana-medina-es"],"_links":{"self":[{"href":"https:\/\/www.upo.es\/investiga\/comintrad\/wp-json\/wp\/v2\/posts\/4570"}],"collection":[{"href":"https:\/\/www.upo.es\/investiga\/comintrad\/wp-json\/wp\/v2\/posts"}],"about":[{"href":"https:\/\/www.upo.es\/investiga\/comintrad\/wp-json\/wp\/v2\/types\/post"}],"author":[{"embeddable":true,"href":"https:\/\/www.upo.es\/investiga\/comintrad\/wp-json\/wp\/v2\/users\/1"}],"replies":[{"embeddable":true,"href":"https:\/\/www.upo.es\/investiga\/comintrad\/wp-json\/wp\/v2\/comments?post=4570"}],"version-history":[{"count":3,"href":"https:\/\/www.upo.es\/investiga\/comintrad\/wp-json\/wp\/v2\/posts\/4570\/revisions"}],"predecessor-version":[{"id":4577,"href":"https:\/\/www.upo.es\/investiga\/comintrad\/wp-json\/wp\/v2\/posts\/4570\/revisions\/4577"}],"wp:featuredmedia":[{"embeddable":true,"href":"https:\/\/www.upo.es\/investiga\/comintrad\/wp-json\/wp\/v2\/media\/4576"}],"wp:attachment":[{"href":"https:\/\/www.upo.es\/investiga\/comintrad\/wp-json\/wp\/v2\/media?parent=4570"}],"wp:term":[{"taxonomy":"category","embeddable":true,"href":"https:\/\/www.upo.es\/investiga\/comintrad\/wp-json\/wp\/v2\/categories?post=4570"},{"taxonomy":"post_tag","embeddable":true,"href":"https:\/\/www.upo.es\/investiga\/comintrad\/wp-json\/wp\/v2\/tags?post=4570"}],"curies":[{"name":"wp","href":"https:\/\/api.w.org\/{rel}","templated":true}]}}