{"id":4613,"date":"2021-06-22T22:34:00","date_gmt":"2021-06-22T20:34:00","guid":{"rendered":"https:\/\/www.upo.es\/investiga\/comintrad\/?p=4613"},"modified":"2022-07-21T14:00:24","modified_gmt":"2022-07-21T12:00:24","slug":"comintrad-inaugura-capaces-de-comunicar","status":"publish","type":"post","link":"https:\/\/www.upo.es\/investiga\/comintrad\/comintrad-inaugura-capaces-de-comunicar\/","title":{"rendered":"COMINTRAD inaugura Capaces de Comunicar, un proyecto de divulgaci\u00f3n cient\u00edfica sobre los \u00faltimos avances de la inteligencia artificial en el \u00e1mbito de la CAA asistida por tecnolog\u00eda financiado por la FECYT"},"content":{"rendered":"\n<p>El grupo de investigaci\u00f3n COMINTRAD, liderado por Ana Medina Reguera, inaugura <em>Capaces de Comunicar<\/em>, un proyecto de divulgaci\u00f3n cient\u00edfica sobre los \u00faltimos avances de la inteligencia artificial en el \u00e1mbito de la Comunicaci\u00f3n Aumentativa y Alternativa asistida por tecnolog\u00eda.<\/p>\n\n\n\n<figure class=\"wp-block-image size-large\"><img loading=\"lazy\" decoding=\"async\" width=\"800\" height=\"533\" src=\"https:\/\/www.upo.es\/investiga\/comintrad\/wp-content\/uploads\/2021\/11\/JVM-20210414_0137.jpg\" alt=\"\" class=\"wp-image-4614\" srcset=\"https:\/\/www.upo.es\/investiga\/comintrad\/wp-content\/uploads\/2021\/11\/JVM-20210414_0137.jpg 800w, https:\/\/www.upo.es\/investiga\/comintrad\/wp-content\/uploads\/2021\/11\/JVM-20210414_0137-300x200.jpg 300w, https:\/\/www.upo.es\/investiga\/comintrad\/wp-content\/uploads\/2021\/11\/JVM-20210414_0137-768x512.jpg 768w, https:\/\/www.upo.es\/investiga\/comintrad\/wp-content\/uploads\/2021\/11\/JVM-20210414_0137-540x360.jpg 540w\" sizes=\"(max-width: 800px) 100vw, 800px\" \/><figcaption>Grupo de investigaci\u00f3n COMINTRAD<\/figcaption><\/figure>\n\n\n\n<p><em>Capaces de Comunicar<\/em> comenz\u00f3 el 22 de junio y es un proyecto de divulgaci\u00f3n cient\u00edfica de la Universidad Pablo de Olavide, realizado con la colaboraci\u00f3n de la Fundaci\u00f3n Espa\u00f1ola para la Ciencia y la Tecnolog\u00eda \u2013 Ministerio de Ciencia e Innovaci\u00f3n, que tiene como objetivo visibilizar y divulgar la investigaci\u00f3n y la tecnolog\u00eda propias del \u00e1mbito de la Comunicaci\u00f3n Aumentativa y Alternativa asistida por tecnolog\u00eda. La Comunicaci\u00f3n Aumentativa y Alternativa (CAA) proporciona modos alternativos al habla natural, mejorando la vida de las personas sin lenguaje oral y favoreciendo su inclusi\u00f3n educativa y sociolaboral. Los contenidos del proyecto se publicar\u00e1n gradualmente desde el 22 de junio hasta mediados de septiembre y y estar\u00e1n disponibles en la web <a href=\"http:\/\/www.capacesdecomunicar.es\/\">www.capacesdecomunicar.es<\/a><\/p>\n\n\n\n<figure class=\"wp-block-image size-large\"><img loading=\"lazy\" decoding=\"async\" width=\"1024\" height=\"577\" src=\"https:\/\/www.upo.es\/investiga\/comintrad\/wp-content\/uploads\/2021\/11\/222113853_125165036483323_4190845182889223661_n-1024x577.png\" alt=\"\" class=\"wp-image-4615\" srcset=\"https:\/\/www.upo.es\/investiga\/comintrad\/wp-content\/uploads\/2021\/11\/222113853_125165036483323_4190845182889223661_n-1024x577.png 1024w, https:\/\/www.upo.es\/investiga\/comintrad\/wp-content\/uploads\/2021\/11\/222113853_125165036483323_4190845182889223661_n-300x169.png 300w, https:\/\/www.upo.es\/investiga\/comintrad\/wp-content\/uploads\/2021\/11\/222113853_125165036483323_4190845182889223661_n-768x433.png 768w, https:\/\/www.upo.es\/investiga\/comintrad\/wp-content\/uploads\/2021\/11\/222113853_125165036483323_4190845182889223661_n-1536x865.png 1536w, https:\/\/www.upo.es\/investiga\/comintrad\/wp-content\/uploads\/2021\/11\/222113853_125165036483323_4190845182889223661_n-540x304.png 540w, https:\/\/www.upo.es\/investiga\/comintrad\/wp-content\/uploads\/2021\/11\/222113853_125165036483323_4190845182889223661_n-1080x608.png 1080w, https:\/\/www.upo.es\/investiga\/comintrad\/wp-content\/uploads\/2021\/11\/222113853_125165036483323_4190845182889223661_n.png 1640w\" sizes=\"(max-width: 1024px) 100vw, 1024px\" \/><figcaption>Cartel de Capaces de Comunicar, Jornadas Internacionales de Comunicaci\u00f3n Aumentativa y Alternativa asistida por tecnolog\u00eda de la Universidad Pablo de Olavide<\/figcaption><\/figure>\n\n\n\n<figure class=\"wp-block-image size-large\"><img loading=\"lazy\" decoding=\"async\" width=\"1024\" height=\"683\" src=\"https:\/\/www.upo.es\/investiga\/comintrad\/wp-content\/uploads\/2021\/11\/capacesdecomunicar01-1024x683.jpeg\" alt=\"\" class=\"wp-image-4616\" srcset=\"https:\/\/www.upo.es\/investiga\/comintrad\/wp-content\/uploads\/2021\/11\/capacesdecomunicar01-1024x683.jpeg 1024w, https:\/\/www.upo.es\/investiga\/comintrad\/wp-content\/uploads\/2021\/11\/capacesdecomunicar01-300x200.jpeg 300w, https:\/\/www.upo.es\/investiga\/comintrad\/wp-content\/uploads\/2021\/11\/capacesdecomunicar01-768x512.jpeg 768w, https:\/\/www.upo.es\/investiga\/comintrad\/wp-content\/uploads\/2021\/11\/capacesdecomunicar01-1536x1024.jpeg 1536w, https:\/\/www.upo.es\/investiga\/comintrad\/wp-content\/uploads\/2021\/11\/capacesdecomunicar01-2048x1366.jpeg 2048w, https:\/\/www.upo.es\/investiga\/comintrad\/wp-content\/uploads\/2021\/11\/capacesdecomunicar01-540x360.jpeg 540w, https:\/\/www.upo.es\/investiga\/comintrad\/wp-content\/uploads\/2021\/11\/capacesdecomunicar01-1080x720.jpeg 1080w, https:\/\/www.upo.es\/investiga\/comintrad\/wp-content\/uploads\/2021\/11\/capacesdecomunicar01-1980x1320.jpeg 1980w\" sizes=\"(max-width: 1024px) 100vw, 1024px\" \/><figcaption>Imagen de la rueda de prensa de Capaces de Comunicar<\/figcaption><\/figure>\n\n\n\n<p><em>Capaces de Comunicar<\/em> es un proyecto de divulgaci\u00f3n cient\u00edfica muy innovador por la tem\u00e1tica de sus contenidos y por su formato de presentaci\u00f3n. Consta de un ciclo de 12 v\u00eddeo-entrevistas en el que participan expertos en CAA y en la tecnolog\u00eda de apoyo para la CAA de varios pa\u00edses, aportando testimonios muy valiosos desde la investigaci\u00f3n, la empresa, las instituciones y las personas usuarias de esta tecnolog\u00eda.<\/p>\n\n\n\n<figure class=\"wp-block-image size-large is-resized\"><img loading=\"lazy\" decoding=\"async\" src=\"https:\/\/www.upo.es\/investiga\/comintrad\/wp-content\/uploads\/2021\/11\/capacesdecomunicar03-1024x683.jpeg\" alt=\"\" class=\"wp-image-4617\" width=\"630\" height=\"420\" srcset=\"https:\/\/www.upo.es\/investiga\/comintrad\/wp-content\/uploads\/2021\/11\/capacesdecomunicar03-1024x683.jpeg 1024w, https:\/\/www.upo.es\/investiga\/comintrad\/wp-content\/uploads\/2021\/11\/capacesdecomunicar03-300x200.jpeg 300w, https:\/\/www.upo.es\/investiga\/comintrad\/wp-content\/uploads\/2021\/11\/capacesdecomunicar03-768x512.jpeg 768w, https:\/\/www.upo.es\/investiga\/comintrad\/wp-content\/uploads\/2021\/11\/capacesdecomunicar03-1536x1024.jpeg 1536w, https:\/\/www.upo.es\/investiga\/comintrad\/wp-content\/uploads\/2021\/11\/capacesdecomunicar03-2048x1366.jpeg 2048w, https:\/\/www.upo.es\/investiga\/comintrad\/wp-content\/uploads\/2021\/11\/capacesdecomunicar03-540x360.jpeg 540w, https:\/\/www.upo.es\/investiga\/comintrad\/wp-content\/uploads\/2021\/11\/capacesdecomunicar03-1080x720.jpeg 1080w, https:\/\/www.upo.es\/investiga\/comintrad\/wp-content\/uploads\/2021\/11\/capacesdecomunicar03-1980x1320.jpeg 1980w\" sizes=\"(max-width: 630px) 100vw, 630px\" \/><figcaption>Ana Medina Reguera presentando en la rueda de prensa de Capaces de Comunicar<\/figcaption><\/figure>\n\n\n\n<p>Tal y como explica la Dra Ana Medina Reguera, investigadora principal y profesora titular del Departamento de Filolog\u00eda y Traducci\u00f3n de la Universidad Pablo de Olavide, \u201cse trata de las primeras jornadas internacionales y virtuales de comunicaci\u00f3n aumentativa y alternativa organizadas por esta universidad. Para ello hemos realizado 12 entrevistas con 14 expertos en las que se abordan, de manera divulgativa y rigurosa, cuestiones relacionadas con los ratones oculares (eye-trackers), opciones para acceder al ordenador de forma no convencional (conmutadores), las voces artificiales, proyectos de interfaz cerebro-ordenador, as\u00ed como la inteligencia artificial que subyace a estos mecanismos. Nuestro objetivo es divulgar los \u00faltimos avances existentes en el \u00e1mbito de la Comunicaci\u00f3n Aumentativa y Alternativa asistida por tecnolog\u00eda con el fin \u00faltimo de mejorar la vida de las personas sin lenguaje oral o con lenguaje oral restringido\u201d.<\/p>\n\n\n\n<figure class=\"wp-block-image size-large\"><img loading=\"lazy\" decoding=\"async\" width=\"683\" height=\"1024\" src=\"https:\/\/www.upo.es\/investiga\/comintrad\/wp-content\/uploads\/2021\/11\/capacesdecomunicar06-scaled-1-683x1024.jpeg\" alt=\"\" class=\"wp-image-4618\" srcset=\"https:\/\/www.upo.es\/investiga\/comintrad\/wp-content\/uploads\/2021\/11\/capacesdecomunicar06-scaled-1-683x1024.jpeg 683w, https:\/\/www.upo.es\/investiga\/comintrad\/wp-content\/uploads\/2021\/11\/capacesdecomunicar06-scaled-1-200x300.jpeg 200w, https:\/\/www.upo.es\/investiga\/comintrad\/wp-content\/uploads\/2021\/11\/capacesdecomunicar06-scaled-1-768x1152.jpeg 768w, https:\/\/www.upo.es\/investiga\/comintrad\/wp-content\/uploads\/2021\/11\/capacesdecomunicar06-scaled-1-1024x1536.jpeg 1024w, https:\/\/www.upo.es\/investiga\/comintrad\/wp-content\/uploads\/2021\/11\/capacesdecomunicar06-scaled-1-1366x2048.jpeg 1366w, https:\/\/www.upo.es\/investiga\/comintrad\/wp-content\/uploads\/2021\/11\/capacesdecomunicar06-scaled-1-540x810.jpeg 540w, https:\/\/www.upo.es\/investiga\/comintrad\/wp-content\/uploads\/2021\/11\/capacesdecomunicar06-scaled-1-1080x1620.jpeg 1080w, https:\/\/www.upo.es\/investiga\/comintrad\/wp-content\/uploads\/2021\/11\/capacesdecomunicar06-scaled-1.jpeg 1707w\" sizes=\"(max-width: 683px) 100vw, 683px\" \/><figcaption>Ana Medina en la rueda de prensa de <em>Capaces de Comunicar<\/em><\/figcaption><\/figure>\n\n\n\n<p><em>Capaces de Comunicar<\/em> finalizar\u00e1 en septiembre con un webinario de clausura titulado \u201c<em>CAA: Retos de futuro<\/em>\u201d en el que participar\u00e1n responsables de distintas organizaciones dedicadas a la alfabetizaci\u00f3n y concienciaci\u00f3n del uso de la CAA para personas con lenguaje oral restringido o sin lenguaje oral, como la asociaci\u00f3n AlfaSAAC y la Fundaci\u00f3n Romper Barreras.<\/p>\n\n\n\n<p><em>Capaces de Comunicar<\/em> est\u00e1 dirigido al p\u00fablico general, aunque es de especial inter\u00e9s para varios grupos o colectivos entre los que figuran las personas con discapacidad (j\u00f3venes y adultos) y sus familiares, maestros de primaria, secundaria, audici\u00f3n y lenguaje y de pedagog\u00eda terap\u00e9utica, orientadores escolares, logopedas, terapeutas ocupacionales, fisioterapeutas, psic\u00f3logos, pediatras y m\u00e9dicos generalistas, profesionales de centros de atenci\u00f3n temprana, de centros de educaci\u00f3n especial, expertos en accesibilidad y en traducci\u00f3n accesible, trabajadores y educadores sociales, ingenieros inform\u00e1ticos y estudiantes en general.<\/p>\n\n\n\n<p><em>Capaces de Comunicar<\/em> es un proyecto de la Universidad Pablo de Olavide, organizado por el grupo de investigaci\u00f3n COMINTRAD, con la colaboraci\u00f3n de la Fundaci\u00f3n Espa\u00f1ola para la Ciencia y la Tecnolog\u00eda \u2013 Ministerio de Ciencia e Innovaci\u00f3n y otras organizaciones como la asociaci\u00f3n <a href=\"http:\/\/alfasaac.com\" target=\"_blank\" rel=\"noreferrer noopener\">AlfaSAAC<\/a>, <a href=\"https:\/\/www.cermiandalucia.es\/\" target=\"_blank\" rel=\"noreferrer noopener\">CERMI Andaluc\u00eda<\/a>, <a href=\"https:\/\/www.aspacesevilla.org\/\" target=\"_blank\" rel=\"noreferrer noopener\">ASPACE Sevilla<\/a> y la <a href=\"https:\/\/www.romperbarreras.org\/\" target=\"_blank\" rel=\"noreferrer noopener\">Fundaci\u00f3n Romper Barreras<\/a>.<\/p>\n\n\n\n<p>Puedes consultar m\u00e1s informaci\u00f3n sobre este proyecto y el programa completo del ciclo de entrevistas en la web <strong><a href=\"http:\/\/www.capacesdecomunicar.es\" target=\"_blank\" rel=\"noreferrer noopener\">www.capacesdecomunicar.es.<\/a><\/strong><\/p>\n","protected":false},"excerpt":{"rendered":"<p>El grupo de investigaci\u00f3n COMINTRAD, liderado por Ana Medina Reguera, inaugura Capaces de Comunicar, un proyecto de divulgaci\u00f3n cient\u00edfica sobre los \u00faltimos avances de la inteligencia artificial en&hellip;<\/p>\n","protected":false},"author":1,"featured_media":4621,"comment_status":"closed","ping_status":"open","sticky":false,"template":"","format":"standard","meta":{"footnotes":""},"categories":[208,89,24,21],"tags":[353,25],"class_list":["post-4613","post","type-post","status-publish","format-standard","has-post-thumbnail","hentry","category-actividades","category-eventos","category-jornadas","category-noticias","tag-353","tag-capacesdecomunicar"],"_links":{"self":[{"href":"https:\/\/www.upo.es\/investiga\/comintrad\/wp-json\/wp\/v2\/posts\/4613"}],"collection":[{"href":"https:\/\/www.upo.es\/investiga\/comintrad\/wp-json\/wp\/v2\/posts"}],"about":[{"href":"https:\/\/www.upo.es\/investiga\/comintrad\/wp-json\/wp\/v2\/types\/post"}],"author":[{"embeddable":true,"href":"https:\/\/www.upo.es\/investiga\/comintrad\/wp-json\/wp\/v2\/users\/1"}],"replies":[{"embeddable":true,"href":"https:\/\/www.upo.es\/investiga\/comintrad\/wp-json\/wp\/v2\/comments?post=4613"}],"version-history":[{"count":3,"href":"https:\/\/www.upo.es\/investiga\/comintrad\/wp-json\/wp\/v2\/posts\/4613\/revisions"}],"predecessor-version":[{"id":4624,"href":"https:\/\/www.upo.es\/investiga\/comintrad\/wp-json\/wp\/v2\/posts\/4613\/revisions\/4624"}],"wp:featuredmedia":[{"embeddable":true,"href":"https:\/\/www.upo.es\/investiga\/comintrad\/wp-json\/wp\/v2\/media\/4621"}],"wp:attachment":[{"href":"https:\/\/www.upo.es\/investiga\/comintrad\/wp-json\/wp\/v2\/media?parent=4613"}],"wp:term":[{"taxonomy":"category","embeddable":true,"href":"https:\/\/www.upo.es\/investiga\/comintrad\/wp-json\/wp\/v2\/categories?post=4613"},{"taxonomy":"post_tag","embeddable":true,"href":"https:\/\/www.upo.es\/investiga\/comintrad\/wp-json\/wp\/v2\/tags?post=4613"}],"curies":[{"name":"wp","href":"https:\/\/api.w.org\/{rel}","templated":true}]}}