{"id":5538,"date":"2022-07-20T19:19:00","date_gmt":"2022-07-20T17:19:00","guid":{"rendered":"https:\/\/www.upo.es\/investiga\/comintrad\/?p=5538"},"modified":"2022-12-06T15:45:43","modified_gmt":"2022-12-06T14:45:43","slug":"seminario-el-derecho-a-comprender-analisis-social-y-juridico-en-torno-a-la-accesibilidad-cognitiva","status":"publish","type":"post","link":"https:\/\/www.upo.es\/investiga\/comintrad\/seminario-el-derecho-a-comprender-analisis-social-y-juridico-en-torno-a-la-accesibilidad-cognitiva\/","title":{"rendered":"Seminario &#8216;El derecho a comprender: an\u00e1lisis social y jur\u00eddico en torno a la accesibilidad cognitiva&#8217;"},"content":{"rendered":"\n<figure class=\"wp-block-image size-full is-resized\"><img loading=\"lazy\" decoding=\"async\" src=\"https:\/\/www.upo.es\/investiga\/comintrad\/wp-content\/uploads\/2022\/09\/507_2.jpg\" alt=\"\" class=\"wp-image-5540\" width=\"563\" height=\"316\" srcset=\"https:\/\/www.upo.es\/investiga\/comintrad\/wp-content\/uploads\/2022\/09\/507_2.jpg 360w, https:\/\/www.upo.es\/investiga\/comintrad\/wp-content\/uploads\/2022\/09\/507_2-300x168.jpg 300w\" sizes=\"(max-width: 563px) 100vw, 563px\" \/><\/figure>\n\n\n\n<p>El Centro Espa\u00f1ol de Documentaci\u00f3n e Investigaci\u00f3n sobre Discapacidad (CEDID) del Real Patronato sobre Discapacidad ha organizado el 20 de julio el&nbsp;<strong>seminario \u2018El derecho a comprender: an\u00e1lisis social y jur\u00eddico en torno a la accesibilidad cognitiva\u2019.<\/strong><\/p>\n\n\n\n<p>Moderado por Carmen M\u00e1rquez, del CEDID, han conversado tres acad\u00e9micos con una gran experiencia en accesibilidad cognitiva:&nbsp;<\/p>\n\n\n\n<ul class=\"wp-block-list\"><li><strong>Miguel \u00c1ngel Verdugo<\/strong>, catedr\u00e1tico de Psicolog\u00eda de la Discapacidad en la Universidad de Salamanca y director del Instituto Universitario de Integraci\u00f3n en la Comunidad.<\/li><li><strong>Yolanda de la Fuente<\/strong>, catedr\u00e1tica de Trabajo Social de la Universidad de Ja\u00e9n y directora del grupo de investigaci\u00f3n G\u00e9nero, Dependencia y Exclusi\u00f3n Social.&nbsp;<\/li><li><strong>Ana Medina Reguera<\/strong>, profesora titular de Filolog\u00eda y Traducci\u00f3n de la Universidad Pablo de Olavide de Sevilla y directora del grupo de investigaci\u00f3n COMINTRAD.<\/li><\/ul>\n\n\n\n<p>Puede leerse un resumen del webinario aqu\u00ed:<\/p>\n\n\n\n<p><a href=\"https:\/\/www.cedid.es\/es\/actualidad\/noticias\/todas-las-personas-debemos-implicarnos-en-la-accesibilidad-cognitiva-para-lograr-una-sociedad-mas-inclusiva\/0-508\/\">\u00abTodas las personas debemos implicarnos en la accesibilidad cognitiva para lograr una sociedad m\u00e1s inclusiva\u00bb Centro Espa\u00f1ol de Documentaci\u00f3n e Investigaci\u00f3n sobre Discapacidad (CEDID)<\/a><\/p>\n","protected":false},"excerpt":{"rendered":"<p>El Centro Espa\u00f1ol de Documentaci\u00f3n e Investigaci\u00f3n sobre Discapacidad (CEDID) del Real Patronato sobre Discapacidad ha organizado el 20 de julio el&nbsp;seminario \u2018El derecho a comprender: an\u00e1lisis social&hellip;<\/p>\n","protected":false},"author":3,"featured_media":5539,"comment_status":"closed","ping_status":"open","sticky":false,"template":"","format":"standard","meta":{"footnotes":""},"categories":[21],"tags":[378,177,144,111],"class_list":["post-5538","post","type-post","status-publish","format-standard","has-post-thumbnail","hentry","category-noticias","tag-2022-es","tag-accesibilidad","tag-ana-medina-es","tag-traduccion-accesible"],"_links":{"self":[{"href":"https:\/\/www.upo.es\/investiga\/comintrad\/wp-json\/wp\/v2\/posts\/5538"}],"collection":[{"href":"https:\/\/www.upo.es\/investiga\/comintrad\/wp-json\/wp\/v2\/posts"}],"about":[{"href":"https:\/\/www.upo.es\/investiga\/comintrad\/wp-json\/wp\/v2\/types\/post"}],"author":[{"embeddable":true,"href":"https:\/\/www.upo.es\/investiga\/comintrad\/wp-json\/wp\/v2\/users\/3"}],"replies":[{"embeddable":true,"href":"https:\/\/www.upo.es\/investiga\/comintrad\/wp-json\/wp\/v2\/comments?post=5538"}],"version-history":[{"count":2,"href":"https:\/\/www.upo.es\/investiga\/comintrad\/wp-json\/wp\/v2\/posts\/5538\/revisions"}],"predecessor-version":[{"id":5616,"href":"https:\/\/www.upo.es\/investiga\/comintrad\/wp-json\/wp\/v2\/posts\/5538\/revisions\/5616"}],"wp:featuredmedia":[{"embeddable":true,"href":"https:\/\/www.upo.es\/investiga\/comintrad\/wp-json\/wp\/v2\/media\/5539"}],"wp:attachment":[{"href":"https:\/\/www.upo.es\/investiga\/comintrad\/wp-json\/wp\/v2\/media?parent=5538"}],"wp:term":[{"taxonomy":"category","embeddable":true,"href":"https:\/\/www.upo.es\/investiga\/comintrad\/wp-json\/wp\/v2\/categories?post=5538"},{"taxonomy":"post_tag","embeddable":true,"href":"https:\/\/www.upo.es\/investiga\/comintrad\/wp-json\/wp\/v2\/tags?post=5538"}],"curies":[{"name":"wp","href":"https:\/\/api.w.org\/{rel}","templated":true}]}}