{"id":5576,"date":"2022-10-28T21:24:00","date_gmt":"2022-10-28T19:24:00","guid":{"rendered":"https:\/\/www.upo.es\/investiga\/comintrad\/?p=5576"},"modified":"2025-07-30T14:28:07","modified_gmt":"2025-07-30T12:28:07","slug":"mesa-redonda-sobre-investigacion-y-transferencia-de-la-auneti","status":"publish","type":"post","link":"https:\/\/www.upo.es\/investiga\/comintrad\/mesa-redonda-sobre-investigacion-y-transferencia-de-la-auneti\/","title":{"rendered":"Mesa redonda sobre investigaci\u00f3n y transferencia de la AUnETI"},"content":{"rendered":"\n<figure class=\"wp-block-image size-full\"><img loading=\"lazy\" decoding=\"async\" width=\"900\" height=\"676\" src=\"https:\/\/www.upo.es\/investiga\/comintrad\/wp-content\/uploads\/2022\/11\/IMG-1453.jpg\" alt=\"\" class=\"wp-image-5577\" srcset=\"https:\/\/www.upo.es\/investiga\/comintrad\/wp-content\/uploads\/2022\/11\/IMG-1453.jpg 900w, https:\/\/www.upo.es\/investiga\/comintrad\/wp-content\/uploads\/2022\/11\/IMG-1453-300x225.jpg 300w, https:\/\/www.upo.es\/investiga\/comintrad\/wp-content\/uploads\/2022\/11\/IMG-1453-768x577.jpg 768w, https:\/\/www.upo.es\/investiga\/comintrad\/wp-content\/uploads\/2022\/11\/IMG-1453-540x406.jpg 540w\" sizes=\"(max-width: 900px) 100vw, 900px\" \/><figcaption>Mesa redonda de la AUnETI en Carmona<\/figcaption><\/figure>\n\n\n\n<p>Durante la asamblea general de la Asociaci\u00f3n de Universidades del Estado Espa\u00f1ol con Estudios Oficiales de Traducci\u00f3n e Interpretaci\u00f3n (AUnETI) se ha celebrado el viernes 28 de octubre la mesa redonda \u00abInvestigaci\u00f3n y transferencia en Traducci\u00f3n e Interpretaci\u00f3n: nuevos roles y nuevos servicios\u00bb, en la que ha participado Ana Medina, junto a Mari\u00e1n Mor\u00f3n y Juan Antonio Prieto. La mesa estuvo moderada por la profesora Nuria Ponce.<\/p>\n\n\n\n<p>Durante la mesa redonda, celebrada en la Sede Olavide en Carmona, se han presentado los proyectos en curso de investigaci\u00f3n y transferencia del departamento de Filolog\u00eda y Traducci\u00f3n de la UPO, que son actualmente dirigidos por estos tres investigadores. En concreto, Ana Medina present\u00f3 COMVENCE (un proyecto FEDER financiado por la Junta de Andaluc\u00eda) y VISUALECT (un I+D nacional codirigido junto a Juan Antonio Prieto). La profesora Mor\u00f3n present\u00f3 el proyecto CLOSER-INT y el profesor Prieto expuso su proyecto del Plan Propio de investigaci\u00f3n de la UPO, Inclu-MED.  <\/p>\n\n\n\n<p>M\u00e1s informaci\u00f3n: <a href=\"https:\/\/www.upo.es\/diario\/docencia-formacion\/2022\/10\/asamblea-general-auneti-carmona\/\">El rector inaugura en la sede Olavide en Carmona la asamblea general de la AUnETI \u2013 DUPO \u2013 Diario de la Universidad Pablo de Olavide<\/a><\/p>\n\n\n\n<p>Programa: <a href=\"https:\/\/eventos.upo.es\/87821\/files\/reunion-anual-de-la-auneti.html\">Reuni\u00f3n anual de la AUnETI &#8211; Programa (upo.es)<\/a><\/p>\n","protected":false},"excerpt":{"rendered":"<p>Durante la asamblea general de la Asociaci\u00f3n de Universidades del Estado Espa\u00f1ol con Estudios Oficiales de Traducci\u00f3n e Interpretaci\u00f3n (AUnETI) se ha celebrado el viernes 28 de octubre&hellip;<\/p>\n","protected":false},"author":3,"featured_media":5577,"comment_status":"closed","ping_status":"open","sticky":false,"template":"","format":"standard","meta":{"footnotes":""},"categories":[21],"tags":[378,144,109,469],"class_list":["post-5576","post","type-post","status-publish","format-standard","has-post-thumbnail","hentry","category-noticias","tag-2022-es","tag-ana-medina-es","tag-miembro-comintrad-es","tag-proyecto-visualect"],"_links":{"self":[{"href":"https:\/\/www.upo.es\/investiga\/comintrad\/wp-json\/wp\/v2\/posts\/5576"}],"collection":[{"href":"https:\/\/www.upo.es\/investiga\/comintrad\/wp-json\/wp\/v2\/posts"}],"about":[{"href":"https:\/\/www.upo.es\/investiga\/comintrad\/wp-json\/wp\/v2\/types\/post"}],"author":[{"embeddable":true,"href":"https:\/\/www.upo.es\/investiga\/comintrad\/wp-json\/wp\/v2\/users\/3"}],"replies":[{"embeddable":true,"href":"https:\/\/www.upo.es\/investiga\/comintrad\/wp-json\/wp\/v2\/comments?post=5576"}],"version-history":[{"count":1,"href":"https:\/\/www.upo.es\/investiga\/comintrad\/wp-json\/wp\/v2\/posts\/5576\/revisions"}],"predecessor-version":[{"id":5578,"href":"https:\/\/www.upo.es\/investiga\/comintrad\/wp-json\/wp\/v2\/posts\/5576\/revisions\/5578"}],"wp:featuredmedia":[{"embeddable":true,"href":"https:\/\/www.upo.es\/investiga\/comintrad\/wp-json\/wp\/v2\/media\/5577"}],"wp:attachment":[{"href":"https:\/\/www.upo.es\/investiga\/comintrad\/wp-json\/wp\/v2\/media?parent=5576"}],"wp:term":[{"taxonomy":"category","embeddable":true,"href":"https:\/\/www.upo.es\/investiga\/comintrad\/wp-json\/wp\/v2\/categories?post=5576"},{"taxonomy":"post_tag","embeddable":true,"href":"https:\/\/www.upo.es\/investiga\/comintrad\/wp-json\/wp\/v2\/tags?post=5576"}],"curies":[{"name":"wp","href":"https:\/\/api.w.org\/{rel}","templated":true}]}}